{"id":248973,"date":"2024-12-29T09:00:00","date_gmt":"2024-12-29T07:00:00","guid":{"rendered":"https:\/\/www.tucomarca.com\/wordpress\/segunda\/?p=248973"},"modified":"2024-12-29T22:28:42","modified_gmt":"2024-12-29T20:28:42","slug":"riba-roja-aprova-una-polissa-de-credit-de-43-milions-deuros-per-a-afrontar-les-necessitats-de-la-dana","status":"publish","type":"post","link":"https:\/\/www.tucomarca.com\/wordpress\/segunda\/ca\/riba-roja-aprova-una-polissa-de-credit-de-43-milions-deuros-per-a-afrontar-les-necessitats-de-la-dana\/","title":{"rendered":"Riba-roja aprova una p\u00f2lissa de cr\u00e8dit de 4\u20193 milions d&#8217;euros per a afrontar les necessitats de la DANA"},"content":{"rendered":"\n<h3 class=\"wp-block-heading\">L&#8217;equip de govern referenda una operaci\u00f3 de tresoreria per a obtindre liquiditat davant la previsi\u00f3 d&#8217;una reducci\u00f3 notable en els ingressos ordinaris.<\/h3>\n\n\n\n<p>El ple de l&#8217;Ajuntament de Riba-roja de T\u00faria ha aprovat la sol\u00b7licitud d&#8217;una p\u00f2lissa de cr\u00e8dit per valor de 4\u20193 milions d&#8217;euros per a afrontar les necessitats econ\u00f2miques derivades de la Dana (depressi\u00f3 a\u00efllada en nivells alts) ocorreguda el passat 29 d&#8217;octubre i que va afectar el terme municipal, especialment les \u00e0rees industrials i, tamb\u00e9, en algunes urbanitzacions i \u00e0rees residencials.<\/p>\n\n\n\n<p>Aquesta operaci\u00f3 t\u00e9 com a objectiu principal generar una liquiditat econ\u00f2mica davant la previsible minoraci\u00f3 d&#8217;ingressos ordinaris en les arques municipals a conseq\u00fc\u00e8ncia de la Dana. La p\u00f2lissa de cr\u00e8dit s&#8217;ha aprovat amb els vots favorables de l&#8217;equip de govern de Riba-roja de T\u00faria, els vots en contra del Partit Popular i l&#8217;abstenci\u00f3 de la resta de formacions pol\u00edtiques: Comprom\u00eds, Vox i Esquerra Unida Podem.<\/p>\n\n\n\n<p>La p\u00f2lissa de cr\u00e8dit est\u00e0 exempta de despeses i comissions d&#8217;obertura, a difer\u00e8ncia dels tradicionals pr\u00e9stecs bancaris, i nom\u00e9s es paguen els interessos en funci\u00f3 de la quantitat que es dispose a cada moment. L&#8217;Ajuntament de Riba-roja de T\u00faria utilitzar\u00e0 aquesta operaci\u00f3 de tresoreria per a compensar la minoraci\u00f3 d&#8217;alguns impostos i taxes que l&#8217;any vinent es produir\u00e0 a conseq\u00fc\u00e8ncia de la Dana.<\/p>\n\n\n\n<p>Els 4\u20193 milions d&#8217;euros corresponents a aquesta operaci\u00f3 de cr\u00e8dit serviran per a finan\u00e7ar els m\u00e9s de 2 milions d&#8217;euros que, de moment, ja han destinat les arques municipals corresponents als contractes p\u00fablics d&#8217;emerg\u00e8ncia i altres conting\u00e8ncies formalitzats al llarg dels dos \u00faltims mesos. Els contractes s&#8217;han enfocat, entre altres, a labors de neteja i neteja de tots els camins i carreteres danyades per la Dana.<\/p>\n\n\n\n<p>Cal recordar que a conseq\u00fc\u00e8ncia de la citada Dana van resultar danyes a Riba-roja de T\u00faria m\u00e9s de 6 milions de metres quadrats dels pol\u00edgons industrials situats en la part sud del terme municipal i en determinades \u00e0rees residencials com la Reva, la pedania de l\u2019Oliveral, Els Pous, Val\u00e8ncia la Vella i els ve\u00efns afectats en el conegut com cam\u00ed dels \u00c0nimes. Els primers estudis elaborats pels t\u00e8cnics municipals fixen en al voltant de 12 milions d&#8217;euros el cost de la reconstrucci\u00f3 de les \u00e0rees industrials danyades per la Dana, especialment en mat\u00e8ria d&#8217;infraestructures.<br>A m\u00e9s, l&#8217;Ajuntament de Riba-roja de T\u00faria situa en 6 milions d&#8217;euros la quantitat que disminuir\u00e0 en termes d&#8217;ingressos ordinaris per les diverses exempcions en l&#8217;impost d&#8217;activitats econ\u00f2miques (IAE), imposat de b\u00e9ns immobles (IBI), o impostos de construccions, instal\u00b7lacions i obres (ICIO), a m\u00e9s de la morositat que es derivar\u00e0 de la situaci\u00f3 econ\u00f2mica per la Dana.<\/p>\n\n\n\n<p>L&#8217;equip de govern de Riba-roja de T\u00faria est\u00e0 a l&#8217;espera de l&#8217;arribada de les subvencions i ajudes econ\u00f2miques per part de la resta de les administracions p\u00fabliques, la Generalitat Valenciana, l&#8217;Estat i la Diputaci\u00f3 de Val\u00e8ncia. De moment, la Generalitat ha concedit una ajuda de 200.000 euros per a diverses despeses de conting\u00e8ncia que, en la pr\u00e0ctica, encara no s&#8217;ha materialitzat.<\/p>\n\n\n\n<p>Per part seua, l&#8217;Estat s&#8217;encarregar\u00e0 d&#8217;abonar els m\u00e9s de 2 milions d&#8217;euros que ha destinat fins ara l&#8217;Ajuntament de Riba-roja de T\u00faria en termes de contractes d&#8217;emerg\u00e8ncia mentre que els m\u00e9s de 12 milions d&#8217;euros corresponents a la reconstrucci\u00f3 de les \u00e0rees afectades encara estan a costa de con\u00e9ixer l&#8217;administraci\u00f3 que assumir\u00e0 el seu finan\u00e7ament.<\/p>\n\n\n\n<p>L&#8217;alcalde de Riba-roja de T\u00faria, Robert Raga, ha lamentat \u201cl&#8217;actitud del Partit Popular i del seu portaveu, Alberto Gimeno, per no donar suport a aquesta p\u00f2lissa de cr\u00e8dit en una situaci\u00f3 molt important per al nostre municipi ja que es tracta d&#8217;uns diners per a continuar amb les despeses i els contractes d&#8217;emerg\u00e8ncia derivats de la Dana, en una conjuntura que suposar\u00e0 una reducci\u00f3 notable dels ingressos ordinaris en el pressupost\u201d.<\/p>\n","protected":false},"excerpt":{"rendered":"<div class=\"mh-excerpt\">L&#8217;equip de govern referenda una operaci\u00f3 de tresoreria per a obtindre liquiditat davant la previsi\u00f3 d&#8217;una reducci\u00f3 notable en els ingressos ordinaris. El ple de l&#8217;Ajuntament de Riba-roja de T\u00faria ha aprovat la sol\u00b7licitud d&#8217;una <a class=\"mh-excerpt-more\" href=\"https:\/\/www.tucomarca.com\/wordpress\/segunda\/ca\/riba-roja-aprova-una-polissa-de-credit-de-43-milions-deuros-per-a-afrontar-les-necessitats-de-la-dana\/\" title=\"Riba-roja aprova una p\u00f2lissa de cr\u00e8dit de 4\u20193 milions d&#8217;euros per a afrontar les necessitats de la DANA\">[+] <\/a><\/div>\n","protected":false},"author":12,"featured_media":248972,"comment_status":"open","ping_status":"open","sticky":false,"template":"","format":"standard","meta":{"footnotes":""},"categories":[10892,21466,10898,10948,10894,10904,10947,10906,10896],"tags":[10899,15409,15024],"class_list":{"0":"post-248973","1":"post","2":"type-post","3":"status-publish","4":"format-standard","5":"has-post-thumbnail","7":"category-camp-de-turia-ca","8":"category-dana-ca","9":"category-ventana-ca","10":"category-infraestructuras-ca","11":"category-la-comarca-ca","12":"category-sin-categorizar-ca","13":"category-politica","14":"category-riba-roja-ca","15":"category-seccion-ca","16":"tag-camp-de-turia-ca","17":"tag-dana-2-ca","18":"tag-riba-roja-de-turia-ca"},"_links":{"self":[{"href":"https:\/\/www.tucomarca.com\/wordpress\/segunda\/ca\/wp-json\/wp\/v2\/posts\/248973","targetHints":{"allow":["GET"]}}],"collection":[{"href":"https:\/\/www.tucomarca.com\/wordpress\/segunda\/ca\/wp-json\/wp\/v2\/posts"}],"about":[{"href":"https:\/\/www.tucomarca.com\/wordpress\/segunda\/ca\/wp-json\/wp\/v2\/types\/post"}],"author":[{"embeddable":true,"href":"https:\/\/www.tucomarca.com\/wordpress\/segunda\/ca\/wp-json\/wp\/v2\/users\/12"}],"replies":[{"embeddable":true,"href":"https:\/\/www.tucomarca.com\/wordpress\/segunda\/ca\/wp-json\/wp\/v2\/comments?post=248973"}],"version-history":[{"count":0,"href":"https:\/\/www.tucomarca.com\/wordpress\/segunda\/ca\/wp-json\/wp\/v2\/posts\/248973\/revisions"}],"wp:featuredmedia":[{"embeddable":true,"href":"https:\/\/www.tucomarca.com\/wordpress\/segunda\/ca\/wp-json\/wp\/v2\/media\/248972"}],"wp:attachment":[{"href":"https:\/\/www.tucomarca.com\/wordpress\/segunda\/ca\/wp-json\/wp\/v2\/media?parent=248973"}],"wp:term":[{"taxonomy":"category","embeddable":true,"href":"https:\/\/www.tucomarca.com\/wordpress\/segunda\/ca\/wp-json\/wp\/v2\/categories?post=248973"},{"taxonomy":"post_tag","embeddable":true,"href":"https:\/\/www.tucomarca.com\/wordpress\/segunda\/ca\/wp-json\/wp\/v2\/tags?post=248973"}],"curies":[{"name":"wp","href":"https:\/\/api.w.org\/{rel}","templated":true}]}}