{"id":249081,"date":"2024-12-30T09:50:00","date_gmt":"2024-12-30T07:50:00","guid":{"rendered":"https:\/\/www.tucomarca.com\/wordpress\/segunda\/?p=249081"},"modified":"2024-12-30T19:07:33","modified_gmt":"2024-12-30T17:07:33","slug":"la-sim-la-primitiva-dalborache-enlluerna-amb-el-seu-espectacular-concert-de-nadal","status":"publish","type":"post","link":"https:\/\/www.tucomarca.com\/wordpress\/segunda\/ca\/la-sim-la-primitiva-dalborache-enlluerna-amb-el-seu-espectacular-concert-de-nadal\/","title":{"rendered":"La SIM La Primitiva d&#8217;Alboraig enlluerna amb el seu espectacular concert de Nadal"},"content":{"rendered":"\n<p>La Societat Instructiva Musical La Primitiva d&#8217;Alboraig va oferir en la vesprada del 28 de desembre un emocionant i memorable Concert de Nadal, que va omplir de m\u00e0gia i m\u00fasica l&#8217;auditori local.<br>La vetlada va comen\u00e7ar amb la interpretaci\u00f3 de fragments de la famosa obra El Fantasma de l&#8217;\u00d2pera, un delit per als assistents gr\u00e0cies a les veus excepcionals del bar\u00edton Mois\u00e9s Renovell Cervera i la soprano Mar S\u00e1nchez, acompanyats per la narraci\u00f3 del narrador Toni Mv, qui va aportar dramatisme i emoci\u00f3 a la hist\u00f2ria.<br>El concert va continuar amb la interpretaci\u00f3 de quatre nadales nadalenques en els quals el p\u00fablic va tindre l&#8217;oportunitat de participar, creant un ambient c\u00e0lid i festiu que va reflectir l&#8217;esperit de Nadal.<br>El concert va concloure amb una vibrant interpretaci\u00f3 de la c\u00e8lebre Marxa Radetzky de Johann Strauss, en la qual el p\u00fablic va acompanyar a la banda amb aplaudiments al ritme de la m\u00fasica, desbordant entusiasme i alegria.<br>Des de la SIM La Primitiva, s&#8217;ha destacat la col\u00b7laboraci\u00f3 i lliurament dels m\u00fasics, aix\u00ed com la participaci\u00f3 del p\u00fablic, que va fer del concert una experi\u00e8ncia inoblidable. Aquest esdeveniment no sols va celebrar Nadal, sin\u00f3 tamb\u00e9 la uni\u00f3 i l&#8217;amor per la m\u00fasica que caracteritza a Alboraig.<\/p>\n\n\n\n<figure class=\"wp-block-gallery has-nested-images columns-2 is-cropped wp-block-gallery-1 is-layout-flex wp-block-gallery-is-layout-flex\">\n<figure class=\"wp-block-image size-large\"><img loading=\"lazy\" decoding=\"async\" width=\"1024\" height=\"768\" data-id=\"249078\" src=\"https:\/\/www.tucomarca.com\/wordpress\/segunda\/wp-content\/uploads\/2024\/12\/AlboracheConciertoNavidad01-1024x768.jpg\" alt=\"\" class=\"wp-image-249078\" srcset=\"https:\/\/www.tucomarca.com\/wordpress\/segunda\/wp-content\/uploads\/2024\/12\/AlboracheConciertoNavidad01-1024x768.jpg 1024w, https:\/\/www.tucomarca.com\/wordpress\/segunda\/wp-content\/uploads\/2024\/12\/AlboracheConciertoNavidad01-300x225.jpg 300w, https:\/\/www.tucomarca.com\/wordpress\/segunda\/wp-content\/uploads\/2024\/12\/AlboracheConciertoNavidad01-768x576.jpg 768w, https:\/\/www.tucomarca.com\/wordpress\/segunda\/wp-content\/uploads\/2024\/12\/AlboracheConciertoNavidad01-678x509.jpg 678w, https:\/\/www.tucomarca.com\/wordpress\/segunda\/wp-content\/uploads\/2024\/12\/AlboracheConciertoNavidad01-326x245.jpg 326w, https:\/\/www.tucomarca.com\/wordpress\/segunda\/wp-content\/uploads\/2024\/12\/AlboracheConciertoNavidad01-80x60.jpg 80w, https:\/\/www.tucomarca.com\/wordpress\/segunda\/wp-content\/uploads\/2024\/12\/AlboracheConciertoNavidad01.jpg 1440w\" sizes=\"auto, (max-width: 1024px) 100vw, 1024px\" \/><\/figure>\n\n\n\n<figure class=\"wp-block-image size-large\"><img loading=\"lazy\" decoding=\"async\" width=\"1024\" height=\"768\" data-id=\"249068\" src=\"https:\/\/www.tucomarca.com\/wordpress\/segunda\/wp-content\/uploads\/2024\/12\/AlboracheConciertoNavidad02-1024x768.jpg\" alt=\"\" class=\"wp-image-249068\" srcset=\"https:\/\/www.tucomarca.com\/wordpress\/segunda\/wp-content\/uploads\/2024\/12\/AlboracheConciertoNavidad02-1024x768.jpg 1024w, https:\/\/www.tucomarca.com\/wordpress\/segunda\/wp-content\/uploads\/2024\/12\/AlboracheConciertoNavidad02-300x225.jpg 300w, https:\/\/www.tucomarca.com\/wordpress\/segunda\/wp-content\/uploads\/2024\/12\/AlboracheConciertoNavidad02-768x576.jpg 768w, https:\/\/www.tucomarca.com\/wordpress\/segunda\/wp-content\/uploads\/2024\/12\/AlboracheConciertoNavidad02-678x509.jpg 678w, https:\/\/www.tucomarca.com\/wordpress\/segunda\/wp-content\/uploads\/2024\/12\/AlboracheConciertoNavidad02-326x245.jpg 326w, https:\/\/www.tucomarca.com\/wordpress\/segunda\/wp-content\/uploads\/2024\/12\/AlboracheConciertoNavidad02-80x60.jpg 80w, https:\/\/www.tucomarca.com\/wordpress\/segunda\/wp-content\/uploads\/2024\/12\/AlboracheConciertoNavidad02.jpg 1440w\" sizes=\"auto, (max-width: 1024px) 100vw, 1024px\" \/><\/figure>\n\n\n\n<figure class=\"wp-block-image size-large\"><img loading=\"lazy\" decoding=\"async\" width=\"1024\" height=\"704\" data-id=\"249072\" src=\"https:\/\/www.tucomarca.com\/wordpress\/segunda\/wp-content\/uploads\/2024\/12\/AlboracheConciertoNavidad03-1024x704.jpg\" alt=\"\" class=\"wp-image-249072\" srcset=\"https:\/\/www.tucomarca.com\/wordpress\/segunda\/wp-content\/uploads\/2024\/12\/AlboracheConciertoNavidad03-1024x704.jpg 1024w, https:\/\/www.tucomarca.com\/wordpress\/segunda\/wp-content\/uploads\/2024\/12\/AlboracheConciertoNavidad03-300x206.jpg 300w, https:\/\/www.tucomarca.com\/wordpress\/segunda\/wp-content\/uploads\/2024\/12\/AlboracheConciertoNavidad03-768x528.jpg 768w, https:\/\/www.tucomarca.com\/wordpress\/segunda\/wp-content\/uploads\/2024\/12\/AlboracheConciertoNavidad03.jpg 1080w\" sizes=\"auto, (max-width: 1024px) 100vw, 1024px\" \/><\/figure>\n\n\n\n<figure class=\"wp-block-image size-large\"><img loading=\"lazy\" decoding=\"async\" width=\"1024\" height=\"768\" data-id=\"249069\" src=\"https:\/\/www.tucomarca.com\/wordpress\/segunda\/wp-content\/uploads\/2024\/12\/AlboracheConciertoNavidad04-1024x768.jpg\" alt=\"\" class=\"wp-image-249069\" srcset=\"https:\/\/www.tucomarca.com\/wordpress\/segunda\/wp-content\/uploads\/2024\/12\/AlboracheConciertoNavidad04-1024x768.jpg 1024w, https:\/\/www.tucomarca.com\/wordpress\/segunda\/wp-content\/uploads\/2024\/12\/AlboracheConciertoNavidad04-300x225.jpg 300w, https:\/\/www.tucomarca.com\/wordpress\/segunda\/wp-content\/uploads\/2024\/12\/AlboracheConciertoNavidad04-768x576.jpg 768w, https:\/\/www.tucomarca.com\/wordpress\/segunda\/wp-content\/uploads\/2024\/12\/AlboracheConciertoNavidad04-678x509.jpg 678w, https:\/\/www.tucomarca.com\/wordpress\/segunda\/wp-content\/uploads\/2024\/12\/AlboracheConciertoNavidad04-326x245.jpg 326w, https:\/\/www.tucomarca.com\/wordpress\/segunda\/wp-content\/uploads\/2024\/12\/AlboracheConciertoNavidad04-80x60.jpg 80w, https:\/\/www.tucomarca.com\/wordpress\/segunda\/wp-content\/uploads\/2024\/12\/AlboracheConciertoNavidad04.jpg 1080w\" sizes=\"auto, (max-width: 1024px) 100vw, 1024px\" \/><\/figure>\n\n\n\n<figure class=\"wp-block-image size-large\"><img loading=\"lazy\" decoding=\"async\" width=\"1024\" height=\"768\" data-id=\"249075\" src=\"https:\/\/www.tucomarca.com\/wordpress\/segunda\/wp-content\/uploads\/2024\/12\/AlboracheConciertoNavidad05-1024x768.jpg\" alt=\"\" class=\"wp-image-249075\" srcset=\"https:\/\/www.tucomarca.com\/wordpress\/segunda\/wp-content\/uploads\/2024\/12\/AlboracheConciertoNavidad05-1024x768.jpg 1024w, https:\/\/www.tucomarca.com\/wordpress\/segunda\/wp-content\/uploads\/2024\/12\/AlboracheConciertoNavidad05-300x225.jpg 300w, https:\/\/www.tucomarca.com\/wordpress\/segunda\/wp-content\/uploads\/2024\/12\/AlboracheConciertoNavidad05-768x576.jpg 768w, https:\/\/www.tucomarca.com\/wordpress\/segunda\/wp-content\/uploads\/2024\/12\/AlboracheConciertoNavidad05-678x509.jpg 678w, https:\/\/www.tucomarca.com\/wordpress\/segunda\/wp-content\/uploads\/2024\/12\/AlboracheConciertoNavidad05-326x245.jpg 326w, https:\/\/www.tucomarca.com\/wordpress\/segunda\/wp-content\/uploads\/2024\/12\/AlboracheConciertoNavidad05-80x60.jpg 80w, https:\/\/www.tucomarca.com\/wordpress\/segunda\/wp-content\/uploads\/2024\/12\/AlboracheConciertoNavidad05.jpg 1440w\" sizes=\"auto, (max-width: 1024px) 100vw, 1024px\" \/><\/figure>\n<\/figure>\n","protected":false},"excerpt":{"rendered":"<div class=\"mh-excerpt\">La Societat Instructiva Musical La Primitiva d&#8217;Alboraig va oferir en la vesprada del 28 de desembre un emocionant i memorable Concert de Nadal, que va omplir de m\u00e0gia i m\u00fasica l&#8217;auditori local.La vetlada va comen\u00e7ar <a class=\"mh-excerpt-more\" href=\"https:\/\/www.tucomarca.com\/wordpress\/segunda\/ca\/la-sim-la-primitiva-dalborache-enlluerna-amb-el-seu-espectacular-concert-de-nadal\/\" title=\"La SIM La Primitiva d&#8217;Alboraig enlluerna amb el seu espectacular concert de Nadal\">[+] <\/a><\/div>\n","protected":false},"author":12,"featured_media":249077,"comment_status":"open","ping_status":"open","sticky":false,"template":"","format":"gallery","meta":{"footnotes":""},"categories":[10973,11005,10894,10912,11007,10896],"tags":[11224,10914,14565],"class_list":{"0":"post-249081","1":"post","2":"type-post","3":"status-publish","4":"format-gallery","5":"has-post-thumbnail","7":"category-alborache-ca","8":"category-canal-musica","9":"category-la-comarca-ca","10":"category-la-hoya-ca","11":"category-ocio-y-cultura-ca","12":"category-seccion-ca","13":"tag-alborache-ca","14":"tag-la-hoya-de-bunol-chiva-ca","15":"tag-sim-la-primitiva-de-alborache-2-ca","16":"post_format-post-format-gallery"},"_links":{"self":[{"href":"https:\/\/www.tucomarca.com\/wordpress\/segunda\/ca\/wp-json\/wp\/v2\/posts\/249081","targetHints":{"allow":["GET"]}}],"collection":[{"href":"https:\/\/www.tucomarca.com\/wordpress\/segunda\/ca\/wp-json\/wp\/v2\/posts"}],"about":[{"href":"https:\/\/www.tucomarca.com\/wordpress\/segunda\/ca\/wp-json\/wp\/v2\/types\/post"}],"author":[{"embeddable":true,"href":"https:\/\/www.tucomarca.com\/wordpress\/segunda\/ca\/wp-json\/wp\/v2\/users\/12"}],"replies":[{"embeddable":true,"href":"https:\/\/www.tucomarca.com\/wordpress\/segunda\/ca\/wp-json\/wp\/v2\/comments?post=249081"}],"version-history":[{"count":0,"href":"https:\/\/www.tucomarca.com\/wordpress\/segunda\/ca\/wp-json\/wp\/v2\/posts\/249081\/revisions"}],"wp:featuredmedia":[{"embeddable":true,"href":"https:\/\/www.tucomarca.com\/wordpress\/segunda\/ca\/wp-json\/wp\/v2\/media\/249077"}],"wp:attachment":[{"href":"https:\/\/www.tucomarca.com\/wordpress\/segunda\/ca\/wp-json\/wp\/v2\/media?parent=249081"}],"wp:term":[{"taxonomy":"category","embeddable":true,"href":"https:\/\/www.tucomarca.com\/wordpress\/segunda\/ca\/wp-json\/wp\/v2\/categories?post=249081"},{"taxonomy":"post_tag","embeddable":true,"href":"https:\/\/www.tucomarca.com\/wordpress\/segunda\/ca\/wp-json\/wp\/v2\/tags?post=249081"}],"curies":[{"name":"wp","href":"https:\/\/api.w.org\/{rel}","templated":true}]}}