{"id":249263,"date":"2025-01-02T09:00:00","date_gmt":"2025-01-02T07:00:00","guid":{"rendered":"https:\/\/www.tucomarca.com\/wordpress\/segunda\/?p=249263"},"modified":"2025-01-02T19:10:56","modified_gmt":"2025-01-02T17:10:56","slug":"mes-de-200-persones-majors-assisteixen-a-lespectacle-un-viatge-per-la-musica","status":"publish","type":"post","link":"https:\/\/www.tucomarca.com\/wordpress\/segunda\/ca\/mes-de-200-persones-majors-assisteixen-a-lespectacle-un-viatge-per-la-musica\/","title":{"rendered":"M\u00e9s de 200 persones majors assisteixen a l&#8217;espectacle &#8216;Un viatge per la m\u00fasica&#8217;"},"content":{"rendered":"\n<p>Dilluns passat, 30 de desembre, la carpa de la pla\u00e7a II Rep\u00fablica es va omplir de p\u00fablic amb motiu de l&#8217;espectacle \u201cUn viatge per la m\u00fasica\u201d, del duo valenci\u00e0 Jaime Costa i Coral, organitzat per la Regidoria de Persones Majors dins del programa d&#8217;activitats \u201cNadal, sempre a Xest\u201d.<br>\u201cEnguany hem volgut innovar amb l&#8217;acte per a majors, per aix\u00f2 hem programat aquest viatge per la m\u00fasica dels anys 50, 60 i 70; us animem que balleu, si us abelleix, i us demanem que us quedeu al sorteig de cistelles de Nadal, que el farem quan acabe l&#8217;espectacle\u201d, apuntava la regidora de Persones Majors, Brenda Jim\u00e9nez.<br>El duo va interpretar un ampli repertori amb coneguts temes, amb veu en directe i acompanyament de piano. Aix\u00ed, les m\u00e9s de 200 persones assistents van corejar les can\u00e7ons de Camilo Sesto o Nino Bravo, ranxeres i can\u00e7ons de Eurovision, entre altres, durant m\u00e9s d&#8217;una hora i mitja d&#8217;espectacle en el qual els cantants van intercalar an\u00e8cdotes i bromes, i van anar introduint el context de cada bloc de temes.<\/p>\n\n\n\n<p><strong>Sorteig<\/strong><\/p>\n\n\n\n<p>Despr\u00e9s del concert, es va celebrar el sorteig de 20 cistelles de productes nadalencs, organitzat des de l&#8217;Ajuntament, entre les persones majors del municipi, que van rebre una carta amb el n\u00famero que els corresponia dies abans. Els n\u00fameros premiats van ser: 5, 70, 78, 100, 167, 530, 642, 747, 748, 822, 1045, 1052, 1160, 1396, 1487, 1600, 1670, 1684, 1779, 1809. \u201cLes persones agraciades que no han pogut arreplegar la seua cistella hui, que no es preocupen, que estaran disponibles a l&#8217;Ajuntament durant els pr\u00f2xims dies i podran acudir per ella, mostrant la seua carta o el DNI\u201d, aclaria la regidora.<br>A m\u00e9s, es van rifar altres 10 cistelles m\u00e9s i un pernil entre les persones assistents a l&#8217;acte, a les quals se&#8217;ls va repartir un n\u00famero en l&#8217;entrada. Finalment, es va repartir a l&#8217;eixida un calendari com a obsequi nadalenc per part de l&#8217;Ajuntament.<\/p>\n\n\n\n<figure class=\"wp-block-gallery has-nested-images columns-1 is-cropped wp-block-gallery-1 is-layout-flex wp-block-gallery-is-layout-flex\">\n<figure class=\"wp-block-image size-large\"><img loading=\"lazy\" decoding=\"async\" width=\"886\" height=\"591\" data-id=\"249253\" src=\"https:\/\/www.tucomarca.com\/wordpress\/segunda\/wp-content\/uploads\/2025\/01\/Cheste_UnViajeporlaMusica02.jpg\" alt=\"\" class=\"wp-image-249253\" srcset=\"https:\/\/www.tucomarca.com\/wordpress\/segunda\/wp-content\/uploads\/2025\/01\/Cheste_UnViajeporlaMusica02.jpg 886w, https:\/\/www.tucomarca.com\/wordpress\/segunda\/wp-content\/uploads\/2025\/01\/Cheste_UnViajeporlaMusica02-300x200.jpg 300w, https:\/\/www.tucomarca.com\/wordpress\/segunda\/wp-content\/uploads\/2025\/01\/Cheste_UnViajeporlaMusica02-768x512.jpg 768w\" sizes=\"auto, (max-width: 886px) 100vw, 886px\" \/><\/figure>\n\n\n\n<figure class=\"wp-block-image size-large\"><img loading=\"lazy\" decoding=\"async\" width=\"886\" height=\"591\" data-id=\"249257\" src=\"https:\/\/www.tucomarca.com\/wordpress\/segunda\/wp-content\/uploads\/2025\/01\/Cheste_UnViajeporlaMusica03.jpg\" alt=\"\" class=\"wp-image-249257\" srcset=\"https:\/\/www.tucomarca.com\/wordpress\/segunda\/wp-content\/uploads\/2025\/01\/Cheste_UnViajeporlaMusica03.jpg 886w, https:\/\/www.tucomarca.com\/wordpress\/segunda\/wp-content\/uploads\/2025\/01\/Cheste_UnViajeporlaMusica03-300x200.jpg 300w, https:\/\/www.tucomarca.com\/wordpress\/segunda\/wp-content\/uploads\/2025\/01\/Cheste_UnViajeporlaMusica03-768x512.jpg 768w\" sizes=\"auto, (max-width: 886px) 100vw, 886px\" \/><\/figure>\n\n\n\n<figure class=\"wp-block-image size-full\"><img loading=\"lazy\" decoding=\"async\" width=\"886\" height=\"591\" data-id=\"249254\" src=\"https:\/\/www.tucomarca.com\/wordpress\/segunda\/wp-content\/uploads\/2025\/01\/Cheste_UnViajeporlaMusica04.jpg\" alt=\"\" class=\"wp-image-249254\" srcset=\"https:\/\/www.tucomarca.com\/wordpress\/segunda\/wp-content\/uploads\/2025\/01\/Cheste_UnViajeporlaMusica04.jpg 886w, https:\/\/www.tucomarca.com\/wordpress\/segunda\/wp-content\/uploads\/2025\/01\/Cheste_UnViajeporlaMusica04-300x200.jpg 300w, https:\/\/www.tucomarca.com\/wordpress\/segunda\/wp-content\/uploads\/2025\/01\/Cheste_UnViajeporlaMusica04-768x512.jpg 768w\" sizes=\"auto, (max-width: 886px) 100vw, 886px\" \/><\/figure>\n\n\n\n<figure class=\"wp-block-image size-large\"><img loading=\"lazy\" decoding=\"async\" width=\"886\" height=\"591\" data-id=\"249252\" src=\"https:\/\/www.tucomarca.com\/wordpress\/segunda\/wp-content\/uploads\/2025\/01\/Cheste_UnViajeporlaMusica05.jpg\" alt=\"\" class=\"wp-image-249252\" srcset=\"https:\/\/www.tucomarca.com\/wordpress\/segunda\/wp-content\/uploads\/2025\/01\/Cheste_UnViajeporlaMusica05.jpg 886w, https:\/\/www.tucomarca.com\/wordpress\/segunda\/wp-content\/uploads\/2025\/01\/Cheste_UnViajeporlaMusica05-300x200.jpg 300w, https:\/\/www.tucomarca.com\/wordpress\/segunda\/wp-content\/uploads\/2025\/01\/Cheste_UnViajeporlaMusica05-768x512.jpg 768w\" sizes=\"auto, (max-width: 886px) 100vw, 886px\" \/><\/figure>\n<\/figure>\n","protected":false},"excerpt":{"rendered":"<div class=\"mh-excerpt\">Dilluns passat, 30 de desembre, la carpa de la pla\u00e7a II Rep\u00fablica es va omplir de p\u00fablic amb motiu de l&#8217;espectacle \u201cUn viatge per la m\u00fasica\u201d, del duo valenci\u00e0 Jaime Costa i Coral, organitzat per <a class=\"mh-excerpt-more\" href=\"https:\/\/www.tucomarca.com\/wordpress\/segunda\/ca\/mes-de-200-persones-majors-assisteixen-a-lespectacle-un-viatge-per-la-musica\/\" title=\"M\u00e9s de 200 persones majors assisteixen a l&#8217;espectacle &#8216;Un viatge per la m\u00fasica&#8217;\">[+] <\/a><\/div>\n","protected":false},"author":12,"featured_media":249251,"comment_status":"open","ping_status":"open","sticky":false,"template":"","format":"gallery","meta":{"footnotes":""},"categories":[11005,10894,10912,11007,10896,10974],"tags":[11071,10914],"class_list":{"0":"post-249263","1":"post","2":"type-post","3":"status-publish","4":"format-gallery","5":"has-post-thumbnail","7":"category-canal-musica","8":"category-la-comarca-ca","9":"category-la-hoya-ca","10":"category-ocio-y-cultura-ca","11":"category-seccion-ca","12":"category-cheste-ca","13":"tag-cheste","14":"tag-la-hoya-de-bunol-chiva-ca","15":"post_format-post-format-gallery"},"_links":{"self":[{"href":"https:\/\/www.tucomarca.com\/wordpress\/segunda\/ca\/wp-json\/wp\/v2\/posts\/249263","targetHints":{"allow":["GET"]}}],"collection":[{"href":"https:\/\/www.tucomarca.com\/wordpress\/segunda\/ca\/wp-json\/wp\/v2\/posts"}],"about":[{"href":"https:\/\/www.tucomarca.com\/wordpress\/segunda\/ca\/wp-json\/wp\/v2\/types\/post"}],"author":[{"embeddable":true,"href":"https:\/\/www.tucomarca.com\/wordpress\/segunda\/ca\/wp-json\/wp\/v2\/users\/12"}],"replies":[{"embeddable":true,"href":"https:\/\/www.tucomarca.com\/wordpress\/segunda\/ca\/wp-json\/wp\/v2\/comments?post=249263"}],"version-history":[{"count":0,"href":"https:\/\/www.tucomarca.com\/wordpress\/segunda\/ca\/wp-json\/wp\/v2\/posts\/249263\/revisions"}],"wp:featuredmedia":[{"embeddable":true,"href":"https:\/\/www.tucomarca.com\/wordpress\/segunda\/ca\/wp-json\/wp\/v2\/media\/249251"}],"wp:attachment":[{"href":"https:\/\/www.tucomarca.com\/wordpress\/segunda\/ca\/wp-json\/wp\/v2\/media?parent=249263"}],"wp:term":[{"taxonomy":"category","embeddable":true,"href":"https:\/\/www.tucomarca.com\/wordpress\/segunda\/ca\/wp-json\/wp\/v2\/categories?post=249263"},{"taxonomy":"post_tag","embeddable":true,"href":"https:\/\/www.tucomarca.com\/wordpress\/segunda\/ca\/wp-json\/wp\/v2\/tags?post=249263"}],"curies":[{"name":"wp","href":"https:\/\/api.w.org\/{rel}","templated":true}]}}