{"id":249269,"date":"2025-01-02T10:00:00","date_gmt":"2025-01-02T08:00:00","guid":{"rendered":"https:\/\/www.tucomarca.com\/wordpress\/segunda\/?p=249269"},"modified":"2025-01-02T19:18:47","modified_gmt":"2025-01-02T17:18:47","slug":"ruta-motera-solidaria-per-al-repartiment-de-joguets-a-alboraig-bunyol-i-godelleta","status":"publish","type":"post","link":"https:\/\/www.tucomarca.com\/wordpress\/segunda\/ca\/ruta-motera-solidaria-per-al-repartiment-de-joguets-a-alboraig-bunyol-i-godelleta\/","title":{"rendered":"Ruta motera solid\u00e0ria per al repartiment de joguets a Alboraig, Bunyol i Godelleta"},"content":{"rendered":"\n<p>El pr\u00f2xim 4 de gener, Alboraig, Bunyol i Godelleta rebran una visita molt especial: els patges reals moteros arribaran als municipis carregats de regals per als xiquets i xiquetes (fins a 12 anys) en una iniciativa solid\u00e0ria vinculada a la DANA.<\/p>\n\n\n\n<p><strong>Alboraig<\/strong><\/p>\n\n\n\n<p>A partir de les 12.00 h, els patges moteros arribaran a la Pla\u00e7a d&#8217;Espanya, d&#8217;Alboraig on entregaran els regals destinats als xicotets. Posteriorment, aquests obsequis seran entregats oficialment pels Reis Mags en finalitzar la cavalcada del dia 5 de gener.<\/p>\n\n\n\n<p>Per a rebre els regals, ser\u00e0 necessari que els xiquets (empadronats a Alboraig, de 0 a 12 anys) estiguen pr\u00e8viament inscrits a l&#8217;Ajuntament.<\/p>\n\n\n\n<p>Al mateix temps, a les 12.00 h, es realitzar\u00e0 un taller de vidrieres nadalenques en les antigues escoles, una oportunitat perqu\u00e8 els m\u00e9s xicotets gaudisquen d&#8217;una activitat creativa i divertida.<\/p>\n\n\n\n<p><strong>Bunyol<\/strong><\/p>\n\n\n\n<p>La ruta motera per a repartiment de joguets solidaris DANA passar\u00e0 tamb\u00e9 per Bunyol el 4 de gener, els patges reals visitaran la localitat per a repartir regals entre els xiquets del municipi (fins a 12 anys). El lliurament de regals es far\u00e0 en la Pla\u00e7a de les Vendes a les 13 hores, perqu\u00e8 la DANA no esborre la il\u00b7lusi\u00f3 dels m\u00e9s xicotets de la casa.<\/p>\n\n\n\n<p><strong>Godelleta<\/strong><\/p>\n\n\n\n<p>Aquest acte tindr\u00e0 lloc en el camp de futbol a partir de les 15.30 hores, perqu\u00e8 la il\u00b7lusi\u00f3 es mantinga intacta gr\u00e0cies a aquesta gran iniciativa que portar\u00e0 somriures a Godelleta.<\/p>\n\n\n\n<p>Els Ajuntaments d&#8217;Alboraig, Bunyol i Godelleta agraeixen als patges moteros aquesta gran iniciativa, que no sols portar\u00e0 il\u00b7lusi\u00f3 als xiquets i xiquetes d&#8217;aquests pobles, sin\u00f3 que tamb\u00e9 refor\u00e7a l&#8217;esperit solidari d&#8217;aquestes dates tan especials.<\/p>\n","protected":false},"excerpt":{"rendered":"<div class=\"mh-excerpt\">El pr\u00f2xim 4 de gener, Alboraig, Bunyol i Godelleta rebran una visita molt especial: els patges reals moteros arribaran als municipis carregats de regals per als xiquets i xiquetes (fins a 12 anys) en una <a class=\"mh-excerpt-more\" href=\"https:\/\/www.tucomarca.com\/wordpress\/segunda\/ca\/ruta-motera-solidaria-per-al-repartiment-de-joguets-a-alboraig-bunyol-i-godelleta\/\" title=\"Ruta motera solid\u00e0ria per al repartiment de joguets a Alboraig, Bunyol i Godelleta\">[+] <\/a><\/div>\n","protected":false},"author":12,"featured_media":249268,"comment_status":"open","ping_status":"open","sticky":false,"template":"","format":"standard","meta":{"footnotes":""},"categories":[11019,10973,10911,21466,10898,10977,10894,10904,10912,10896],"tags":[11224,10914,21760],"class_list":{"0":"post-249269","1":"post","2":"type-post","3":"status-publish","4":"format-standard","5":"has-post-thumbnail","7":"category-agenda-ca","8":"category-alborache-ca","9":"category-bunol-ca","10":"category-dana-ca","11":"category-ventana-ca","12":"category-godelleta-ca","13":"category-la-comarca-ca","14":"category-sin-categorizar-ca","15":"category-la-hoya-ca","16":"category-seccion-ca","17":"tag-alborache-ca","18":"tag-la-hoya-de-bunol-chiva-ca","19":"tag-ruta-motera-solidaria-ca"},"_links":{"self":[{"href":"https:\/\/www.tucomarca.com\/wordpress\/segunda\/ca\/wp-json\/wp\/v2\/posts\/249269","targetHints":{"allow":["GET"]}}],"collection":[{"href":"https:\/\/www.tucomarca.com\/wordpress\/segunda\/ca\/wp-json\/wp\/v2\/posts"}],"about":[{"href":"https:\/\/www.tucomarca.com\/wordpress\/segunda\/ca\/wp-json\/wp\/v2\/types\/post"}],"author":[{"embeddable":true,"href":"https:\/\/www.tucomarca.com\/wordpress\/segunda\/ca\/wp-json\/wp\/v2\/users\/12"}],"replies":[{"embeddable":true,"href":"https:\/\/www.tucomarca.com\/wordpress\/segunda\/ca\/wp-json\/wp\/v2\/comments?post=249269"}],"version-history":[{"count":0,"href":"https:\/\/www.tucomarca.com\/wordpress\/segunda\/ca\/wp-json\/wp\/v2\/posts\/249269\/revisions"}],"wp:featuredmedia":[{"embeddable":true,"href":"https:\/\/www.tucomarca.com\/wordpress\/segunda\/ca\/wp-json\/wp\/v2\/media\/249268"}],"wp:attachment":[{"href":"https:\/\/www.tucomarca.com\/wordpress\/segunda\/ca\/wp-json\/wp\/v2\/media?parent=249269"}],"wp:term":[{"taxonomy":"category","embeddable":true,"href":"https:\/\/www.tucomarca.com\/wordpress\/segunda\/ca\/wp-json\/wp\/v2\/categories?post=249269"},{"taxonomy":"post_tag","embeddable":true,"href":"https:\/\/www.tucomarca.com\/wordpress\/segunda\/ca\/wp-json\/wp\/v2\/tags?post=249269"}],"curies":[{"name":"wp","href":"https:\/\/api.w.org\/{rel}","templated":true}]}}