{"id":249409,"date":"2025-01-04T09:15:00","date_gmt":"2025-01-04T07:15:00","guid":{"rendered":"https:\/\/www.tucomarca.com\/wordpress\/segunda\/?p=249409"},"modified":"2025-01-04T22:48:08","modified_gmt":"2025-01-04T20:48:08","slug":"la-sequera-persisteix-a-les-comarques-interiors-de-valencia-i-preocupa-els-agricultors","status":"publish","type":"post","link":"https:\/\/www.tucomarca.com\/wordpress\/segunda\/ca\/la-sequera-persisteix-a-les-comarques-interiors-de-valencia-i-preocupa-els-agricultors\/","title":{"rendered":"La sequera persisteix a les comarques interiors de Val\u00e8ncia i preocupa els agricultors"},"content":{"rendered":"\n<p>El mes de desembre ha registrat nivells de precipitaci\u00f3 extremadament baixos a les comarques d&#8217;interior de la prov\u00edncia de Val\u00e8ncia. A Requena-Utiel, la mitjana de pluja acumulada a penes aconsegueix els tres litres per metre quadrat, una xifra que evidencia la continu\u00eftat de la sequera que afecta la zona des de fa quasi tres anys.<\/p>\n\n\n\n<p>Encara que l&#8217;episodi de pluja torrencial del passat 29 d&#8217;octubre va generar esperances moment\u00e0nies, aquest sembla haver sigut una excepci\u00f3 en un panorama marcadament sec.<br>La preocupaci\u00f3 s&#8217;intensifica entre els agricultors, els qui alerten de les conseq\u00fc\u00e8ncies que aquesta prolongada falta de pluges est\u00e0 tenint sobre els cultius. \u201cEl cereal necessita amb urg\u00e8ncia precipitacions per a desenvolupar-se adequadament\u201d, assenyalen. Informa,<strong> Luis Ib\u00e1\u00f1ez<\/strong><\/p>\n","protected":false},"excerpt":{"rendered":"<div class=\"mh-excerpt\">El mes de desembre ha registrat nivells de precipitaci\u00f3 extremadament baixos a les comarques d&#8217;interior de la prov\u00edncia de Val\u00e8ncia. A Requena-Utiel, la mitjana de pluja acumulada a penes aconsegueix els tres litres per metre <a class=\"mh-excerpt-more\" href=\"https:\/\/www.tucomarca.com\/wordpress\/segunda\/ca\/la-sequera-persisteix-a-les-comarques-interiors-de-valencia-i-preocupa-els-agricultors\/\" title=\"La sequera persisteix a les comarques interiors de Val\u00e8ncia i preocupa els agricultors\">[+] <\/a><\/div>\n","protected":false},"author":12,"featured_media":249408,"comment_status":"open","ping_status":"open","sticky":false,"template":"","format":"standard","meta":{"footnotes":""},"categories":[10905,10898,10948,10894,10903,10947,10908,10909,10896,10897],"tags":[11099,10910,12873],"class_list":{"0":"post-249409","1":"post","2":"type-post","3":"status-publish","4":"format-standard","5":"has-post-thumbnail","7":"category-agricultura-la-comarca-ca","8":"category-ventana-ca","9":"category-infraestructuras-ca","10":"category-la-comarca-ca","11":"category-medio-ambiente-la-comarca-ca","12":"category-politica","13":"category-requena-ca","14":"category-requena-utiel-ca","15":"category-seccion-ca","16":"category-sucesos-la-comarca-ca","17":"tag-requena-ca","18":"tag-requena-utiel-ca","19":"tag-sequia-ca"},"_links":{"self":[{"href":"https:\/\/www.tucomarca.com\/wordpress\/segunda\/ca\/wp-json\/wp\/v2\/posts\/249409","targetHints":{"allow":["GET"]}}],"collection":[{"href":"https:\/\/www.tucomarca.com\/wordpress\/segunda\/ca\/wp-json\/wp\/v2\/posts"}],"about":[{"href":"https:\/\/www.tucomarca.com\/wordpress\/segunda\/ca\/wp-json\/wp\/v2\/types\/post"}],"author":[{"embeddable":true,"href":"https:\/\/www.tucomarca.com\/wordpress\/segunda\/ca\/wp-json\/wp\/v2\/users\/12"}],"replies":[{"embeddable":true,"href":"https:\/\/www.tucomarca.com\/wordpress\/segunda\/ca\/wp-json\/wp\/v2\/comments?post=249409"}],"version-history":[{"count":0,"href":"https:\/\/www.tucomarca.com\/wordpress\/segunda\/ca\/wp-json\/wp\/v2\/posts\/249409\/revisions"}],"wp:featuredmedia":[{"embeddable":true,"href":"https:\/\/www.tucomarca.com\/wordpress\/segunda\/ca\/wp-json\/wp\/v2\/media\/249408"}],"wp:attachment":[{"href":"https:\/\/www.tucomarca.com\/wordpress\/segunda\/ca\/wp-json\/wp\/v2\/media?parent=249409"}],"wp:term":[{"taxonomy":"category","embeddable":true,"href":"https:\/\/www.tucomarca.com\/wordpress\/segunda\/ca\/wp-json\/wp\/v2\/categories?post=249409"},{"taxonomy":"post_tag","embeddable":true,"href":"https:\/\/www.tucomarca.com\/wordpress\/segunda\/ca\/wp-json\/wp\/v2\/tags?post=249409"}],"curies":[{"name":"wp","href":"https:\/\/api.w.org\/{rel}","templated":true}]}}