{"id":249555,"date":"2025-01-07T08:59:00","date_gmt":"2025-01-07T06:59:00","guid":{"rendered":"https:\/\/www.tucomarca.com\/wordpress\/segunda\/?p=249555"},"modified":"2025-01-07T20:21:33","modified_gmt":"2025-01-07T18:21:33","slug":"els-xiquets-i-xiquetes-dutiel-i-pedanies-reben-lafecte-de-ses-majestats-dorient","status":"publish","type":"post","link":"https:\/\/www.tucomarca.com\/wordpress\/segunda\/ca\/els-xiquets-i-xiquetes-dutiel-i-pedanies-reben-lafecte-de-ses-majestats-dorient\/","title":{"rendered":"Els xiquets i xiquetes d&#8217;Utiel i pedanies reben l&#8217;afecte de Ses Majestats d&#8217;Orient"},"content":{"rendered":"\n<h3 class=\"wp-block-heading\">Una arribada molt esperada per tots, especialment enguany despr\u00e9s de travessar una etapa adversa amb la DANA. Ses Majestats han traslladat un missatge de suport i \u00e0nim a tots les fam\u00edlies i han desitjat que aquesta nova etapa vinga carregada d&#8217;il\u00b7lusi\u00f3 i esperan\u00e7a.<\/h3>\n\n\n\n<p>Ses Majestats d&#8217;Orient arribaven aquest mat\u00ed a Utiel per a acostar el seu &nbsp;afecte i alegria a tots els xiquets i xiquetes que han volgut rebre als Reis Mags.&nbsp;<\/p>\n\n\n\n<p>Enguany Melchor, Gaspar i Baltasar han avan\u00e7at la seua arribada al municipi i han iniciat la visita en les pedanies del municipi on han sigut rebuts amb especial entusiasme.<\/p>\n\n\n\n<p>A partir de les 11.30 hores les seues Majestats arribaven al Teatre Rambal envoltats de centenars de xiquets &nbsp;xiquetes i familiars , expectants per con\u00e9ixer en persona als Reis Mags en aquest dia tan especial.<\/p>\n\n\n\n<p>Una arribada molt esperada per tots, especialment enguany despr\u00e9s de travessar una etapa adversa amb la DANA. Ses Majestats han traslladat un missatge de suport i \u00e0nim a tots les fam\u00edlies i que aquesta nova etapa vinga carregada d&#8217;il\u00b7lusi\u00f3 &nbsp; i esperan\u00e7a.<\/p>\n\n\n\n<p>SS. MM. els Reis Mags, despr\u00e9s d&#8217;un llarg viatge des d&#8217;Orient, finalment han pogut arribar als diferents enclavaments del municipi per a escoltar personalment els desitjos i il\u00b7lusions dels m\u00e9s xicotets i aquesta nit arribar a les llars de tots els xiquets carregats d&#8217;alegria i felicitat.<\/p>\n\n\n\n<p>Melchor Gaspar i Baltasar, acompanyats del seu seguici, han sigut rebuts amb especial entusiasme pels xiquets i les seues fam\u00edlies. Des de les 12.00 del mat\u00ed, els Reis Mags estan acompanyant als xiquets i xiquetes que han volgut con\u00e9ixer-los en persona i fer-los arribar els seus desitjos i cartes d&#8217;\u00faltima hora. Ses Majestats i els patges reals els han entregat com recompensa llepolies i un regalito d&#8217;agra\u00efment per la seua visita.<\/p>\n\n\n\n<p>Aquesta vesprada, a les 18 hores, els Reis es deixaran veure de nou en la tradicional cavalcada que comptar\u00e0 amb m\u00e9s d&#8217;un centenar de participants i animaci\u00f3 de carrer. &nbsp;La desfilada s&#8217;iniciar\u00e0 des de la Casa de Cultura d&#8217;Utiel que discorrer\u00e0 per l&#8217;itinerari habitual, i finalitzar\u00e0 amb el tradici\u00f3 missatge real des del balc\u00f3 consistorial.<\/p>\n","protected":false},"excerpt":{"rendered":"<div class=\"mh-excerpt\">Una arribada molt esperada per tots, especialment enguany despr\u00e9s de travessar una etapa adversa amb la DANA. Ses Majestats han traslladat un missatge de suport i \u00e0nim a tots les fam\u00edlies i han desitjat que <a class=\"mh-excerpt-more\" href=\"https:\/\/www.tucomarca.com\/wordpress\/segunda\/ca\/els-xiquets-i-xiquetes-dutiel-i-pedanies-reben-lafecte-de-ses-majestats-dorient\/\" title=\"Els xiquets i xiquetes d&#8217;Utiel i pedanies reben l&#8217;afecte de Ses Majestats d&#8217;Orient\">[+] <\/a><\/div>\n","protected":false},"author":13,"featured_media":249553,"comment_status":"open","ping_status":"open","sticky":false,"template":"","format":"standard","meta":{"footnotes":""},"categories":[21466,10898,10894,10904,11004,11007,11008,10909,10896,11059],"tags":[15409,15856,10910,11174],"class_list":{"0":"post-249555","1":"post","2":"type-post","3":"status-publish","4":"format-standard","5":"has-post-thumbnail","7":"category-dana-ca","8":"category-ventana-ca","9":"category-la-comarca-ca","10":"category-sin-categorizar-ca","11":"category-la-semana-en-imagenes-ca","12":"category-ocio-y-cultura-ca","13":"category-pueblos-en-fiestas-ca","14":"category-requena-utiel-ca","15":"category-seccion-ca","16":"category-utiel-ca","17":"tag-dana-2-ca","18":"tag-ocio-y-cultura-ca","19":"tag-requena-utiel-ca","20":"tag-utiel-ca"},"_links":{"self":[{"href":"https:\/\/www.tucomarca.com\/wordpress\/segunda\/ca\/wp-json\/wp\/v2\/posts\/249555","targetHints":{"allow":["GET"]}}],"collection":[{"href":"https:\/\/www.tucomarca.com\/wordpress\/segunda\/ca\/wp-json\/wp\/v2\/posts"}],"about":[{"href":"https:\/\/www.tucomarca.com\/wordpress\/segunda\/ca\/wp-json\/wp\/v2\/types\/post"}],"author":[{"embeddable":true,"href":"https:\/\/www.tucomarca.com\/wordpress\/segunda\/ca\/wp-json\/wp\/v2\/users\/13"}],"replies":[{"embeddable":true,"href":"https:\/\/www.tucomarca.com\/wordpress\/segunda\/ca\/wp-json\/wp\/v2\/comments?post=249555"}],"version-history":[{"count":0,"href":"https:\/\/www.tucomarca.com\/wordpress\/segunda\/ca\/wp-json\/wp\/v2\/posts\/249555\/revisions"}],"wp:featuredmedia":[{"embeddable":true,"href":"https:\/\/www.tucomarca.com\/wordpress\/segunda\/ca\/wp-json\/wp\/v2\/media\/249553"}],"wp:attachment":[{"href":"https:\/\/www.tucomarca.com\/wordpress\/segunda\/ca\/wp-json\/wp\/v2\/media?parent=249555"}],"wp:term":[{"taxonomy":"category","embeddable":true,"href":"https:\/\/www.tucomarca.com\/wordpress\/segunda\/ca\/wp-json\/wp\/v2\/categories?post=249555"},{"taxonomy":"post_tag","embeddable":true,"href":"https:\/\/www.tucomarca.com\/wordpress\/segunda\/ca\/wp-json\/wp\/v2\/tags?post=249555"}],"curies":[{"name":"wp","href":"https:\/\/api.w.org\/{rel}","templated":true}]}}