{"id":249869,"date":"2025-01-08T11:15:00","date_gmt":"2025-01-08T09:15:00","guid":{"rendered":"https:\/\/www.tucomarca.com\/wordpress\/segunda\/?p=249869"},"modified":"2025-01-08T19:51:45","modified_gmt":"2025-01-08T17:51:45","slug":"la-diputacio-estudiara-com-ajudar-als-municipis-que-shan-quedat-fora-del-repartiment-de-fons-de-la-fundacio-amancio-ortega","status":"publish","type":"post","link":"https:\/\/www.tucomarca.com\/wordpress\/segunda\/ca\/la-diputacio-estudiara-com-ajudar-als-municipis-que-shan-quedat-fora-del-repartiment-de-fons-de-la-fundacio-amancio-ortega\/","title":{"rendered":"La Diputaci\u00f3 estudiar\u00e0 com ajudar als municipis que s&#8217;han quedat fora del repartiment de fons de la Fundaci\u00f3 Amancio Ortega"},"content":{"rendered":"\n<h3 class=\"wp-block-heading\"><strong><strong>El president de la corporaci\u00f3 provincial, Vicent Momp\u00f3, es reunix amb els alcaldes i alcaldesses de Quart de Poblet, Loriguilla, Riba-roja i Vilamarxant<\/strong><\/strong>.<\/h3>\n\n\n\n<h3 class=\"wp-block-heading\"><strong><strong>Estos quatre municipis havien sol\u00b7licitat una reuni\u00f3 amb la instituci\u00f3 provincial per a aclarir els motius pels s&#8217;havien quedat fora de les ajudes del Patronat de la Fundaci\u00f3, ja que la corporaci\u00f3 provincial ha col\u00b7laborat amb la Fundaci\u00f3 en el seu repartiment. En tot cas, ha explicat Momp\u00f3, \u201cs&#8217;atendr\u00e0 tamb\u00e9 la resta d&#8217;ajuntaments que han expressat el seu malestar\u201d<\/strong><\/strong>.<\/h3>\n\n\n\n<p>La Diputaci\u00f3 de Val\u00e8ncia estudiar\u00e0 com ajudar als municipis que no han sigut beneficiats pel fons de 100 milions de la Fundaci\u00f3 Amancio Ortega. \u00c9s la principal conclusi\u00f3 de la reuni\u00f3 que este mat\u00ed han mantingut el president de la corporaci\u00f3 provincial, Vicent Momp\u00f3, i la vicepresidenta segona, Reme Mazzolari, amb l&#8217;alcaldessa de Quart de Poblet, Cristina Mora; l&#8217;alcaldessa de Loriguilla, Montserrat Cervera; l&#8217;alcalde de Riba-roja, Robert Raga; l&#8217;alcalde de Vilamarxant, H\u00e9ctor Troyano i el tinent alcalde d\u2019este municipi de Camp de T\u00faria, Xavier Jorge.<\/p>\n\n\n\n<p>Estos quatre municipis, que s&#8217;han quedat fora de les ajudes del Patronat de la Fundaci\u00f3, havien sol\u00b7licitat una reuni\u00f3 amb la Diputaci\u00f3 ja que la corporaci\u00f3 provincial va col\u00b7laborar amb la Fundaci\u00f3 per a poder agilitzar l\u2019entrega del fons. En tot cas, ha explicat Momp\u00f3, \u201cs&#8217;atendr\u00e0 tamb\u00e9 la resta d&#8217;ajuntaments que han expressat el seu malestar\u201d.&nbsp;<\/p>\n\n\n\n<p>A m\u00e9s, ha concretat el president, \u201cbuscarem f\u00f3rmules per a ajudar als municipis que estan dins dels criteris establits\u201d. La Fundaci\u00f3 establix tres nivells d&#8217;ajuda per persona, en funci\u00f3 de la gravetat de la situaci\u00f3, de 3.000, 6.000 i 10.000 euros, i tres l\u00ednies: les ajudes per danys en la vivenda habitual, mobiliari, estris i\/o electrodom\u00e8stics, per danys en vehicles necessaris per al treball, i la tercera l\u00ednia es tracta d&#8217;ajudes per la p\u00e8rdua de la font d&#8217;ingressos. Cada ajuntament \u00e9s qui tramita estes ajudes directes als damnificats per la cat\u00e0strofe.&nbsp;<\/p>\n\n\n\n<p>La Diputaci\u00f3 va facilitar a la Fundaci\u00f3 un primer llistat de municipis m\u00e9s afectats que s&#8217;havia elaborat en el CECOPI i a trav\u00e9s del sat\u00e8l\u00b7lit Copernicus. Un llistat, despr\u00e9s ampliat, que en el moment que es va enviar no arreplegava a estos i altres municipis, que despr\u00e9s s\u00ed que van ser inclosos. Per esta ra\u00f3, en previsi\u00f3 que aix\u00f2 poguera oc\u00f3rrer, la pr\u00f2pia corporaci\u00f3 provincial va recomanar a la Fundaci\u00f3 que es guardaren 10 milions d&#8217;euros per si calia respondre a les necessitats d&#8217;altres municipis. No obstant aix\u00f2, ha sigut la Fundaci\u00f3 qui ha establit un repartiment amb els seus propis criteris.<\/p>\n\n\n\n<p>A part de la col\u00b7laboraci\u00f3 amb la Fundaci\u00f3 Amancio Ortega, la Diputaci\u00f3 i COSITAL Val\u00e8ncia (Col\u00b7legi de Secretaris, Interventors i Tresorers de l&#8217;Administraci\u00f3 Local) han oferit als ajuntaments dels municipis afectats per la dana un model de bases reguladores perqu\u00e8 puguen adaptar-lo a les seues necessitats a l&#8217;hora de gestionar el repartiment d&#8217;ajudes destinades per esta fundaci\u00f3.<\/p>\n","protected":false},"excerpt":{"rendered":"<div class=\"mh-excerpt\">El president de la corporaci\u00f3 provincial, Vicent Momp\u00f3, es reunix amb els alcaldes i alcaldesses de Quart de Poblet, Loriguilla, Riba-roja i Vilamarxant. Estos quatre municipis havien sol\u00b7licitat una reuni\u00f3 amb la instituci\u00f3 provincial per <a class=\"mh-excerpt-more\" href=\"https:\/\/www.tucomarca.com\/wordpress\/segunda\/ca\/la-diputacio-estudiara-com-ajudar-als-municipis-que-shan-quedat-fora-del-repartiment-de-fons-de-la-fundacio-amancio-ortega\/\" title=\"La Diputaci\u00f3 estudiar\u00e0 com ajudar als municipis que s&#8217;han quedat fora del repartiment de fons de la Fundaci\u00f3 Amancio Ortega\">[+] <\/a><\/div>\n","protected":false},"author":13,"featured_media":249867,"comment_status":"open","ping_status":"open","sticky":false,"template":"","format":"standard","meta":{"footnotes":""},"categories":[10892,21466,10898,10948,10894,10904,10931,10903,10947,10906,10896,10897,10927],"tags":[10899,15409,11199,21009,11431,11102,11090],"class_list":{"0":"post-249869","1":"post","2":"type-post","3":"status-publish","4":"format-standard","5":"has-post-thumbnail","7":"category-camp-de-turia-ca","8":"category-dana-ca","9":"category-ventana-ca","10":"category-infraestructuras-ca","11":"category-la-comarca-ca","12":"category-sin-categorizar-ca","13":"category-loriguilla-ca","14":"category-medio-ambiente-la-comarca-ca","15":"category-politica","16":"category-riba-roja-ca","17":"category-seccion-ca","18":"category-sucesos-la-comarca-ca","19":"category-vilamarxant-ca","20":"tag-camp-de-turia-ca","21":"tag-dana-2-ca","22":"tag-la-comunitat-ca","23":"tag-la-diputacio-de-valencia-ca","24":"tag-loriguilla-ca","25":"tag-riba-roja-2-ca","26":"tag-vilamarxant-ca"},"_links":{"self":[{"href":"https:\/\/www.tucomarca.com\/wordpress\/segunda\/ca\/wp-json\/wp\/v2\/posts\/249869","targetHints":{"allow":["GET"]}}],"collection":[{"href":"https:\/\/www.tucomarca.com\/wordpress\/segunda\/ca\/wp-json\/wp\/v2\/posts"}],"about":[{"href":"https:\/\/www.tucomarca.com\/wordpress\/segunda\/ca\/wp-json\/wp\/v2\/types\/post"}],"author":[{"embeddable":true,"href":"https:\/\/www.tucomarca.com\/wordpress\/segunda\/ca\/wp-json\/wp\/v2\/users\/13"}],"replies":[{"embeddable":true,"href":"https:\/\/www.tucomarca.com\/wordpress\/segunda\/ca\/wp-json\/wp\/v2\/comments?post=249869"}],"version-history":[{"count":0,"href":"https:\/\/www.tucomarca.com\/wordpress\/segunda\/ca\/wp-json\/wp\/v2\/posts\/249869\/revisions"}],"wp:featuredmedia":[{"embeddable":true,"href":"https:\/\/www.tucomarca.com\/wordpress\/segunda\/ca\/wp-json\/wp\/v2\/media\/249867"}],"wp:attachment":[{"href":"https:\/\/www.tucomarca.com\/wordpress\/segunda\/ca\/wp-json\/wp\/v2\/media?parent=249869"}],"wp:term":[{"taxonomy":"category","embeddable":true,"href":"https:\/\/www.tucomarca.com\/wordpress\/segunda\/ca\/wp-json\/wp\/v2\/categories?post=249869"},{"taxonomy":"post_tag","embeddable":true,"href":"https:\/\/www.tucomarca.com\/wordpress\/segunda\/ca\/wp-json\/wp\/v2\/tags?post=249869"}],"curies":[{"name":"wp","href":"https:\/\/api.w.org\/{rel}","templated":true}]}}