{"id":249896,"date":"2025-01-08T10:30:00","date_gmt":"2025-01-08T08:30:00","guid":{"rendered":"https:\/\/www.tucomarca.com\/wordpress\/segunda\/?p=249896"},"modified":"2025-01-08T20:17:39","modified_gmt":"2025-01-08T18:17:39","slug":"educacio-incrementa-en-mes-de-4-milions-deuros-el-pressupost-de-construccio-de-lies-no-2-de-la-pobla-de-vallbona","status":"publish","type":"post","link":"https:\/\/www.tucomarca.com\/wordpress\/segunda\/ca\/educacio-incrementa-en-mes-de-4-milions-deuros-el-pressupost-de-construccio-de-lies-no-2-de-la-pobla-de-vallbona\/","title":{"rendered":"Educaci\u00f3 incrementa en m\u00e9s de 4 milions d\u2019euros el pressupost de construcci\u00f3 de l\u2019IES n\u00ba 2 de la Pobla de Vallbona"},"content":{"rendered":"\n<h3 class=\"wp-block-heading\">Amb l\u2019increment de delegaci\u00f3 el nou centre educatiu comptar\u00e0 amb un pressupost de 14.745.300,20 euros.<\/h3>\n\n\n\n<h3 class=\"wp-block-heading\">El director general d\u2019Infraestructures Educatives ha visitat este dimecres el municipi, a on se celebra dem\u00e0 el ple d\u2019acceptaci\u00f3.<\/h3>\n\n\n\n<h3 class=\"wp-block-heading\">La Conselleria ha aprovat tamb\u00e9 increments en el CEIP N\u00fam. 106 de Malilla (Val\u00e8ncia), CEIP Escriptor Cany\u00eds de Mon\u00f2ver i IES la Torreta d\u2019Elda.<\/h3>\n\n\n\n<p>La Conselleria d\u2019Educaci\u00f3, Cultura, Universitats i Ocupaci\u00f3 ha aprovat un increment de delegaci\u00f3 en l\u2019IES N\u00fam. 2 de la Pobla de Vallbona de 4.092.314,67 euros, per la qual cosa la construcci\u00f3 d\u2019este nou centre educatiu, incl\u00f2s en el pla Edificant, ascendir\u00e0 a 14.745.300,20 euros.<\/p>\n\n\n\n<p>El director general d\u2019Infraestructures Educatives, Jos\u00e9 Mar\u00eda Larena, ha visitat este dimecres la localitat, a on s\u2019ha reunit amb l\u2019alcalde del municipi, Abel Mart\u00ed, representants municipals i l\u2019equip redactor del projecte per a abordar la situaci\u00f3 del nou institut. L\u2019Ajuntament de la Pobla de Vallbona celebrar\u00e0 dem\u00e0 un ple per a acceptar este increment, per la qual cosa ja podr\u00e0 procedir a la licitaci\u00f3 de les obres.<\/p>\n\n\n\n<p>Este nou centre, amb capacitat per a 810 alumnes, tindr\u00e0 un perfil de 16 unitats d\u2019ESO, 6 unitats de Batxillerat i 2 de cicles formatius amb 4 unitats formatives.<\/p>\n\n\n\n<p>Aix\u00ed mateix, des de la Conselleria d\u2019Educaci\u00f3 s\u2019han aprovat tamb\u00e9 increments de delegaci\u00f3 en el CEIP N\u00fam. 106 de Malilla (Val\u00e8ncia), CEIP Escriptor Cany\u00eds de Mon\u00f2ver i IES la Torreta d\u2019Elda, els tres inclosos en el pla Edificant.<\/p>\n\n\n\n<p>El CEIP N\u00fam. 106 de Malilla (Val\u00e8ncia) l\u2019increment aprovat per a la construcci\u00f3 del centre \u00e9s de 2.155.045,15 per la qual cosa el pressupost final ascendix a 15.439.699,79 \u20ac.<\/p>\n\n\n\n<p>Per la seua part, per al CEIP Escriptor Cany\u00eds de Mon\u00f2ver s\u2019ha aprovat un increment per a l\u2019adequaci\u00f3 i ampliaci\u00f3 del centre de 721.905,29 euros, la qual cosa fa que el pressupost total de l\u2019obra ascendisca a 2.344.164,36 euros.<\/p>\n\n\n\n<p>Finalment, en l\u2019IES la Torreta d\u2019Elda l\u2019increment de la delegaci\u00f3 de compet\u00e8ncies ascendix a 232.919,57 \u20ac, per la qual cosa el pressupost total per a l\u2019actuaci\u00f3 de clos perimetral, noves aules per a tallers i instal\u00b7laci\u00f3 de plaques fotovoltaiques ascendix a 1.027.808,29 euros.<\/p>\n\n\n\n<figure class=\"wp-block-image size-large\"><img loading=\"lazy\" decoding=\"async\" width=\"1024\" height=\"771\" src=\"http:\/\/www.tucomarca.com\/wordpress\/segunda\/wp-content\/uploads\/2025\/01\/LaPobla02-1024x771.jpeg\" alt=\"\" class=\"wp-image-249889\" srcset=\"https:\/\/www.tucomarca.com\/wordpress\/segunda\/wp-content\/uploads\/2025\/01\/LaPobla02-1024x771.jpeg 1024w, https:\/\/www.tucomarca.com\/wordpress\/segunda\/wp-content\/uploads\/2025\/01\/LaPobla02-300x226.jpeg 300w, https:\/\/www.tucomarca.com\/wordpress\/segunda\/wp-content\/uploads\/2025\/01\/LaPobla02-768x578.jpeg 768w, https:\/\/www.tucomarca.com\/wordpress\/segunda\/wp-content\/uploads\/2025\/01\/LaPobla02-1536x1157.jpeg 1536w, https:\/\/www.tucomarca.com\/wordpress\/segunda\/wp-content\/uploads\/2025\/01\/LaPobla02-2048x1542.jpeg 2048w, https:\/\/www.tucomarca.com\/wordpress\/segunda\/wp-content\/uploads\/2025\/01\/LaPobla02-678x509.jpeg 678w, https:\/\/www.tucomarca.com\/wordpress\/segunda\/wp-content\/uploads\/2025\/01\/LaPobla02-326x245.jpeg 326w, https:\/\/www.tucomarca.com\/wordpress\/segunda\/wp-content\/uploads\/2025\/01\/LaPobla02-80x60.jpeg 80w\" sizes=\"auto, (max-width: 1024px) 100vw, 1024px\" \/><\/figure>\n","protected":false},"excerpt":{"rendered":"<div class=\"mh-excerpt\">Amb l\u2019increment de delegaci\u00f3 el nou centre educatiu comptar\u00e0 amb un pressupost de 14.745.300,20 euros. El director general d\u2019Infraestructures Educatives ha visitat este dimecres el municipi, a on se celebra dem\u00e0 el ple d\u2019acceptaci\u00f3. La <a class=\"mh-excerpt-more\" href=\"https:\/\/www.tucomarca.com\/wordpress\/segunda\/ca\/educacio-incrementa-en-mes-de-4-milions-deuros-el-pressupost-de-construccio-de-lies-no-2-de-la-pobla-de-vallbona\/\" title=\"Educaci\u00f3 incrementa en m\u00e9s de 4 milions d\u2019euros el pressupost de construcci\u00f3 de l\u2019IES n\u00ba 2 de la Pobla de Vallbona\">[+] <\/a><\/div>\n","protected":false},"author":13,"featured_media":249887,"comment_status":"open","ping_status":"open","sticky":false,"template":"","format":"standard","meta":{"footnotes":""},"categories":[10892,21466,10898,10948,10894,10904,10915,10947,10896],"tags":[10899,15409,12903,10949],"class_list":{"0":"post-249896","1":"post","2":"type-post","3":"status-publish","4":"format-standard","5":"has-post-thumbnail","7":"category-camp-de-turia-ca","8":"category-dana-ca","9":"category-ventana-ca","10":"category-infraestructuras-ca","11":"category-la-comarca-ca","12":"category-sin-categorizar-ca","13":"category-la-pobla-ca","14":"category-politica","15":"category-seccion-ca","16":"tag-camp-de-turia-ca","17":"tag-dana-2-ca","18":"tag-infraestructuras-ca","19":"tag-la-pobla-ca"},"_links":{"self":[{"href":"https:\/\/www.tucomarca.com\/wordpress\/segunda\/ca\/wp-json\/wp\/v2\/posts\/249896","targetHints":{"allow":["GET"]}}],"collection":[{"href":"https:\/\/www.tucomarca.com\/wordpress\/segunda\/ca\/wp-json\/wp\/v2\/posts"}],"about":[{"href":"https:\/\/www.tucomarca.com\/wordpress\/segunda\/ca\/wp-json\/wp\/v2\/types\/post"}],"author":[{"embeddable":true,"href":"https:\/\/www.tucomarca.com\/wordpress\/segunda\/ca\/wp-json\/wp\/v2\/users\/13"}],"replies":[{"embeddable":true,"href":"https:\/\/www.tucomarca.com\/wordpress\/segunda\/ca\/wp-json\/wp\/v2\/comments?post=249896"}],"version-history":[{"count":0,"href":"https:\/\/www.tucomarca.com\/wordpress\/segunda\/ca\/wp-json\/wp\/v2\/posts\/249896\/revisions"}],"wp:featuredmedia":[{"embeddable":true,"href":"https:\/\/www.tucomarca.com\/wordpress\/segunda\/ca\/wp-json\/wp\/v2\/media\/249887"}],"wp:attachment":[{"href":"https:\/\/www.tucomarca.com\/wordpress\/segunda\/ca\/wp-json\/wp\/v2\/media?parent=249896"}],"wp:term":[{"taxonomy":"category","embeddable":true,"href":"https:\/\/www.tucomarca.com\/wordpress\/segunda\/ca\/wp-json\/wp\/v2\/categories?post=249896"},{"taxonomy":"post_tag","embeddable":true,"href":"https:\/\/www.tucomarca.com\/wordpress\/segunda\/ca\/wp-json\/wp\/v2\/tags?post=249896"}],"curies":[{"name":"wp","href":"https:\/\/api.w.org\/{rel}","templated":true}]}}