{"id":250078,"date":"2025-01-10T09:00:00","date_gmt":"2025-01-10T07:00:00","guid":{"rendered":"https:\/\/www.tucomarca.com\/wordpress\/segunda\/?p=250078"},"modified":"2025-01-10T19:58:18","modified_gmt":"2025-01-10T17:58:18","slug":"la-conselleria-de-justicia-recorda-als-familiars-dels-morts-en-la-riuada-que-no-han-dabonar-cap-tipus-de-gasto-medic-forense","status":"publish","type":"post","link":"https:\/\/www.tucomarca.com\/wordpress\/segunda\/ca\/la-conselleria-de-justicia-recorda-als-familiars-dels-morts-en-la-riuada-que-no-han-dabonar-cap-tipus-de-gasto-medic-forense\/","title":{"rendered":"La Conselleria de Just\u00edcia recorda als familiars dels morts en la riuada que no han d\u2019abonar cap tipus de gasto m\u00e8dic forense"},"content":{"rendered":"\n<h3 class=\"wp-block-heading\"><strong>Tots els gastos forenses per la pr\u00e0ctica de l\u2019aut\u00f2psia i identificaci\u00f3 s\u00f3n a c\u00e0rrec de la Conselleria de Just\u00edcia mitjan\u00e7ant l\u2019Institut de Medicina Legal<\/strong>.<\/h3>\n\n\n\n<p>La Conselleria de Just\u00edcia i Administraci\u00f3 P\u00fablica recorda que tots els gastos forenses de les v\u00edctimes de la riuada s\u00f3n a c\u00e0rrec de la Conselleria de Just\u00edcia mitjan\u00e7ant l\u2019Institut de Medicina Legal.<\/p>\n\n\n\n<p>\u00c9s necessari assenyalar que el servici forense no ocasiona cap gasto per la pr\u00e0ctica de l\u2019aut\u00f2psia ni identificaci\u00f3 a qualsevol persona que requerisca estos servicis. La pr\u00e0ctica forense \u00e9s un servici p\u00fablic i, per tant, gratu\u00eft.<\/p>\n\n\n\n<p>En conseq\u00fc\u00e8ncia, la Conselleria vol deixar clar que el servici forense no pot ocasionar ni ha d\u2019ocasionar cap gasto a les persones que s\u2019hagen vist afectades per la p\u00e8rdua d\u2019algun familiar.<\/p>\n\n\n\n<p>En qualsevol cas, la Generalitat es mantindr\u00e0 vigilant davant de possibles c\u00e0rrecs indeguts en les factures de les funer\u00e0ries emeses als familiars en relaci\u00f3 amb el servici.<\/p>\n","protected":false},"excerpt":{"rendered":"<div class=\"mh-excerpt\">Tots els gastos forenses per la pr\u00e0ctica de l\u2019aut\u00f2psia i identificaci\u00f3 s\u00f3n a c\u00e0rrec de la Conselleria de Just\u00edcia mitjan\u00e7ant l\u2019Institut de Medicina Legal. La Conselleria de Just\u00edcia i Administraci\u00f3 P\u00fablica recorda que tots els <a class=\"mh-excerpt-more\" href=\"https:\/\/www.tucomarca.com\/wordpress\/segunda\/ca\/la-conselleria-de-justicia-recorda-als-familiars-dels-morts-en-la-riuada-que-no-han-dabonar-cap-tipus-de-gasto-medic-forense\/\" title=\"La Conselleria de Just\u00edcia recorda als familiars dels morts en la riuada que no han d\u2019abonar cap tipus de gasto m\u00e8dic forense\">[+] <\/a><\/div>\n","protected":false},"author":13,"featured_media":244128,"comment_status":"open","ping_status":"open","sticky":false,"template":"","format":"standard","meta":{"footnotes":""},"categories":[21466,10898,10948,10894,10904,10947,10896,10897],"tags":[15409,11199,11140],"class_list":{"0":"post-250078","1":"post","2":"type-post","3":"status-publish","4":"format-standard","5":"has-post-thumbnail","7":"category-dana-ca","8":"category-ventana-ca","9":"category-infraestructuras-ca","10":"category-la-comarca-ca","11":"category-sin-categorizar-ca","12":"category-politica","13":"category-seccion-ca","14":"category-sucesos-la-comarca-ca","15":"tag-dana-2-ca","16":"tag-la-comunitat-ca","17":"tag-politica-ca"},"_links":{"self":[{"href":"https:\/\/www.tucomarca.com\/wordpress\/segunda\/ca\/wp-json\/wp\/v2\/posts\/250078","targetHints":{"allow":["GET"]}}],"collection":[{"href":"https:\/\/www.tucomarca.com\/wordpress\/segunda\/ca\/wp-json\/wp\/v2\/posts"}],"about":[{"href":"https:\/\/www.tucomarca.com\/wordpress\/segunda\/ca\/wp-json\/wp\/v2\/types\/post"}],"author":[{"embeddable":true,"href":"https:\/\/www.tucomarca.com\/wordpress\/segunda\/ca\/wp-json\/wp\/v2\/users\/13"}],"replies":[{"embeddable":true,"href":"https:\/\/www.tucomarca.com\/wordpress\/segunda\/ca\/wp-json\/wp\/v2\/comments?post=250078"}],"version-history":[{"count":0,"href":"https:\/\/www.tucomarca.com\/wordpress\/segunda\/ca\/wp-json\/wp\/v2\/posts\/250078\/revisions"}],"wp:featuredmedia":[{"embeddable":true,"href":"https:\/\/www.tucomarca.com\/wordpress\/segunda\/ca\/wp-json\/wp\/v2\/media\/244128"}],"wp:attachment":[{"href":"https:\/\/www.tucomarca.com\/wordpress\/segunda\/ca\/wp-json\/wp\/v2\/media?parent=250078"}],"wp:term":[{"taxonomy":"category","embeddable":true,"href":"https:\/\/www.tucomarca.com\/wordpress\/segunda\/ca\/wp-json\/wp\/v2\/categories?post=250078"},{"taxonomy":"post_tag","embeddable":true,"href":"https:\/\/www.tucomarca.com\/wordpress\/segunda\/ca\/wp-json\/wp\/v2\/tags?post=250078"}],"curies":[{"name":"wp","href":"https:\/\/api.w.org\/{rel}","templated":true}]}}