{"id":250212,"date":"2025-01-13T12:00:00","date_gmt":"2025-01-13T10:00:00","guid":{"rendered":"https:\/\/www.tucomarca.com\/wordpress\/segunda\/?p=250212"},"modified":"2025-01-13T13:24:01","modified_gmt":"2025-01-13T11:24:01","slug":"tragsa-comencara-en-breu-els-treballs-de-recuperacio-de-parcelles-i-explotacions-agraries-a-xest","status":"publish","type":"post","link":"https:\/\/www.tucomarca.com\/wordpress\/segunda\/ca\/tragsa-comencara-en-breu-els-treballs-de-recuperacio-de-parcelles-i-explotacions-agraries-a-xest\/","title":{"rendered":"Tragsa comen\u00e7ar\u00e0 en breu els treballs de recuperaci\u00f3 de parcel\u00b7les i explotacions agr\u00e0ries a Xest"},"content":{"rendered":"\n<p>Divendres passat, 10 de gener, el ministre d&#8217;Agricultura, Pesca i Alimentaci\u00f3, Luis Planas, va visitar les labors de reconstrucci\u00f3 d&#8217;explotacions agr\u00e0ries afectades per la DANA a Xiva, i va assegurar que pr\u00f2ximament l&#8217;empresa p\u00fablica Tragsa abordar\u00e0 tamb\u00e9 els treballs de recuperaci\u00f3 de parcel\u00b7les i camins rurals a Xest, malgrat l&#8217;actual insufici\u00e8ncia de maquin\u00e0ria.<br>L&#8217;Ajuntament recorda que les persones titulars d&#8217;explotacions afectades per la DANA han de donar part a Tragsa a trav\u00e9s del tel\u00e8fon gratu\u00eft 900 925 782, si encara no ho han fet, perqu\u00e8 l&#8217;empresa puga incloure les seues reparacions dins de les pr\u00f2xima fase d&#8217;actuacions a Xest.<\/p>\n\n\n\n<p><strong>Pagaments de l&#8217;asseguran\u00e7a agr\u00e0ria i del FEGA<\/strong><\/p>\n\n\n\n<p>Des del Ministeri s&#8217;ha informat que l&#8217;asseguran\u00e7a agr\u00e0ria ha reconegut fins al moment indemnitzacions per valor de 31,76 milions d&#8217;euros per a un total de 18.500 agricultors, dels quals 16.700 ja han rebut el pagament i els 1.800 restants el percebran en els pr\u00f2xims dies.<br>Al llarg d&#8217;aquest mes de gener el Fons Espanyol de Garantia Agr\u00e0ria (FEGA) abonar\u00e0 tamb\u00e9 les ajudes als 6.742 agricultors inclosos en la primera llista de beneficiaris publicada. Aquestes ajudes directes als agricultors s\u00f3n a fons perdut i s\u00f3n concedides d&#8217;ofici una vegada que els perits constaten que les explotacions han patit p\u00e8rdues en la seua producci\u00f3 d&#8217;almenys un 40%. En aquest sentit, les labors de peritaci\u00f3 continuen i pr\u00f2ximament es publicar\u00e0 un nou llistat de beneficiaris.<\/p>\n\n\n\n<p><strong>Noves ajudes agr\u00edcoles<\/strong><\/p>\n\n\n\n<p>Recentment s&#8217;han publicat en el BOE dues l\u00ednies d&#8217;ajudes destinades a subvencionar part dels pr\u00e9stecs ICO i dels avals SAECA de professionals del sector agrari afectats per la DANA, el termini de sol\u00b7licitud de la qual comen\u00e7ar\u00e0 el pr\u00f2xim 16 gener de 2025 i finalitzar\u00e0 l&#8217;1 de setembre de 2026.<br>Tamb\u00e9 est\u00e0 obert el termini de les ajudes per a la reposici\u00f3 de maquin\u00e0ria agr\u00edcola danyada per la DANA, fins a l&#8217;1 de mar\u00e7 de 2025.<\/p>\n","protected":false},"excerpt":{"rendered":"<div class=\"mh-excerpt\">Divendres passat, 10 de gener, el ministre d&#8217;Agricultura, Pesca i Alimentaci\u00f3, Luis Planas, va visitar les labors de reconstrucci\u00f3 d&#8217;explotacions agr\u00e0ries afectades per la DANA a Xiva, i va assegurar que pr\u00f2ximament l&#8217;empresa p\u00fablica Tragsa <a class=\"mh-excerpt-more\" href=\"https:\/\/www.tucomarca.com\/wordpress\/segunda\/ca\/tragsa-comencara-en-breu-els-treballs-de-recuperacio-de-parcelles-i-explotacions-agraries-a-xest\/\" title=\"Tragsa comen\u00e7ar\u00e0 en breu els treballs de recuperaci\u00f3 de parcel\u00b7les i explotacions agr\u00e0ries a Xest\">[+] <\/a><\/div>\n","protected":false},"author":12,"featured_media":250211,"comment_status":"open","ping_status":"open","sticky":false,"template":"","format":"standard","meta":{"footnotes":""},"categories":[10905,21466,10898,10948,10894,10904,10912,10903,10947,10896,10974],"tags":[11071,15409,10914],"class_list":{"0":"post-250212","1":"post","2":"type-post","3":"status-publish","4":"format-standard","5":"has-post-thumbnail","7":"category-agricultura-la-comarca-ca","8":"category-dana-ca","9":"category-ventana-ca","10":"category-infraestructuras-ca","11":"category-la-comarca-ca","12":"category-sin-categorizar-ca","13":"category-la-hoya-ca","14":"category-medio-ambiente-la-comarca-ca","15":"category-politica","16":"category-seccion-ca","17":"category-cheste-ca","18":"tag-cheste","19":"tag-dana-2-ca","20":"tag-la-hoya-de-bunol-chiva-ca"},"_links":{"self":[{"href":"https:\/\/www.tucomarca.com\/wordpress\/segunda\/ca\/wp-json\/wp\/v2\/posts\/250212","targetHints":{"allow":["GET"]}}],"collection":[{"href":"https:\/\/www.tucomarca.com\/wordpress\/segunda\/ca\/wp-json\/wp\/v2\/posts"}],"about":[{"href":"https:\/\/www.tucomarca.com\/wordpress\/segunda\/ca\/wp-json\/wp\/v2\/types\/post"}],"author":[{"embeddable":true,"href":"https:\/\/www.tucomarca.com\/wordpress\/segunda\/ca\/wp-json\/wp\/v2\/users\/12"}],"replies":[{"embeddable":true,"href":"https:\/\/www.tucomarca.com\/wordpress\/segunda\/ca\/wp-json\/wp\/v2\/comments?post=250212"}],"version-history":[{"count":0,"href":"https:\/\/www.tucomarca.com\/wordpress\/segunda\/ca\/wp-json\/wp\/v2\/posts\/250212\/revisions"}],"wp:featuredmedia":[{"embeddable":true,"href":"https:\/\/www.tucomarca.com\/wordpress\/segunda\/ca\/wp-json\/wp\/v2\/media\/250211"}],"wp:attachment":[{"href":"https:\/\/www.tucomarca.com\/wordpress\/segunda\/ca\/wp-json\/wp\/v2\/media?parent=250212"}],"wp:term":[{"taxonomy":"category","embeddable":true,"href":"https:\/\/www.tucomarca.com\/wordpress\/segunda\/ca\/wp-json\/wp\/v2\/categories?post=250212"},{"taxonomy":"post_tag","embeddable":true,"href":"https:\/\/www.tucomarca.com\/wordpress\/segunda\/ca\/wp-json\/wp\/v2\/tags?post=250212"}],"curies":[{"name":"wp","href":"https:\/\/api.w.org\/{rel}","templated":true}]}}