{"id":250349,"date":"2025-01-14T11:30:00","date_gmt":"2025-01-14T09:30:00","guid":{"rendered":"https:\/\/www.tucomarca.com\/wordpress\/segunda\/?p=250349"},"modified":"2025-01-14T18:57:31","modified_gmt":"2025-01-14T16:57:31","slug":"el-consell-ratifica-la-contractacio-demergencia-de-les-obres-de-reconstruccio-dinfraestructures-danyades-per-la-riuada-a-bugarra-i-calles","status":"publish","type":"post","link":"https:\/\/www.tucomarca.com\/wordpress\/segunda\/ca\/el-consell-ratifica-la-contractacio-demergencia-de-les-obres-de-reconstruccio-dinfraestructures-danyades-per-la-riuada-a-bugarra-i-calles\/","title":{"rendered":"El Consell ratifica la contractaci\u00f3 d&#8217;emerg\u00e8ncia de les obres de reconstrucci\u00f3 d&#8217;infraestructures danyades per la riuada a Bugarra i Calles"},"content":{"rendered":"\n<h3 class=\"wp-block-heading\">S&#8217;aprova la contractaci\u00f3 d&#8217;emerg\u00e8ncia per a reconstruir un pont a Bugarra i una passarel\u00b7la a Calles amb un import de 3.456.000.<\/h3>\n\n\n\n<p>El Consell ha pres ra\u00f3 de la declaraci\u00f3 d&#8217;emerg\u00e8ncia de la contractaci\u00f3 de les obres de reconstrucci\u00f3 de diferents infraestructures danyades per les inundacions en els termes municipals de Picassent, Bugarra i Calles.<\/p>\n\n\n\n<p>En el cas de Picassent, es tracta de dues estructures en la carretera CV-4140, el Pont de l\u2019Omet i el Pont del Mes de Sabater, que se situen sobre el barranc de Ninyerola, tots dos en aquest municipi. El cost de les actuacions ascendeix a 4.320.000 euros i el termini per a la seua finalitzaci\u00f3 \u00e9s de dotze mesos.<\/p>\n\n\n\n<p>El mes de desembre passat la Conselleria de Medi Ambient, Infraestructures i Territori va iniciar els primers treballs d&#8217;abalisament i senyalitzaci\u00f3 de les obres, aix\u00ed com la construcci\u00f3 de rampes provisionals per a facilitar l&#8217;acc\u00e9s de maquin\u00e0ria pesant als llits.<\/p>\n\n\n\n<p>Una vegada completats aquests treballs, s&#8217;est\u00e0 procedint a l&#8217;avaluaci\u00f3 de les solucions \u00f2ptimes per a dissenyar les noves estructures dels ponts i la seua execuci\u00f3. Per a facilitar els treballs, s&#8217;adequa l&#8217;acc\u00e9s per als transports especials i es reposa el prove\u00efment d&#8217;aigua potable en la zona.<\/p>\n\n\n\n<p>La fase seg\u00fcent implicar\u00e0 l&#8217;adequaci\u00f3 de les connexions de la carretera CV-4140 i del Cam\u00ed dels Carrils amb les noves estructures dels ponts. Finalment, despr\u00e9s de la construcci\u00f3 de les estructures definitives, s&#8217;eliminaran els accessos provisionals i es faran treballs de neteja i restituci\u00f3 de l&#8217;entorn.<\/p>\n\n\n\n<p><strong>Estructures de Bugarra i Calles<\/strong><\/p>\n\n\n\n<p>Aix\u00ed mateix, el Consell ha declarat d&#8217;emerg\u00e8ncia la contractaci\u00f3 de les obres del pont sobre el riu T\u00faria a Bugarra i la passarel\u00b7la sobre el riu Toixa a Calles, amb un pressupost total de 3.456.000 euros.<\/p>\n\n\n\n<p>A causa dels greus danys estructurals del pont a Bugarra, s&#8217;ha decidit demolir-lo i reconstruir-lo. Les obres contractades inclouen la neteja del llit del riu, retirar la part superior del pont i demolir les bases, encara que s&#8217;intentar\u00e0 conservar les parts que estan en bon estat. El nou pont tindr\u00e0 bases similars a les antigues, per\u00f2 s&#8217;elevar\u00e0 un poc m\u00e9s i tindr\u00e0 un disseny que ajudar\u00e0 a drenar millor l&#8217;aigua. Tamb\u00e9 s&#8217;instal\u00b7lar\u00e0 un sistema per a contindre possibles lliscaments i es facilitar\u00e0 el pas de serveis necessaris.<\/p>\n\n\n\n<p>En el cas de la passarel\u00b7la sobre el riu Toixa en el terme municipal de Calles, la situaci\u00f3 tamb\u00e9 \u00e9s cr\u00edtica, amb danys estructurals i una notable reducci\u00f3 de la capacitat hidr\u00e0ulica del llit. Per aix\u00f2, es demolir\u00e0 la passarel\u00b7la antiga i es construir\u00e0 una nova perqu\u00e8 tinga m\u00e9s llum i altura. Les millores inclouen netejar el llit, demolir la passarel\u00b7la actual, fer nous suports i posar una base de formig\u00f3 resistent. La nova passarel\u00b7la tindr\u00e0 baranes i un bon paviment.<\/p>\n\n\n\n<p>Durant el transcurs de totes aquestes obres contractades, es garantir\u00e0 el control de qualitat i mediambiental, aix\u00ed com la gesti\u00f3 adequada dels residus i la seguretat en el treball. Un equip de direcci\u00f3 d&#8217;obra s&#8217;encarregar\u00e0 de supervisar totes aquestes activitats.<\/p>\n","protected":false},"excerpt":{"rendered":"<div class=\"mh-excerpt\">S&#8217;aprova la contractaci\u00f3 d&#8217;emerg\u00e8ncia per a reconstruir un pont a Bugarra i una passarel\u00b7la a Calles amb un import de 3.456.000. El Consell ha pres ra\u00f3 de la declaraci\u00f3 d&#8217;emerg\u00e8ncia de la contractaci\u00f3 de les <a class=\"mh-excerpt-more\" href=\"https:\/\/www.tucomarca.com\/wordpress\/segunda\/ca\/el-consell-ratifica-la-contractacio-demergencia-de-les-obres-de-reconstruccio-dinfraestructures-danyades-per-la-riuada-a-bugarra-i-calles\/\" title=\"El Consell ratifica la contractaci\u00f3 d&#8217;emerg\u00e8ncia de les obres de reconstrucci\u00f3 d&#8217;infraestructures danyades per la riuada a Bugarra i Calles\">[+] <\/a><\/div>\n","protected":false},"author":12,"featured_media":248064,"comment_status":"open","ping_status":"open","sticky":false,"template":"","format":"standard","meta":{"footnotes":""},"categories":[11040,11038,21466,11046,10898,10948,10894,10904,10903,10947,10896,10897],"tags":[19852,11923,15409,12903,11199,11080],"class_list":{"0":"post-250349","1":"post","2":"type-post","3":"status-publish","4":"format-standard","5":"has-post-thumbnail","7":"category-bugarra-ca","8":"category-calles-ca","9":"category-dana-ca","10":"category-los-serranos-ca","11":"category-ventana-ca","12":"category-infraestructuras-ca","13":"category-la-comarca-ca","14":"category-sin-categorizar-ca","15":"category-medio-ambiente-la-comarca-ca","16":"category-politica","17":"category-seccion-ca","18":"category-sucesos-la-comarca-ca","19":"tag-bugarra-ca","20":"tag-calles-2-ca","21":"tag-dana-2-ca","22":"tag-infraestructuras-ca","23":"tag-la-comunitat-ca","24":"tag-los-serranos-ca"},"_links":{"self":[{"href":"https:\/\/www.tucomarca.com\/wordpress\/segunda\/ca\/wp-json\/wp\/v2\/posts\/250349","targetHints":{"allow":["GET"]}}],"collection":[{"href":"https:\/\/www.tucomarca.com\/wordpress\/segunda\/ca\/wp-json\/wp\/v2\/posts"}],"about":[{"href":"https:\/\/www.tucomarca.com\/wordpress\/segunda\/ca\/wp-json\/wp\/v2\/types\/post"}],"author":[{"embeddable":true,"href":"https:\/\/www.tucomarca.com\/wordpress\/segunda\/ca\/wp-json\/wp\/v2\/users\/12"}],"replies":[{"embeddable":true,"href":"https:\/\/www.tucomarca.com\/wordpress\/segunda\/ca\/wp-json\/wp\/v2\/comments?post=250349"}],"version-history":[{"count":0,"href":"https:\/\/www.tucomarca.com\/wordpress\/segunda\/ca\/wp-json\/wp\/v2\/posts\/250349\/revisions"}],"wp:featuredmedia":[{"embeddable":true,"href":"https:\/\/www.tucomarca.com\/wordpress\/segunda\/ca\/wp-json\/wp\/v2\/media\/248064"}],"wp:attachment":[{"href":"https:\/\/www.tucomarca.com\/wordpress\/segunda\/ca\/wp-json\/wp\/v2\/media?parent=250349"}],"wp:term":[{"taxonomy":"category","embeddable":true,"href":"https:\/\/www.tucomarca.com\/wordpress\/segunda\/ca\/wp-json\/wp\/v2\/categories?post=250349"},{"taxonomy":"post_tag","embeddable":true,"href":"https:\/\/www.tucomarca.com\/wordpress\/segunda\/ca\/wp-json\/wp\/v2\/tags?post=250349"}],"curies":[{"name":"wp","href":"https:\/\/api.w.org\/{rel}","templated":true}]}}