{"id":250368,"date":"2025-01-14T10:30:00","date_gmt":"2025-01-14T08:30:00","guid":{"rendered":"https:\/\/www.tucomarca.com\/wordpress\/segunda\/?p=250368"},"modified":"2025-01-14T19:03:05","modified_gmt":"2025-01-14T17:03:05","slug":"la-generalitat-celebra-els-25-anys-dels-plans-despecialitzacio-esportiva-que-han-format-a-mes-de-3-000-esportistes-en-el-centre-de-tecnificacio-de-xest","status":"publish","type":"post","link":"https:\/\/www.tucomarca.com\/wordpress\/segunda\/ca\/la-generalitat-celebra-els-25-anys-dels-plans-despecialitzacio-esportiva-que-han-format-a-mes-de-3-000-esportistes-en-el-centre-de-tecnificacio-de-xest\/","title":{"rendered":"La Generalitat celebra els 25 anys dels plans d&#8217;especialitzaci\u00f3 esportiva que han format a m\u00e9s de 3.000 esportistes en el Centre de Tecnificaci\u00f3 de Xest"},"content":{"rendered":"\n<h3 class=\"wp-block-heading\">Aquests plans, dirigits a joves esportistes d&#8217;entre 12 i 19 anys, ofereixen una formaci\u00f3 integral, permetent compaginar l&#8217;activitat acad\u00e8mica amb les exig\u00e8ncies de l&#8217;esport d&#8217;alt nivell.<\/h3>\n\n\n\n<h3 class=\"wp-block-heading\">\u201cEl nostre repte \u00e9s que aquests esportistes aconseguisquen destacar en els seus esports a nivell internacional, per\u00f2 tamb\u00e9 que la seua experi\u00e8ncia a Xest els forme com a esportistes i com a persones\u201d, ha indicat el director general d&#8217;Esport.<\/h3>\n\n\n\n<p>La Generalitat celebra els 25 anys dels plans d&#8217;especialitzaci\u00f3 esportiva (PED) gr\u00e0cies als quals m\u00e9s de 3.000 esportistes s&#8217;han format en el Centre de Tecnificaci\u00f3 de Xest. Molts d&#8217;ells han sigut i s\u00f3n internacionals que representen a Espanya i la Comunitat Valenciana tant en tant en Jocs Ol\u00edmpics com en campionats del m\u00f3n, d&#8217;Europa i nacionals.<\/p>\n\n\n\n<p>L&#8217;objectiu dels PED \u00e9s afavorir la formaci\u00f3 integral dels esportistes, permetent compaginar adequadament el desenvolupament de la seua activitat acad\u00e8mica amb les exig\u00e8ncies que implica la preparaci\u00f3 per a l&#8217;esport d&#8217;alt nivell en edat escolar i van dirigits a joves esportistes d&#8217;entre 12 i 19 anys.<\/p>\n\n\n\n<p>En l&#8217;acte de celebraci\u00f3 que ha tingut lloc aquest dimarts en el Complex Educatiu de Xest amb la pres\u00e8ncia de diversos esportistes d&#8217;elit formats en aquestes instal\u00b7lacions, el director general d&#8217;Esport, Luis Cervera, ha indicat que \u201cel centre de tecnificaci\u00f3 brinda a aquests esportistes l&#8217;oportunitat d&#8217;entrenar amb bons professionals i mitjans, amb el suport del centre de medicina esportiva. Per\u00f2 ells, al seu torn, han d&#8217;oferir la millor versi\u00f3 de si mateixos per a aconseguir els resultats esperats, tant acad\u00e8mics com esportius\u201d.<\/p>\n\n\n\n<p>Durant aquest curs 2024-25, el Complex Educatiu de Xest acull a 326 esportistes, que practiquen catorze esports inclosos en els PED, a m\u00e9s d&#8217;automobilisme i motociclisme del Centre de Tecnificaci\u00f3 del motor, que va iniciar la seua activitat en 2017.<\/p>\n\n\n\n<p>Els plans d&#8217;especialitzaci\u00f3 esportiva van donar principi en 1999 amb 70 esportistes pertanyents a les disciplines d&#8217;escacs, b\u00e0dminton, halterof\u00edlia i voleibol. En l&#8217;actualitat, la llista d&#8217;esports inclosos en els plans d&#8217;especialitzaci\u00f3 abasta badminton, handbol, beisbol i sofbol, esport d&#8217;orientaci\u00f3, hoquei, karate, nataci\u00f3 i nataci\u00f3 art\u00edstica, p\u00e0del, rugbi, taekwondo, tenis taula, tir amb arc, triatl\u00f3 i voleibol.<\/p>\n\n\n\n<p><strong>Formaci\u00f3 integral de l&#8217;esportista&nbsp;<\/strong><\/p>\n\n\n\n<p>Gr\u00e0cies a l&#8217;estreta col\u00b7laboraci\u00f3 entre les Conselleries competents en Educaci\u00f3 i Esport al costat de les federacions esportives que participen en el projecte, els plans d&#8217;especialitzaci\u00f3 esportiva s&#8217;han consolidat com una de les principals actuacions del Complex Educatiu de Xest.<\/p>\n\n\n\n<p>La seua consolidaci\u00f3 com a grup espec\u00edfic d&#8217;esportistes en el Complex es va materialitzar amb la creaci\u00f3 dels grups espec\u00edfics per a l&#8217;alumnat dels plans d&#8217;especialitzaci\u00f3 esportiva en l&#8217;Institut d&#8217;Educaci\u00f3 Secund\u00e0ria n\u00famero 1 del Complex Educatiu de Xest en 2010. En 2012 va ser qualificat pel CSD com a Centre de Tecnificaci\u00f3 Esportiva.<\/p>\n\n\n\n<p>Els esportistes, en r\u00e8gim d&#8217;internat de dilluns a divendres, estudien als matins Educaci\u00f3 Secund\u00e0ria Obligat\u00f2ria o Batxillerat en l&#8217;IES n\u00famero 1 de Xest i realitzen doble torn d&#8217;entrenament amb la seua federaci\u00f3. Aix\u00ed, els caps de setmana poden conciliar amb la seua fam\u00edlia i els seus clubs o pr\u00e0ctiques esportives.<\/p>\n\n\n\n<p>\u201cEl nostre repte \u00e9s que aquests esportistes aconseguisquen destacar en els seus esports a nivell internacional, per\u00f2 tamb\u00e9 que la seua experi\u00e8ncia a Xest els forme com a esportistes i com a persones\u201d, ha indicat Cervera.<\/p>\n\n\n\n<p>Aix\u00ed mateix, el director general ha manifestat que \u201cels esportistes fan un gran esfor\u00e7 separant-se de les seues fam\u00edlies i del seu entorn per a integrar-se en el Centre de tecnificaci\u00f3 per a compatibilitzar el seu entrenament amb un alt nivell d&#8217;exig\u00e8ncia i la seua activitat acad\u00e8mica, en la qual tamb\u00e9 se&#8217;ls exigeix un rendiment i una preparaci\u00f3 adequada\u201d.<\/p>\n","protected":false},"excerpt":{"rendered":"<div class=\"mh-excerpt\">Aquests plans, dirigits a joves esportistes d&#8217;entre 12 i 19 anys, ofereixen una formaci\u00f3 integral, permetent compaginar l&#8217;activitat acad\u00e8mica amb les exig\u00e8ncies de l&#8217;esport d&#8217;alt nivell. \u201cEl nostre repte \u00e9s que aquests esportistes aconseguisquen destacar <a class=\"mh-excerpt-more\" href=\"https:\/\/www.tucomarca.com\/wordpress\/segunda\/ca\/la-generalitat-celebra-els-25-anys-dels-plans-despecialitzacio-esportiva-que-han-format-a-mes-de-3-000-esportistes-en-el-centre-de-tecnificacio-de-xest\/\" title=\"La Generalitat celebra els 25 anys dels plans d&#8217;especialitzaci\u00f3 esportiva que han format a m\u00e9s de 3.000 esportistes en el Centre de Tecnificaci\u00f3 de Xest\">[+] <\/a><\/div>\n","protected":false},"author":12,"featured_media":250365,"comment_status":"open","ping_status":"open","sticky":false,"template":"","format":"standard","meta":{"footnotes":""},"categories":[21466,11003,10898,10948,10894,10904,10912,11009,10896,10974],"tags":[11071,11074,11199,10914],"class_list":{"0":"post-250368","1":"post","2":"type-post","3":"status-publish","4":"format-standard","5":"has-post-thumbnail","7":"category-dana-ca","8":"category-sports","9":"category-ventana-ca","10":"category-infraestructuras-ca","11":"category-la-comarca-ca","12":"category-sin-categorizar-ca","13":"category-la-hoya-ca","14":"category-polideportivo-ca","15":"category-seccion-ca","16":"category-cheste-ca","17":"tag-cheste","18":"tag-deportes-ca","19":"tag-la-comunitat-ca","20":"tag-la-hoya-de-bunol-chiva-ca"},"_links":{"self":[{"href":"https:\/\/www.tucomarca.com\/wordpress\/segunda\/ca\/wp-json\/wp\/v2\/posts\/250368","targetHints":{"allow":["GET"]}}],"collection":[{"href":"https:\/\/www.tucomarca.com\/wordpress\/segunda\/ca\/wp-json\/wp\/v2\/posts"}],"about":[{"href":"https:\/\/www.tucomarca.com\/wordpress\/segunda\/ca\/wp-json\/wp\/v2\/types\/post"}],"author":[{"embeddable":true,"href":"https:\/\/www.tucomarca.com\/wordpress\/segunda\/ca\/wp-json\/wp\/v2\/users\/12"}],"replies":[{"embeddable":true,"href":"https:\/\/www.tucomarca.com\/wordpress\/segunda\/ca\/wp-json\/wp\/v2\/comments?post=250368"}],"version-history":[{"count":0,"href":"https:\/\/www.tucomarca.com\/wordpress\/segunda\/ca\/wp-json\/wp\/v2\/posts\/250368\/revisions"}],"wp:featuredmedia":[{"embeddable":true,"href":"https:\/\/www.tucomarca.com\/wordpress\/segunda\/ca\/wp-json\/wp\/v2\/media\/250365"}],"wp:attachment":[{"href":"https:\/\/www.tucomarca.com\/wordpress\/segunda\/ca\/wp-json\/wp\/v2\/media?parent=250368"}],"wp:term":[{"taxonomy":"category","embeddable":true,"href":"https:\/\/www.tucomarca.com\/wordpress\/segunda\/ca\/wp-json\/wp\/v2\/categories?post=250368"},{"taxonomy":"post_tag","embeddable":true,"href":"https:\/\/www.tucomarca.com\/wordpress\/segunda\/ca\/wp-json\/wp\/v2\/tags?post=250368"}],"curies":[{"name":"wp","href":"https:\/\/api.w.org\/{rel}","templated":true}]}}