{"id":250573,"date":"2025-01-16T08:25:00","date_gmt":"2025-01-16T06:25:00","guid":{"rendered":"https:\/\/www.tucomarca.com\/wordpress\/segunda\/?p=250573"},"modified":"2025-01-16T20:06:15","modified_gmt":"2025-01-16T18:06:15","slug":"la-generalitat-inicia-les-obres-de-reconstruccio-de-dos-ponts-afectats-per-les-inundacions-a-xera-i-requena","status":"publish","type":"post","link":"https:\/\/www.tucomarca.com\/wordpress\/segunda\/ca\/la-generalitat-inicia-les-obres-de-reconstruccio-de-dos-ponts-afectats-per-les-inundacions-a-xera-i-requena\/","title":{"rendered":"La Generalitat inicia les obres de reconstrucci\u00f3 de dos ponts afectats per les inundacions a Xera i Requena"},"content":{"rendered":"\n<h3 class=\"wp-block-heading\">El cost de la recuperaci\u00f3 d&#8217;aquestes infraestructures que duu a terme la Conselleria de Medi Ambient, Infraestructures i Territori ascendeix a 2,7 milions d&#8217;euros.<\/h3>\n\n\n\n<h3 class=\"wp-block-heading\">La Generalitat ha assumit les compet\u00e8ncies per a rehabilitar estructures locals danyades dins del pla \u2018Recuperem Val\u00e8ncia\u2019.<\/h3>\n\n\n\n<p>La Generalitat ha iniciat aquesta setmana les obres de reconstrucci\u00f3 de dues infraestructures dels municipis de Xera i Requena, &nbsp;que van resultar greument afectades per les inundacions ocorregudes el mes d&#8217;octubre passat.<\/p>\n\n\n\n<p>La Conselleria de Medi Ambient, Infraestructures i Territori dur\u00e0 a terme aquestes actuacions, el cost total de les quals ascendeix a 2,7 milions d&#8217;euros, i seran realitzades per les mateixes empreses a causa de la proximitat de les dues estructures. A Xera s&#8217;han comen\u00e7ats les obres per a reconstruir el pont sobre el riu Reatillo, mentre que a Requena ha comen\u00e7at la reparaci\u00f3 del pont d&#8217;acc\u00e9s al llogaret El Reatillo.<\/p>\n\n\n\n<p>Aquestes actuacions, emmarcades dins del pla \u2018Recuperem Val\u00e8ncia\u2019, s&#8217;inicien despr\u00e9s que la Generalitat haja assumit les compet\u00e8ncies necess\u00e0ries per a executar la rehabilitaci\u00f3 d&#8217;infraestructures en 25 municipis afectats, entre les quals es troben aquests dos ponts de Xera i Requena.<\/p>\n\n\n\n<p>Els contactes amb els governs locals d&#8217;aquestes poblacions per a abordar les reconstruccions es van iniciar durant els dies seg\u00fcents a les inundacions, la qual cosa va permetre agilitzar els treballs previs i facilitar l&#8217;intercanvi de tota mena d&#8217;informaci\u00f3.<\/p>\n\n\n\n<p>El pla de recuperaci\u00f3 de carreteres, ponts i passarel\u00b7les locals acordat per la Conselleria de Medi Ambient, Infraestructures i Territori amb el Ministeri de Transports i Mobilitat Sostenible contempla la realitzaci\u00f3 per part de la Generalitat d&#8217;aproximadament mig centenar d&#8217;intervencions en infraestructures locals, a causa de les dificultats dels municipis per a assumir els treballs i la necessitat de realitzar-los com m\u00e9s prompte millor.<\/p>\n\n\n\n<p>Segons l&#8217;acord del Consell, la Generalitat s&#8217;encarregar\u00e0 de la recuperaci\u00f3 d&#8217;estructures en els municipis d&#8217;Albal, Alc\u00e0sser, Aldaia, Bugarra, Calles, Xest, Xera, Xiva, Xestalgar, Godelleta, Loriguilla, Macastre, Massanassa Montserrat, Pedralba, Picassent, Requena, Setaig\u00fces, Sinarques, Sot de Xera i Torrent. A m\u00e9s, en les localitats d&#8217;Algemes\u00ed, Beniparrell, Bunyol i Catarroja la responsabilitat de les obres es compartir\u00e0 entre l&#8217;administraci\u00f3 auton\u00f2mica i l&#8217;estatal.<\/p>\n","protected":false},"excerpt":{"rendered":"<div class=\"mh-excerpt\">El cost de la recuperaci\u00f3 d&#8217;aquestes infraestructures que duu a terme la Conselleria de Medi Ambient, Infraestructures i Territori ascendeix a 2,7 milions d&#8217;euros. La Generalitat ha assumit les compet\u00e8ncies per a rehabilitar estructures locals <a class=\"mh-excerpt-more\" href=\"https:\/\/www.tucomarca.com\/wordpress\/segunda\/ca\/la-generalitat-inicia-les-obres-de-reconstruccio-de-dos-ponts-afectats-per-les-inundacions-a-xera-i-requena\/\" title=\"La Generalitat inicia les obres de reconstrucci\u00f3 de dos ponts afectats per les inundacions a Xera i Requena\">[+] <\/a><\/div>\n","protected":false},"author":12,"featured_media":250571,"comment_status":"open","ping_status":"open","sticky":false,"template":"","format":"standard","meta":{"footnotes":""},"categories":[10911,11038,21466,11046,10898,10977,10948,10894,10904,10912,10902,10978,10903,11000,10947,10908,10909,10896,10979,11058,11026,10897,11037,10974,10975],"tags":[11318,15409,12903,11199,11080,12166],"class_list":{"0":"post-250573","1":"post","2":"type-post","3":"status-publish","4":"format-standard","5":"has-post-thumbnail","7":"category-bunol-ca","8":"category-calles-ca","9":"category-dana-ca","10":"category-los-serranos-ca","11":"category-ventana-ca","12":"category-godelleta-ca","13":"category-infraestructuras-ca","14":"category-la-comarca-ca","15":"category-sin-categorizar-ca","16":"category-la-hoya-ca","17":"category-la-ribera-ca","18":"category-macastre-ca","19":"category-medio-ambiente-la-comarca-ca","20":"category-monserrat-ca","21":"category-politica","22":"category-requena-ca","23":"category-requena-utiel-ca","24":"category-seccion-ca","25":"category-siete-aguas-ca","26":"category-sinarcas-ca","27":"category-sot-de-chera-ca","28":"category-sucesos-la-comarca-ca","29":"category-chera-los-serranos-ca","30":"category-cheste-ca","31":"category-chiva-ca","32":"tag-chera-ca","33":"tag-dana-2-ca","34":"tag-infraestructuras-ca","35":"tag-la-comunitat-ca","36":"tag-los-serranos-ca","37":"tag-medio-ambiente-ca"},"_links":{"self":[{"href":"https:\/\/www.tucomarca.com\/wordpress\/segunda\/ca\/wp-json\/wp\/v2\/posts\/250573","targetHints":{"allow":["GET"]}}],"collection":[{"href":"https:\/\/www.tucomarca.com\/wordpress\/segunda\/ca\/wp-json\/wp\/v2\/posts"}],"about":[{"href":"https:\/\/www.tucomarca.com\/wordpress\/segunda\/ca\/wp-json\/wp\/v2\/types\/post"}],"author":[{"embeddable":true,"href":"https:\/\/www.tucomarca.com\/wordpress\/segunda\/ca\/wp-json\/wp\/v2\/users\/12"}],"replies":[{"embeddable":true,"href":"https:\/\/www.tucomarca.com\/wordpress\/segunda\/ca\/wp-json\/wp\/v2\/comments?post=250573"}],"version-history":[{"count":0,"href":"https:\/\/www.tucomarca.com\/wordpress\/segunda\/ca\/wp-json\/wp\/v2\/posts\/250573\/revisions"}],"wp:featuredmedia":[{"embeddable":true,"href":"https:\/\/www.tucomarca.com\/wordpress\/segunda\/ca\/wp-json\/wp\/v2\/media\/250571"}],"wp:attachment":[{"href":"https:\/\/www.tucomarca.com\/wordpress\/segunda\/ca\/wp-json\/wp\/v2\/media?parent=250573"}],"wp:term":[{"taxonomy":"category","embeddable":true,"href":"https:\/\/www.tucomarca.com\/wordpress\/segunda\/ca\/wp-json\/wp\/v2\/categories?post=250573"},{"taxonomy":"post_tag","embeddable":true,"href":"https:\/\/www.tucomarca.com\/wordpress\/segunda\/ca\/wp-json\/wp\/v2\/tags?post=250573"}],"curies":[{"name":"wp","href":"https:\/\/api.w.org\/{rel}","templated":true}]}}