{"id":250590,"date":"2025-01-16T07:45:00","date_gmt":"2025-01-16T05:45:00","guid":{"rendered":"https:\/\/www.tucomarca.com\/wordpress\/segunda\/?p=250590"},"modified":"2025-01-16T16:09:51","modified_gmt":"2025-01-16T14:09:51","slug":"vicent-mompo-rep-a-les-falleres-majors-de-valencia-en-la-diputacio","status":"publish","type":"post","link":"https:\/\/www.tucomarca.com\/wordpress\/segunda\/ca\/vicent-mompo-rep-a-les-falleres-majors-de-valencia-en-la-diputacio\/","title":{"rendered":"Vicent Momp\u00f3 rep a les Falleres Majors de Val\u00e8ncia en la Diputaci\u00f3"},"content":{"rendered":"\n<p>Les Falleres Majors de Val\u00e8ncia de 2025, Berta Peir\u00f3 i Luc\u00eda Garc\u00eda, han visitat este dijous la seu central de la Diputaci\u00f3 de Val\u00e8ncia. El president de la corporaci\u00f3 provincial, Vicent Momp\u00f3, ha acompanyat a les m\u00e0ximes representants de les festes en el seu recorregut pels palaus de la Batlia i els Scala, en la pla\u00e7a Manises.<\/p>\n\n\n\n<p>Momp\u00f3 ha mostrat a Berta i a Luc\u00eda les principals estades de la instituci\u00f3 i alguns elements del seu patrimoni, com la Cadira d\u2019Or, la qual va ocupar el rei Alfons XIII en l&#8217;Exposici\u00f3 Regional de 1909. Tamb\u00e9 han visitat el Sal\u00f3 de Plens, on Vicent Momp\u00f3 els ha explicat el funcionament de la Diputaci\u00f3 i el seu car\u00e0cter representatiu dels 266 municipis i les tres entitats locals menors de la prov\u00edncia.&nbsp;<\/p>\n\n\n\n<p>En finalitzar la visita, el president ha entregat a les Falleres Majors uns palmitos personalitzats elaborats artesanalment per Di Abani. Aix\u00ed mateix, Berta Peir\u00f3 i Luc\u00eda Garc\u00eda han obsequiat a Momp\u00f3 amb una pe\u00e7a d&#8217;edici\u00f3 limitada i numerada realitzada per l&#8217;artista Sergio Amar.<\/p>\n\n\n\n<figure class=\"wp-block-gallery has-nested-images columns-default is-cropped wp-block-gallery-1 is-layout-flex wp-block-gallery-is-layout-flex\">\n<figure class=\"wp-block-image size-large\"><img loading=\"lazy\" decoding=\"async\" width=\"1024\" height=\"665\" data-id=\"250585\" src=\"https:\/\/www.tucomarca.com\/wordpress\/segunda\/wp-content\/uploads\/2025\/01\/FallerasDiputacion02-1024x665.jpg\" alt=\"\" class=\"wp-image-250585\" srcset=\"https:\/\/www.tucomarca.com\/wordpress\/segunda\/wp-content\/uploads\/2025\/01\/FallerasDiputacion02-1024x665.jpg 1024w, https:\/\/www.tucomarca.com\/wordpress\/segunda\/wp-content\/uploads\/2025\/01\/FallerasDiputacion02-300x195.jpg 300w, https:\/\/www.tucomarca.com\/wordpress\/segunda\/wp-content\/uploads\/2025\/01\/FallerasDiputacion02-768x499.jpg 768w, https:\/\/www.tucomarca.com\/wordpress\/segunda\/wp-content\/uploads\/2025\/01\/FallerasDiputacion02-1536x998.jpg 1536w, https:\/\/www.tucomarca.com\/wordpress\/segunda\/wp-content\/uploads\/2025\/01\/FallerasDiputacion02-2048x1331.jpg 2048w\" sizes=\"auto, (max-width: 1024px) 100vw, 1024px\" \/><\/figure>\n\n\n\n<figure class=\"wp-block-image size-large\"><img loading=\"lazy\" decoding=\"async\" width=\"1024\" height=\"665\" data-id=\"250587\" src=\"https:\/\/www.tucomarca.com\/wordpress\/segunda\/wp-content\/uploads\/2025\/01\/FallerasDiputacion03-1024x665.jpg\" alt=\"\" class=\"wp-image-250587\" srcset=\"https:\/\/www.tucomarca.com\/wordpress\/segunda\/wp-content\/uploads\/2025\/01\/FallerasDiputacion03-1024x665.jpg 1024w, https:\/\/www.tucomarca.com\/wordpress\/segunda\/wp-content\/uploads\/2025\/01\/FallerasDiputacion03-300x195.jpg 300w, https:\/\/www.tucomarca.com\/wordpress\/segunda\/wp-content\/uploads\/2025\/01\/FallerasDiputacion03-768x499.jpg 768w, https:\/\/www.tucomarca.com\/wordpress\/segunda\/wp-content\/uploads\/2025\/01\/FallerasDiputacion03-1536x998.jpg 1536w, https:\/\/www.tucomarca.com\/wordpress\/segunda\/wp-content\/uploads\/2025\/01\/FallerasDiputacion03-2048x1331.jpg 2048w\" sizes=\"auto, (max-width: 1024px) 100vw, 1024px\" \/><\/figure>\n<\/figure>\n","protected":false},"excerpt":{"rendered":"<div class=\"mh-excerpt\">Les Falleres Majors de Val\u00e8ncia de 2025, Berta Peir\u00f3 i Luc\u00eda Garc\u00eda, han visitat este dijous la seu central de la Diputaci\u00f3 de Val\u00e8ncia. El president de la corporaci\u00f3 provincial, Vicent Momp\u00f3, ha acompanyat a <a class=\"mh-excerpt-more\" href=\"https:\/\/www.tucomarca.com\/wordpress\/segunda\/ca\/vicent-mompo-rep-a-les-falleres-majors-de-valencia-en-la-diputacio\/\" title=\"Vicent Momp\u00f3 rep a les Falleres Majors de Val\u00e8ncia en la Diputaci\u00f3\">[+] <\/a><\/div>\n","protected":false},"author":12,"featured_media":250584,"comment_status":"open","ping_status":"open","sticky":false,"template":"","format":"gallery","meta":{"footnotes":""},"categories":[10904,11007,10896],"tags":[11499,21009,15856],"class_list":{"0":"post-250590","1":"post","2":"type-post","3":"status-publish","4":"format-gallery","5":"has-post-thumbnail","7":"category-sin-categorizar-ca","8":"category-ocio-y-cultura-ca","9":"category-seccion-ca","10":"tag-fallas-ca","11":"tag-la-diputacio-de-valencia-ca","12":"tag-ocio-y-cultura-ca","13":"post_format-post-format-gallery"},"_links":{"self":[{"href":"https:\/\/www.tucomarca.com\/wordpress\/segunda\/ca\/wp-json\/wp\/v2\/posts\/250590","targetHints":{"allow":["GET"]}}],"collection":[{"href":"https:\/\/www.tucomarca.com\/wordpress\/segunda\/ca\/wp-json\/wp\/v2\/posts"}],"about":[{"href":"https:\/\/www.tucomarca.com\/wordpress\/segunda\/ca\/wp-json\/wp\/v2\/types\/post"}],"author":[{"embeddable":true,"href":"https:\/\/www.tucomarca.com\/wordpress\/segunda\/ca\/wp-json\/wp\/v2\/users\/12"}],"replies":[{"embeddable":true,"href":"https:\/\/www.tucomarca.com\/wordpress\/segunda\/ca\/wp-json\/wp\/v2\/comments?post=250590"}],"version-history":[{"count":0,"href":"https:\/\/www.tucomarca.com\/wordpress\/segunda\/ca\/wp-json\/wp\/v2\/posts\/250590\/revisions"}],"wp:featuredmedia":[{"embeddable":true,"href":"https:\/\/www.tucomarca.com\/wordpress\/segunda\/ca\/wp-json\/wp\/v2\/media\/250584"}],"wp:attachment":[{"href":"https:\/\/www.tucomarca.com\/wordpress\/segunda\/ca\/wp-json\/wp\/v2\/media?parent=250590"}],"wp:term":[{"taxonomy":"category","embeddable":true,"href":"https:\/\/www.tucomarca.com\/wordpress\/segunda\/ca\/wp-json\/wp\/v2\/categories?post=250590"},{"taxonomy":"post_tag","embeddable":true,"href":"https:\/\/www.tucomarca.com\/wordpress\/segunda\/ca\/wp-json\/wp\/v2\/tags?post=250590"}],"curies":[{"name":"wp","href":"https:\/\/api.w.org\/{rel}","templated":true}]}}