{"id":250688,"date":"2025-01-16T08:27:00","date_gmt":"2025-01-16T06:27:00","guid":{"rendered":"https:\/\/www.tucomarca.com\/wordpress\/segunda\/?p=250688"},"modified":"2025-01-16T20:19:42","modified_gmt":"2025-01-16T18:19:42","slug":"carlos-mazon-nomes-28-municipis-de-la-provincia-de-valencia-seguiran-en-nivell-2-demergencia","status":"publish","type":"post","link":"https:\/\/www.tucomarca.com\/wordpress\/segunda\/ca\/carlos-mazon-nomes-28-municipis-de-la-provincia-de-valencia-seguiran-en-nivell-2-demergencia\/","title":{"rendered":"Carlos Maz\u00f3n: \u201cNom\u00e9s 28 municipis de la prov\u00edncia de Val\u00e8ncia seguiran en nivell 2 d\u2019emerg\u00e8ncia\u201d"},"content":{"rendered":"\n<h3 class=\"wp-block-heading\">Avan\u00e7a que la proposta t\u00e8cnica per a la recuperaci\u00f3 de la normalitat que es traslladar\u00e0 dem\u00e0 al CECOPI inclou que \u201caltres 75 poblacions baixen del nivell 2 a l\u20191 i les 163 restants deixen d\u2019estar en situaci\u00f3 d\u2019emerg\u00e8ncia\u201d.<\/h3>\n\n\n\n<h3 class=\"wp-block-heading\">Anuncia que Metrob\u00fas i Metrovalencia \u201cseran gratu\u00efts durant 2025 per a tots els damnificats per les riuades\u201d.<\/h3>\n\n\n\n<h3 class=\"wp-block-heading\">Remarca que \u201cesta mesura se suma als 886,8 milions en ajudes directes mobilitzades per l\u2019executiu valenci\u00e0\u201d sense interessos, ni impostos ni burocr\u00e0cia.<\/h3>\n\n\n\n<h3 class=\"wp-block-heading\">Detalla que la Generalitat \u201cja ha abonat quasi el 58 % de les ajudes directes davant del 7% del Govern\u201d.<\/h3>\n\n\n\n<h3 class=\"wp-block-heading\">Destaca l\u2019acord perqu\u00e8 els 27 hospitals p\u00fablics siguen universitaris, \u201cla qual cosa permetr\u00e0 augmentar en un 15 % les places del grau de Medicina i convertir la Comunitat en un espai compartit per a pr\u00e0ctiques de totes les disciplines sanit\u00e0ries\u201d.<\/h3>\n\n\n\n<p>El president de la Generalitat, Carlos Maz\u00f3n, ha avan\u00e7at que el Consell proposar\u00e0 dem\u00e0 en el Centre de Coordinaci\u00f3 Operativa Integrada (CECOPI) que \u201cnom\u00e9s 28 municipis de la prov\u00edncia de Val\u00e8ncia seguisquen en el nivell 2 d\u2019emerg\u00e8ncia\u201d.<\/p>\n\n\n\n<p>Aix\u00ed ho ha donat a con\u00e9ixer durant la sessi\u00f3 de control, en la qual ha detallat la proposta t\u00e8cnica que es presentar\u00e0 per a la tornada a la normalitat despr\u00e9s de les inundacions del passat 29 d\u2019octubre en funci\u00f3 del nivell d\u2019afecci\u00f3 de cada una de les poblacions.<\/p>\n\n\n\n<p>En este sentit, ha explicat que plantejar\u00e0 que \u201caltres 75 municipis baixen del nivell 2 al nivell 1 en el qual es mantindran per prevenci\u00f3\u201d i que \u201cels 163 municipis restants de la prov\u00edncia de Val\u00e8ncia deixen d\u2019estar en situaci\u00f3 d\u2019emerg\u00e8ncia\u201d.<\/p>\n\n\n\n<p>Cal assenyalar que el nivell 2 d\u2019emerg\u00e8ncia preveu municipis que encara necessiten suport extern per a la resoluci\u00f3 de l\u2019emerg\u00e8ncia, mentres que el nivell 1 fa refer\u00e8ncia a les localitats l\u2019estructura municipal de les quals \u00e9s suficient per a la gesti\u00f3 de l\u2019emerg\u00e8ncia. El Centre de Coordinaci\u00f3 d\u2019Emerg\u00e8ncies de la Generalitat actua com a \u00f2rgan de suport, i pot mobilitzar recursos d\u2019altres administracions. A m\u00e9s en el nivell 1, els municipis passen a la reconstrucci\u00f3.<\/p>\n\n\n\n<p><strong>Transport gratu\u00eft per als afectats per les inundacions<\/strong><\/p>\n\n\n\n<p>Durant la sessi\u00f3 control Carlos Maz\u00f3n ha anunciat que \u201cel transport p\u00fablic dels mitjans de la Generalitat com Metrovalencia i Metrob\u00fas ser\u00e0 gratu\u00eft durant 2025 per a tots els damnificats per les riuades\u201d.<\/p>\n\n\n\n<p>El president ha explicat que esta mesura, \u201cse suma als 886,8 milions en ajudes directes mobilitzades per l\u2019executiu valenci\u00e0\u201d sense interessos, ni impostos ni burocr\u00e0cia.<\/p>\n\n\n\n<p>Carlos Maz\u00f3n ha remarcat que l\u2019executiu valenci\u00e0 \u201ccontinua incrementant la major mobilitzaci\u00f3 de recursos de tota la hist\u00f2ria de la Generalitat\u201d per a fer front a la reconstrucci\u00f3 econ\u00f2mica i social de la Comunitat.<\/p>\n\n\n\n<p>En este sentit, ha ressaltat \u201cl\u2019activaci\u00f3 de 886,8 milions d\u2019euros en ajudes directes per als afectats\u201d, entre les quals destaquen les l\u00ednies per a la reposici\u00f3 de b\u00e9ns de primera necessitat i reparacions urgents de vivendes, el paquet de 250 milions per a compensar la p\u00e8rdua de vehicles sinistrats, les subvencions per a aut\u00f2noms amb empleats i sense, complements a la prestaci\u00f3 dels ERTO, entre altres, com les ajudes per a gastos urgents dels ajuntaments, comunitats de regants, entitats del tercer sector i ind\u00fastria cultural, a m\u00e9s de les deduccions fiscals i exempcions d\u2019impostos.<\/p>\n\n\n\n<p>Al respecte, ha ressaltat que la Generalitat \u201cja ha abonat quasi el 58 % de les ajudes directes enfront del 7 % del Govern\u201d.<\/p>\n\n\n\n<p><strong>Deslleialtat del Govern<\/strong><\/p>\n\n\n\n<p>Durant la seua intervenci\u00f3, el president ha denunciat \u201cla deslleialtat de l\u2019executiu central\u201d, aix\u00ed com \u201cla falta de coordinaci\u00f3\u201d. A m\u00e9s, ha recordat que el Govern ha rebaixat la sol\u00b7licitud de 31.402 milions d\u2019euros realitzada pel Consell \u201ca 16.000 milions d\u2019euros\u201d, dels quals un ter\u00e7 corresponen a pr\u00e9stecs que cal retornar amb interessos, al mateix temps que ha criticat que hi haja \u201czero ajudes directes a la Generalitat que haur\u00e0 d\u2019assumir el 100 % del gasto sanitari, educatiu, servicis socials i infraestructures de la reconstrucci\u00f3\u201d.<\/p>\n\n\n\n<p>Carlos Maz\u00f3n ha assenyalat l\u2019exig\u00e8ncia del poble valenci\u00e0 \u201cen la rapidesa en el pagament de les ajudes i efic\u00e0cia en les tasques de reconstrucci\u00f3\u201d i ha considerat que \u00e9s \u201cjust el contrari\u201d que est\u00e0 fent el Govern de Pedro S\u00e1nchez perqu\u00e8 \u201cha passat del si volen ajuda, que la demanen, a si volen ajuda que la paguen amb interessos o amb impostos\u201d.<\/p>\n\n\n\n<p>De la mateixa manera, ha denunciat \u201cla cacera pol\u00edtica del Govern\u201d i que estiga \u201cutilitzant el dolor per a buscar vict\u00f2ries pol\u00edtiques a costa de la veritat\u201d, a m\u00e9s de titlar \u201cd\u2019immoralitat i des\u00eddia\u201d el retard en la sol\u00b7licitud dels fons europeus necessaris per a la reconstrucci\u00f3.<\/p>\n\n\n\n<p>Aix\u00ed mateix, ha criticat que l\u2019executiu central \u201cpretenga cobrar l\u2019IVA i els interessos\u201d de les ajudes posades en marxa per als afectats, el silenci del president de la Confederaci\u00f3 Hidrogr\u00e0fica del X\u00faquer, al mateix temps que ha incidit en el \u201cdesastre del Consorci d\u2019Assegurances\u201d en la demora en la tramitaci\u00f3 d\u2019expedients i abonament de les indemnitzacions o la seua deixadesa en la neteja de les platges i per \u201cno fer en sis anys ni un sol projecte en el barranc de Poio i la Saleta\u201d.<\/p>\n\n\n\n<p><strong>Falta de comprom\u00eds amb els afectats<\/strong><\/p>\n\n\n\n<p>Durant la seua intervenci\u00f3, el cap del Consell ha recriminat a Comprom\u00eds la seua submissi\u00f3 a l\u2019executiu central per no exigir que assumisca l\u2019IBI i l\u2019IAE dels ajuntaments \u201cperqu\u00e8 no el paguen els qui han perdut sa casa o el seu negoci\u201d, al mateix temps que ha criticat la seua falta de comprom\u00eds per a defendre a Madrid les necessitats de les persones afectades per les riuades.<\/p>\n\n\n\n<p>D\u2019esta manera, ha retret a Comprom\u00eds que \u201cperdone al Govern d\u2019Espanya\u201d el manteniment de l\u2019IVA per la compra de vehicle o vivenda o la no disposici\u00f3 de 500 vivendes de la Sareb per a les fam\u00edlies damnificades. En esta l\u00ednia, ha lamentat que tampoc reclame la \u201cneteja de les nostres platges o la inversi\u00f3 de l\u2019Estat de 100 milions d\u2019euros per a instal\u00b7lacions esportives\u201d.<\/p>\n\n\n\n<p>Al respecte, tamb\u00e9 ha exigit que el seu partit \u201cfa\u00e7a alguna cosa perqu\u00e8 no ens quedem sense el FLA extraordinari que necessiten els valencians per a pagar ajudes i garantir les nostres pol\u00edtiques socials o que s\u2019incloguen als 30 municipis que el Govern ha deixat fora del decret d\u2019emerg\u00e8ncia per les riuades\u201d.<\/p>\n\n\n\n<p><strong>Acord en formaci\u00f3 universit\u00e0ria sanit\u00e0ria<\/strong><\/p>\n\n\n\n<p>En resposta al grup parlamentari socialista, Carlos Maz\u00f3n ha reivindicat l\u2019acord aconseguit amb la Universitat d\u2019Alacant i la Universitat Miguel Hern\u00e1ndez perqu\u00e8 els 27 hospitals p\u00fablics de la Comunitat passen a ser universitaris, \u201cla qual cosa permetr\u00e0 augmentar en un 15 % les places del grau de Medicina i que la prov\u00edncia d\u2019Alacant i tota la Comunitat Valenciana es convertisca en un espai compartit per a pr\u00e0ctiques de totes les disciplines sanit\u00e0ries\u201d.<\/p>\n\n\n\n<p>Al respecte, ha lamentat \u201cla falta de voluntat pol\u00edtica del Bot\u00e0nic\u201d en esta mat\u00e8ria que hauria propiciat \u201cque hui hi haguera 728 estudiants de Medicina m\u00e9s i quasi 400 metges m\u00e9s integrats en la sanitat p\u00fablica\u201d.<\/p>\n\n\n\n<p>Aix\u00ed mateix, ha recordat a Comprom\u00eds que \u201ceste Consell ha retornat la llibertat a l\u2019educaci\u00f3, ha redu\u00eft les llistes d\u2019espera de la sanitat i la depend\u00e8ncia, ha fet que els valencians paguen menys impostos o que s\u2019hagen expedit ja 50.000 t\u00edtols de valenci\u00e0\u201d. Igualment ha destacat \u201cl\u2019avan\u00e7 en el nou hospital de Castell\u00f3, en l\u2019estaci\u00f3 intermodal d\u2019Alacant o en el tramvia d\u2019Elx\u201d.<\/p>\n","protected":false},"excerpt":{"rendered":"<div class=\"mh-excerpt\">Avan\u00e7a que la proposta t\u00e8cnica per a la recuperaci\u00f3 de la normalitat que es traslladar\u00e0 dem\u00e0 al CECOPI inclou que \u201caltres 75 poblacions baixen del nivell 2 a l\u20191 i les 163 restants deixen d\u2019estar <a class=\"mh-excerpt-more\" href=\"https:\/\/www.tucomarca.com\/wordpress\/segunda\/ca\/carlos-mazon-nomes-28-municipis-de-la-provincia-de-valencia-seguiran-en-nivell-2-demergencia\/\" title=\"Carlos Maz\u00f3n: \u201cNom\u00e9s 28 municipis de la prov\u00edncia de Val\u00e8ncia seguiran en nivell 2 d\u2019emerg\u00e8ncia\u201d\">[+] <\/a><\/div>\n","protected":false},"author":13,"featured_media":250685,"comment_status":"open","ping_status":"open","sticky":false,"template":"","format":"standard","meta":{"footnotes":""},"categories":[21466,10898,10948,10894,10904,10903,10947,10896,10897],"tags":[15409,11199],"class_list":{"0":"post-250688","1":"post","2":"type-post","3":"status-publish","4":"format-standard","5":"has-post-thumbnail","7":"category-dana-ca","8":"category-ventana-ca","9":"category-infraestructuras-ca","10":"category-la-comarca-ca","11":"category-sin-categorizar-ca","12":"category-medio-ambiente-la-comarca-ca","13":"category-politica","14":"category-seccion-ca","15":"category-sucesos-la-comarca-ca","16":"tag-dana-2-ca","17":"tag-la-comunitat-ca"},"_links":{"self":[{"href":"https:\/\/www.tucomarca.com\/wordpress\/segunda\/ca\/wp-json\/wp\/v2\/posts\/250688","targetHints":{"allow":["GET"]}}],"collection":[{"href":"https:\/\/www.tucomarca.com\/wordpress\/segunda\/ca\/wp-json\/wp\/v2\/posts"}],"about":[{"href":"https:\/\/www.tucomarca.com\/wordpress\/segunda\/ca\/wp-json\/wp\/v2\/types\/post"}],"author":[{"embeddable":true,"href":"https:\/\/www.tucomarca.com\/wordpress\/segunda\/ca\/wp-json\/wp\/v2\/users\/13"}],"replies":[{"embeddable":true,"href":"https:\/\/www.tucomarca.com\/wordpress\/segunda\/ca\/wp-json\/wp\/v2\/comments?post=250688"}],"version-history":[{"count":0,"href":"https:\/\/www.tucomarca.com\/wordpress\/segunda\/ca\/wp-json\/wp\/v2\/posts\/250688\/revisions"}],"wp:featuredmedia":[{"embeddable":true,"href":"https:\/\/www.tucomarca.com\/wordpress\/segunda\/ca\/wp-json\/wp\/v2\/media\/250685"}],"wp:attachment":[{"href":"https:\/\/www.tucomarca.com\/wordpress\/segunda\/ca\/wp-json\/wp\/v2\/media?parent=250688"}],"wp:term":[{"taxonomy":"category","embeddable":true,"href":"https:\/\/www.tucomarca.com\/wordpress\/segunda\/ca\/wp-json\/wp\/v2\/categories?post=250688"},{"taxonomy":"post_tag","embeddable":true,"href":"https:\/\/www.tucomarca.com\/wordpress\/segunda\/ca\/wp-json\/wp\/v2\/tags?post=250688"}],"curies":[{"name":"wp","href":"https:\/\/api.w.org\/{rel}","templated":true}]}}