{"id":250744,"date":"2025-01-17T12:00:00","date_gmt":"2025-01-17T11:00:00","guid":{"rendered":"https:\/\/www.tucomarca.com\/wordpress\/segunda\/?p=250744"},"modified":"2025-01-16T21:24:30","modified_gmt":"2025-01-16T20:24:30","slug":"video-bunyol-remodelara-els-jardins-del-xalet-de-royo-amb-ajuda-de-la-diputacio-de-valencia","status":"publish","type":"post","link":"https:\/\/www.tucomarca.com\/wordpress\/segunda\/ca\/video-bunyol-remodelara-els-jardins-del-xalet-de-royo-amb-ajuda-de-la-diputacio-de-valencia\/","title":{"rendered":"V\u00eddeo: Bunyol remodelar\u00e0 els jardins del Xalet de Royo amb ajuda de la Diputaci\u00f3 de Val\u00e8ncia"},"content":{"rendered":"\n<figure class=\"wp-block-embed is-type-video is-provider-youtube wp-block-embed-youtube wp-embed-aspect-16-9 wp-has-aspect-ratio\"><div class=\"wp-block-embed__wrapper\">\nhttps:\/\/youtu.be\/IQweYSzIwso\n<\/div><\/figure>\n\n\n\n<p>La Vicepresidenta de la Diputaci\u00f3 de Val\u00e8ncia, Nat\u00e0lia Enguix, ha explicat durant la seua recent visita a Bunyol els detalls de la inversi\u00f3 que l&#8217;estament provincial desenvolupar\u00e0 en la localitat per a remodelar els jardins del Xalet de Royo; un dels projectes que ha avan\u00e7at el primer tinent d&#8217;alcalde de l&#8217;Ajuntament de la localitat, Sergio Galarza, que es desenvoluparan durant aquest exercici.<\/p>\n","protected":false},"excerpt":{"rendered":"<div class=\"mh-excerpt\">La Vicepresidenta de la Diputaci\u00f3 de Val\u00e8ncia, Nat\u00e0lia Enguix, ha explicat durant la seua recent visita a Bunyol els detalls de la inversi\u00f3 que l&#8217;estament provincial desenvolupar\u00e0 en la localitat per a remodelar els jardins <a class=\"mh-excerpt-more\" href=\"https:\/\/www.tucomarca.com\/wordpress\/segunda\/ca\/video-bunyol-remodelara-els-jardins-del-xalet-de-royo-amb-ajuda-de-la-diputacio-de-valencia\/\" title=\"V\u00eddeo: Bunyol remodelar\u00e0 els jardins del Xalet de Royo amb ajuda de la Diputaci\u00f3 de Val\u00e8ncia\">[+] <\/a><\/div>\n","protected":false},"author":1,"featured_media":250742,"comment_status":"open","ping_status":"open","sticky":false,"template":"","format":"video","meta":{"footnotes":""},"categories":[10911,21466,10898,10948,10894,10904,10912,10903,10947,10896,11062],"tags":[10913,11246,10914,20404],"class_list":{"0":"post-250744","1":"post","2":"type-post","3":"status-publish","4":"format-video","5":"has-post-thumbnail","7":"category-bunol-ca","8":"category-dana-ca","9":"category-ventana-ca","10":"category-infraestructuras-ca","11":"category-la-comarca-ca","12":"category-sin-categorizar-ca","13":"category-la-hoya-ca","14":"category-medio-ambiente-la-comarca-ca","15":"category-politica","16":"category-seccion-ca","17":"category-videos","18":"tag-bunol-ca","19":"tag-diputacio-de-valencia-ca","20":"tag-la-hoya-de-bunol-chiva-ca","21":"tag-natalia-enguix-2-ca","22":"post_format-post-format-video"},"_links":{"self":[{"href":"https:\/\/www.tucomarca.com\/wordpress\/segunda\/ca\/wp-json\/wp\/v2\/posts\/250744","targetHints":{"allow":["GET"]}}],"collection":[{"href":"https:\/\/www.tucomarca.com\/wordpress\/segunda\/ca\/wp-json\/wp\/v2\/posts"}],"about":[{"href":"https:\/\/www.tucomarca.com\/wordpress\/segunda\/ca\/wp-json\/wp\/v2\/types\/post"}],"author":[{"embeddable":true,"href":"https:\/\/www.tucomarca.com\/wordpress\/segunda\/ca\/wp-json\/wp\/v2\/users\/1"}],"replies":[{"embeddable":true,"href":"https:\/\/www.tucomarca.com\/wordpress\/segunda\/ca\/wp-json\/wp\/v2\/comments?post=250744"}],"version-history":[{"count":0,"href":"https:\/\/www.tucomarca.com\/wordpress\/segunda\/ca\/wp-json\/wp\/v2\/posts\/250744\/revisions"}],"wp:featuredmedia":[{"embeddable":true,"href":"https:\/\/www.tucomarca.com\/wordpress\/segunda\/ca\/wp-json\/wp\/v2\/media\/250742"}],"wp:attachment":[{"href":"https:\/\/www.tucomarca.com\/wordpress\/segunda\/ca\/wp-json\/wp\/v2\/media?parent=250744"}],"wp:term":[{"taxonomy":"category","embeddable":true,"href":"https:\/\/www.tucomarca.com\/wordpress\/segunda\/ca\/wp-json\/wp\/v2\/categories?post=250744"},{"taxonomy":"post_tag","embeddable":true,"href":"https:\/\/www.tucomarca.com\/wordpress\/segunda\/ca\/wp-json\/wp\/v2\/tags?post=250744"}],"curies":[{"name":"wp","href":"https:\/\/api.w.org\/{rel}","templated":true}]}}