{"id":251083,"date":"2025-01-22T08:30:00","date_gmt":"2025-01-22T07:30:00","guid":{"rendered":"https:\/\/www.tucomarca.com\/wordpress\/segunda\/?p=251083"},"modified":"2025-01-21T20:40:30","modified_gmt":"2025-01-21T19:40:30","slug":"utiel-convoca-el-concurs-per-al-cartell-anunciador-de-les-falles-2025","status":"publish","type":"post","link":"https:\/\/www.tucomarca.com\/wordpress\/segunda\/ca\/utiel-convoca-el-concurs-per-al-cartell-anunciador-de-les-falles-2025\/","title":{"rendered":"Utiel convoca el concurs per al cartell anunciador de les Falles 2025"},"content":{"rendered":"\n<p>L&#8217;Ajuntament d&#8217;Utiel ha obert el termini per a participar en el concurs del cartell anunciador de les pr\u00f2ximes Falles. Aquesta convocat\u00f2ria cerca promoure la creativitat i la participaci\u00f3 ciutadana en la preparaci\u00f3 de les festivitats m\u00e9s emblem\u00e0tiques del municipi.<\/p>\n\n\n\n<p>Els interessats a presentar els seus dissenys tenen fins al pr\u00f2xim 11 de febrer, a les 14.00 hores, per a entregar les seues propostes. Les obres han de ser presentades en les oficines del SAIC, situades a l&#8217;Ajuntament d&#8217;Utiel.<\/p>\n\n\n\n<p>El concurs est\u00e0 obert a tots aquells artistes i dissenyadors que desitgen plasmar en un cartell l&#8217;esperit festiu i cultural de les Falles, i el disseny de les quals ser\u00e0 utilitzat per a promocionar les celebracions de 2025.<\/p>\n\n\n\n<p>Des de l&#8217;Ajuntament s&#8217;anima a tota la ciutadania a participar i contribuir amb el seu talent a una tradici\u00f3 que uneix als ve\u00efns entorn de l&#8217;art, la m\u00fasica i la p\u00f3lvora.<\/p>\n\n\n\n<p>Les bases del concurs es poden trobar en la p\u00e0gina web de l&#8217;Ajuntament d&#8217;Utiel.<\/p>\n","protected":false},"excerpt":{"rendered":"<div class=\"mh-excerpt\">L&#8217;Ajuntament d&#8217;Utiel ha obert el termini per a participar en el concurs del cartell anunciador de les pr\u00f2ximes Falles. Aquesta convocat\u00f2ria cerca promoure la creativitat i la participaci\u00f3 ciutadana en la preparaci\u00f3 de les festivitats <a class=\"mh-excerpt-more\" href=\"https:\/\/www.tucomarca.com\/wordpress\/segunda\/ca\/utiel-convoca-el-concurs-per-al-cartell-anunciador-de-les-falles-2025\/\" title=\"Utiel convoca el concurs per al cartell anunciador de les Falles 2025\">[+] <\/a><\/div>\n","protected":false},"author":13,"featured_media":107301,"comment_status":"open","ping_status":"open","sticky":false,"template":"","format":"standard","meta":{"footnotes":""},"categories":[11019,10894,11007,10909,10896,11059],"tags":[15856,10910,11174],"class_list":{"0":"post-251083","1":"post","2":"type-post","3":"status-publish","4":"format-standard","5":"has-post-thumbnail","7":"category-agenda-ca","8":"category-la-comarca-ca","9":"category-ocio-y-cultura-ca","10":"category-requena-utiel-ca","11":"category-seccion-ca","12":"category-utiel-ca","13":"tag-ocio-y-cultura-ca","14":"tag-requena-utiel-ca","15":"tag-utiel-ca"},"_links":{"self":[{"href":"https:\/\/www.tucomarca.com\/wordpress\/segunda\/ca\/wp-json\/wp\/v2\/posts\/251083","targetHints":{"allow":["GET"]}}],"collection":[{"href":"https:\/\/www.tucomarca.com\/wordpress\/segunda\/ca\/wp-json\/wp\/v2\/posts"}],"about":[{"href":"https:\/\/www.tucomarca.com\/wordpress\/segunda\/ca\/wp-json\/wp\/v2\/types\/post"}],"author":[{"embeddable":true,"href":"https:\/\/www.tucomarca.com\/wordpress\/segunda\/ca\/wp-json\/wp\/v2\/users\/13"}],"replies":[{"embeddable":true,"href":"https:\/\/www.tucomarca.com\/wordpress\/segunda\/ca\/wp-json\/wp\/v2\/comments?post=251083"}],"version-history":[{"count":0,"href":"https:\/\/www.tucomarca.com\/wordpress\/segunda\/ca\/wp-json\/wp\/v2\/posts\/251083\/revisions"}],"wp:featuredmedia":[{"embeddable":true,"href":"https:\/\/www.tucomarca.com\/wordpress\/segunda\/ca\/wp-json\/wp\/v2\/media\/107301"}],"wp:attachment":[{"href":"https:\/\/www.tucomarca.com\/wordpress\/segunda\/ca\/wp-json\/wp\/v2\/media?parent=251083"}],"wp:term":[{"taxonomy":"category","embeddable":true,"href":"https:\/\/www.tucomarca.com\/wordpress\/segunda\/ca\/wp-json\/wp\/v2\/categories?post=251083"},{"taxonomy":"post_tag","embeddable":true,"href":"https:\/\/www.tucomarca.com\/wordpress\/segunda\/ca\/wp-json\/wp\/v2\/tags?post=251083"}],"curies":[{"name":"wp","href":"https:\/\/api.w.org\/{rel}","templated":true}]}}