{"id":251102,"date":"2025-01-21T09:30:00","date_gmt":"2025-01-21T08:30:00","guid":{"rendered":"https:\/\/www.tucomarca.com\/wordpress\/segunda\/?p=251102"},"modified":"2025-01-21T18:32:18","modified_gmt":"2025-01-21T17:32:18","slug":"carmen-crespo-pp-denuncia-la-inaccio-del-govern-i-demana-a-la-ue-escometre-les-inversions-hidriques-urgents","status":"publish","type":"post","link":"https:\/\/www.tucomarca.com\/wordpress\/segunda\/ca\/carmen-crespo-pp-denuncia-la-inaccio-del-govern-i-demana-a-la-ue-escometre-les-inversions-hidriques-urgents\/","title":{"rendered":"Carmen Crespo (PP) denuncia la inacci\u00f3 del Govern i demana a la UE escometre les inversions h\u00eddriques urgents"},"content":{"rendered":"\n<h3 class=\"wp-block-heading\">\u201cLes Infraestructures hidr\u00e0uliques s\u00f3n la primera l\u00ednia de defensa contra les DANAS, la soluci\u00f3 a la sequera i als problemes de qualitat d&#8217;aigua que t\u00e9 UE\u201d.<\/h3>\n\n\n\n<h3 class=\"wp-block-heading\">Demana m\u00e9s investigaci\u00f3 sobre els incendis de sisena generaci\u00f3 i m\u00e9s tecnologia per a combatre aquest tipus trag\u00e8dies.<\/h3>\n\n\n\n<p>L&#8217;eurodiputada del Partit Popular&nbsp;Carmen Crespo&nbsp;va denunciar hui davant el ple del Parlament Europeu la inacci\u00f3 del Govern d&#8217;Espanya davant el calfament clim\u00e0tic i va demanar a la Comissi\u00f3 Europea prendre cartes en l&#8217;assumpte per a escometre les inversions h\u00eddriques que s&#8217;han revelat urgents.&nbsp;&nbsp;&nbsp;<\/p>\n\n\n\n<p>Durant un debat sobre la crisi clim\u00e0tica a Estrasburg (Fran\u00e7a), Crespo va dir que els r\u00e8cords de calor, el risc d&#8217;incendis i situacions com la&nbsp;devastadora DANA de Val\u00e8ncia marquen la urg\u00e8ncia de la UE per a dotar de fons a obres per a la construcci\u00f3 de preses, interconnexions i llits.&nbsp;<\/p>\n\n\n\n<p>No obstant aix\u00f2, davant la falta de peticions per part del Govern espanyol,&nbsp;la diputada andalusa sol\u00b7licitat&nbsp;a la UE que exigisca al Govern d&#8217;Espanya complisca els fons&nbsp;Next Generation&nbsp;i escometa les inversions h\u00eddriques urgents. \u201cExigisc al Govern espanyol deixar la seua polititzaci\u00f3 i complir amb Val\u00e8ncia de manera urgent.&nbsp; No poden continuar dilatant-se en el temps les ajudes\u201d, va afegir.<\/p>\n\n\n\n<p>L&#8217;eurodiputada ha lamentat la \u201cinacci\u00f3 del govern d&#8217;Espanya que ha arribat in extremis esgotant els terminis per a demanar un fons de solidaritat que ja havia d&#8217;estar en marxa tenint en compte que la UE no tarde a posar-lo a disposici\u00f3\u201d.&nbsp;<\/p>\n\n\n\n<p>Segons el parer de Crespo, els valencians no poden ser v\u00edctimes de la inacci\u00f3 del govern de S\u00e1nchez que no ha demanat els fons (o el demana in extremis), va manifestar.&nbsp;<\/p>\n\n\n\n<p>En la seua opini\u00f3, Europa, despr\u00e9s de la devastadora DANA de Val\u00e8ncia, est\u00e0 cridada a enfortir la seguretat h\u00eddrica de les seues regions. \u201cNo hi haur\u00e0 resili\u00e8ncia clim\u00e0tica sense una nova pol\u00edtica de l&#8217;aigua a la UE. Les Infraestructures hidr\u00e0uliques s\u00f3n la primera l\u00ednia de defensa contra les DANAS, la soluci\u00f3 a la sequera i als problemes de qualitat d&#8217;aigua que t\u00e9 la Uni\u00f3\u201d, va afegir Crespo.<\/p>\n\n\n\n<p>En aquest sentit, la diputada popular va dir que 2025 ha de ser l&#8217;any de l&#8217;impuls d&#8217;una nova Directiva europea de Sequeres que incloga una estrat\u00e8gia integral d&#8217;obres que vagen des de les preses, a les interconnexions, aig\u00fces regenerades, dessalaci\u00f3 i ajudes als municipis per a modernitzar les seues xarxes i acabar amb les fugues d&#8217;aigua (30%).<\/p>\n\n\n\n<p>Crespo va destacar a m\u00e9s que el virulent incendi de Los Angeles alerta de la necessitat de preparar a Europa tamb\u00e9 davant els incendis de sisena generaci\u00f3, en un context en el qual els experts apunten a un increment d&#8217;un 30% del risc d&#8217;incendi en 2024.<\/p>\n","protected":false},"excerpt":{"rendered":"<div class=\"mh-excerpt\">\u201cLes Infraestructures hidr\u00e0uliques s\u00f3n la primera l\u00ednia de defensa contra les DANAS, la soluci\u00f3 a la sequera i als problemes de qualitat d&#8217;aigua que t\u00e9 UE\u201d. Demana m\u00e9s investigaci\u00f3 sobre els incendis de sisena generaci\u00f3 <a class=\"mh-excerpt-more\" href=\"https:\/\/www.tucomarca.com\/wordpress\/segunda\/ca\/carmen-crespo-pp-denuncia-la-inaccio-del-govern-i-demana-a-la-ue-escometre-les-inversions-hidriques-urgents\/\" title=\"Carmen Crespo (PP) denuncia la inacci\u00f3 del Govern i demana a la UE escometre les inversions h\u00eddriques urgents\">[+] <\/a><\/div>\n","protected":false},"author":13,"featured_media":243689,"comment_status":"open","ping_status":"open","sticky":false,"template":"","format":"standard","meta":{"footnotes":""},"categories":[21466,10898,10948,10894,10904,10903,10947,10896,10897],"tags":[15409,11199,11140],"class_list":{"0":"post-251102","1":"post","2":"type-post","3":"status-publish","4":"format-standard","5":"has-post-thumbnail","7":"category-dana-ca","8":"category-ventana-ca","9":"category-infraestructuras-ca","10":"category-la-comarca-ca","11":"category-sin-categorizar-ca","12":"category-medio-ambiente-la-comarca-ca","13":"category-politica","14":"category-seccion-ca","15":"category-sucesos-la-comarca-ca","16":"tag-dana-2-ca","17":"tag-la-comunitat-ca","18":"tag-politica-ca"},"_links":{"self":[{"href":"https:\/\/www.tucomarca.com\/wordpress\/segunda\/ca\/wp-json\/wp\/v2\/posts\/251102","targetHints":{"allow":["GET"]}}],"collection":[{"href":"https:\/\/www.tucomarca.com\/wordpress\/segunda\/ca\/wp-json\/wp\/v2\/posts"}],"about":[{"href":"https:\/\/www.tucomarca.com\/wordpress\/segunda\/ca\/wp-json\/wp\/v2\/types\/post"}],"author":[{"embeddable":true,"href":"https:\/\/www.tucomarca.com\/wordpress\/segunda\/ca\/wp-json\/wp\/v2\/users\/13"}],"replies":[{"embeddable":true,"href":"https:\/\/www.tucomarca.com\/wordpress\/segunda\/ca\/wp-json\/wp\/v2\/comments?post=251102"}],"version-history":[{"count":0,"href":"https:\/\/www.tucomarca.com\/wordpress\/segunda\/ca\/wp-json\/wp\/v2\/posts\/251102\/revisions"}],"wp:featuredmedia":[{"embeddable":true,"href":"https:\/\/www.tucomarca.com\/wordpress\/segunda\/ca\/wp-json\/wp\/v2\/media\/243689"}],"wp:attachment":[{"href":"https:\/\/www.tucomarca.com\/wordpress\/segunda\/ca\/wp-json\/wp\/v2\/media?parent=251102"}],"wp:term":[{"taxonomy":"category","embeddable":true,"href":"https:\/\/www.tucomarca.com\/wordpress\/segunda\/ca\/wp-json\/wp\/v2\/categories?post=251102"},{"taxonomy":"post_tag","embeddable":true,"href":"https:\/\/www.tucomarca.com\/wordpress\/segunda\/ca\/wp-json\/wp\/v2\/tags?post=251102"}],"curies":[{"name":"wp","href":"https:\/\/api.w.org\/{rel}","templated":true}]}}