{"id":251108,"date":"2025-01-21T10:00:00","date_gmt":"2025-01-21T09:00:00","guid":{"rendered":"https:\/\/www.tucomarca.com\/wordpress\/segunda\/?p=251108"},"modified":"2025-01-21T18:21:42","modified_gmt":"2025-01-21T17:21:42","slug":"el-consell-contracta-demergencia-els-servicis-de-reciclatge-i-extraccio-de-residus-en-municipis-afectats-per-les-inundacions","status":"publish","type":"post","link":"https:\/\/www.tucomarca.com\/wordpress\/segunda\/ca\/el-consell-contracta-demergencia-els-servicis-de-reciclatge-i-extraccio-de-residus-en-municipis-afectats-per-les-inundacions\/","title":{"rendered":"El Consell contracta d\u2019emerg\u00e8ncia els servicis de reciclatge i extracci\u00f3 de residus en municipis afectats per les inundacions"},"content":{"rendered":"\n<h3 class=\"wp-block-heading\"><strong>La Conselleria de Medi Ambient destina dos milions d\u2019euros a actuacions per a la retirada i l\u2019emmagatzematge temporal de residus i per al buidatge de llots i neteja de vials, canalitzacions i garatges<\/strong>.<\/h3>\n\n\n\n<p>El Consell ha pres ra\u00f3 de la declaraci\u00f3 d\u2019emerg\u00e8ncia de diferents contractes de servicis de reciclatge i extracci\u00f3 de residus en diversos municipis afectats per les inundacions per un valor pr\u00f2xim als dos milions d\u2019euros.<\/p>\n\n\n\n<p>Les inundacions van provocar una important quantitat de residus en els municipis afectats pertanyents a les vivendes inundades, la retirada dels quals era necess\u00e0ria, cosa que va portar la Conselleria de Medi Ambient, Infraestructures i Territori a impulsar un pla de xoc.<\/p>\n\n\n\n<p>Per a fer front als efectes directes de la riuada, era necessari fer diversos treballs de neteja de vials p\u00fablics i traslladar residus a zones condicionades en diferents municipis.<\/p>\n\n\n\n<p>En este sentit, es van activar diferents contractes per via d\u2019emerg\u00e8ncia com el servici per a la instal\u00b7laci\u00f3 del punt d\u2019emmagatzematge temporal de residus a Alfafar i l\u2019extracci\u00f3 de residus a Aldaia, Paiporta i Benet\u00fasser.<\/p>\n\n\n\n<p>En el terme municipal d\u2019Alfafar era necessari col\u00b7locar un punt d\u2019emmagatzematge temporal en el qual retirar els residus emmagatzemats en els carrers.<br>A Aldaia s\u2019han extret residus procedents del Centre Comercial Bonaire, que s\u2019han retirat al punt d\u2019emmagatzematge temporal d\u2019Hornillos, a Quart de Poblet. D\u2019altra banda, a Paiporta es van traure residus de diverses zones de la localitat i es van transportar al punt d\u2019emmagatzematge temporal local.<\/p>\n\n\n\n<p>Aix\u00ed mateix, en el terme municipal de Benet\u00fasser es van retirar residus de diverses zones de la localitat i es van traslladar a un punt d\u2019emmagatzematge temporal, per a posteriorment depositar-los a Hornillos.<\/p>\n\n\n\n<p>A estos diferents treballs s\u2019ha destinat un total de 998.320,74 euros.<\/p>\n\n\n\n<p>De manera paral\u00b7lela, va ser necessari contractar servicis d\u2019extracci\u00f3 i aportaci\u00f3 de bombes per al buidatge de llots, aix\u00ed com per a neteja de vials, canalitzacions i garatges, uns treballs als quals s\u2019han destinat 937.679,26 euros.<\/p>\n\n\n\n<p><strong>Tractament de matalassos<\/strong><\/p>\n\n\n\n<p>D\u2019altra banda, el Consell ha pres ra\u00f3 de la declaraci\u00f3 d\u2019emerg\u00e8ncia de la contractaci\u00f3 d\u2019un servici de reciclatge dels diferents matalassos que van acabar depositats en els punts de transfer\u00e8ncia als quals arribaven els estris i voluminosos dels punts d\u2019apilament local.<\/p>\n\n\n\n<p>Partint d\u2019una xifra aproximada d\u2019entorn de 50.000 vivendes afectades de diversa tipologia, es va estimar en m\u00e9s de 30.000 els matalassos afectats. El servici compr\u00e9n la recollida, el transport, el tractament i la valoritzaci\u00f3 d\u2019estos matalassos mitjan\u00e7ant un tractament que utilitza t\u00e8cniques hidr\u00e0uliques i que busca minimitzar l\u2019impacte en el medi ambient d\u2019estos residus. A estos treballs s\u2019han destinat un total de 36.300 euros.<\/p>\n","protected":false},"excerpt":{"rendered":"<div class=\"mh-excerpt\">La Conselleria de Medi Ambient destina dos milions d\u2019euros a actuacions per a la retirada i l\u2019emmagatzematge temporal de residus i per al buidatge de llots i neteja de vials, canalitzacions i garatges. El Consell <a class=\"mh-excerpt-more\" href=\"https:\/\/www.tucomarca.com\/wordpress\/segunda\/ca\/el-consell-contracta-demergencia-els-servicis-de-reciclatge-i-extraccio-de-residus-en-municipis-afectats-per-les-inundacions\/\" title=\"El Consell contracta d\u2019emerg\u00e8ncia els servicis de reciclatge i extracci\u00f3 de residus en municipis afectats per les inundacions\">[+] <\/a><\/div>\n","protected":false},"author":13,"featured_media":243227,"comment_status":"open","ping_status":"open","sticky":false,"template":"","format":"standard","meta":{"footnotes":""},"categories":[21466,10898,10948,10894,10904,10903,10947,10896,10897],"tags":[15409,12903,11199,12166],"class_list":{"0":"post-251108","1":"post","2":"type-post","3":"status-publish","4":"format-standard","5":"has-post-thumbnail","7":"category-dana-ca","8":"category-ventana-ca","9":"category-infraestructuras-ca","10":"category-la-comarca-ca","11":"category-sin-categorizar-ca","12":"category-medio-ambiente-la-comarca-ca","13":"category-politica","14":"category-seccion-ca","15":"category-sucesos-la-comarca-ca","16":"tag-dana-2-ca","17":"tag-infraestructuras-ca","18":"tag-la-comunitat-ca","19":"tag-medio-ambiente-ca"},"_links":{"self":[{"href":"https:\/\/www.tucomarca.com\/wordpress\/segunda\/ca\/wp-json\/wp\/v2\/posts\/251108","targetHints":{"allow":["GET"]}}],"collection":[{"href":"https:\/\/www.tucomarca.com\/wordpress\/segunda\/ca\/wp-json\/wp\/v2\/posts"}],"about":[{"href":"https:\/\/www.tucomarca.com\/wordpress\/segunda\/ca\/wp-json\/wp\/v2\/types\/post"}],"author":[{"embeddable":true,"href":"https:\/\/www.tucomarca.com\/wordpress\/segunda\/ca\/wp-json\/wp\/v2\/users\/13"}],"replies":[{"embeddable":true,"href":"https:\/\/www.tucomarca.com\/wordpress\/segunda\/ca\/wp-json\/wp\/v2\/comments?post=251108"}],"version-history":[{"count":0,"href":"https:\/\/www.tucomarca.com\/wordpress\/segunda\/ca\/wp-json\/wp\/v2\/posts\/251108\/revisions"}],"wp:featuredmedia":[{"embeddable":true,"href":"https:\/\/www.tucomarca.com\/wordpress\/segunda\/ca\/wp-json\/wp\/v2\/media\/243227"}],"wp:attachment":[{"href":"https:\/\/www.tucomarca.com\/wordpress\/segunda\/ca\/wp-json\/wp\/v2\/media?parent=251108"}],"wp:term":[{"taxonomy":"category","embeddable":true,"href":"https:\/\/www.tucomarca.com\/wordpress\/segunda\/ca\/wp-json\/wp\/v2\/categories?post=251108"},{"taxonomy":"post_tag","embeddable":true,"href":"https:\/\/www.tucomarca.com\/wordpress\/segunda\/ca\/wp-json\/wp\/v2\/tags?post=251108"}],"curies":[{"name":"wp","href":"https:\/\/api.w.org\/{rel}","templated":true}]}}