{"id":251147,"date":"2025-01-21T09:45:00","date_gmt":"2025-01-21T08:45:00","guid":{"rendered":"https:\/\/www.tucomarca.com\/wordpress\/segunda\/?p=251147"},"modified":"2025-01-21T20:23:40","modified_gmt":"2025-01-21T19:23:40","slug":"la-diputacio-desbloqueja-el-financament-de-la-reforma-del-centre-social-danna","status":"publish","type":"post","link":"https:\/\/www.tucomarca.com\/wordpress\/segunda\/ca\/la-diputacio-desbloqueja-el-financament-de-la-reforma-del-centre-social-danna\/","title":{"rendered":"La Diputaci\u00f3 desbloqueja el finan\u00e7ament de la reforma del centre social d&#8217;Anna"},"content":{"rendered":"\n<h3 class=\"wp-block-heading\">L&#8217;\u00e0rea de Cooperaci\u00f3 Municipal que dirigix Nat\u00e0lia Enguix accepta l&#8217;al\u00b7legaci\u00f3 de l&#8217;ajuntament, que justifica el retard en una obra ja acabada i que compta amb una ajuda de 252.000 euros del pla d&#8217;inversions 2020-21.<\/h3>\n\n\n\n<h3 class=\"wp-block-heading\">Enguix destaca que \u201cla nostra intenci\u00f3 \u00e9s que tots els diners pressupostats en els plans d&#8217;inversi\u00f3 es queden en els municipis, als quals estem ajudant a executar els projectes del Pla Obert i de programes anteriors\u201d.<\/h3>\n\n\n\n<p>La Diputaci\u00f3 de Val\u00e8ncia ha desbloquejat el finan\u00e7ament de dos dels projectes aprovats a la Canal de Navarr\u00e9s en els plans d&#8217;inversions de l&#8217;anterior legislatura. L&#8217;\u00e0rea de Cooperaci\u00f3 Municipal que dirigix Nat\u00e0lia Enguix ha acceptat les al\u00b7legacions de l&#8217;Ajuntament d&#8217;Anna en les quals es justifica el retard en les obres de reforma del centre social, una actuaci\u00f3 ja finalitzada i que rebr\u00e0 \u00edntegrament els 252.000 euros que en el seu moment va concedir la corporaci\u00f3 provincial en el seu Pla d&#8217;Inversions 2020-2021.<\/p>\n\n\n\n<p>La intervenci\u00f3 en el centre social, que ha incl\u00f2s la millora de l&#8217;accessibilitat amb la instal\u00b7laci\u00f3 d&#8217;un ascensor que permet l&#8217;entrada simult\u00e0nia a la Casa de la Cultura, va patir retards a causa de motius t\u00e8cnics que el consistori ha detallat en les seues al\u00b7legacions, ja que la no justificaci\u00f3 del retard podria haver comportat la p\u00e8rdua de part del finan\u00e7ament provincial. \u201cSabem que els alcaldes i alcaldesses s\u00f3n els primers que volen executar les obres dins del termini i en la forma corresponent i que les ajudes es tradu\u00efsquen en millores reals per als seus municipis, per aix\u00f2 els ajudarem en tot el que estiga al nostre abast\u201d, afirma Nat\u00e0lia Enguix.<\/p>\n\n\n\n<p>L&#8217;alcalde d&#8217;Anna, Miguel Mar\u00edn, agra\u00efx la predisposici\u00f3 de la Diputaci\u00f3 a finan\u00e7ar una obra que \u201cens trobem ja prevista i embossada al principi de la legislatura i amb poc temps per a poder-la desenvolupar. Vam fer algunes modificacions i malgrat aix\u00f2 hem tingut problemes meteorol\u00f2gics, sobretot les pluges que van danyar els sostres, complicant la finalitzaci\u00f3 dels treballs\u201d. La reforma en el centre social va tirar avant amb \u201cun nou sal\u00f3 de plens, en el qual s&#8217;ha habilitat un balc\u00f3 per a facilitar als festers les activitats en celebracions com a Sant Antoni, i l&#8217;ascensor que connecta amb la Casa de la Cultura\u201d.<\/p>\n\n\n\n<p>La vicepresidenta primera de la Diputaci\u00f3 destaca que un dels principals reptes de la legislatura \u201c\u00e9s que els ajuntaments no hagen de renunciar a un sol euro pressupostat en el major pla inversor de la hist\u00f2ria de la corporaci\u00f3, amb 350 milions per a municipis i mancomunitats\u201d. Per a aix\u00f2, \u201chem introdu\u00eft canvis en el nou Pla Obert per a flexibilitzar els temps, eliminar burocr\u00e0cia i facilitar els procediments als responsables locals, sense oblidar-nos dels projectes no executats d&#8217;anteriors plans, als quals tractem de donar eixida amb pr\u00f2rrogues, canvis d&#8217;obra i els recursos legals dels quals disposem\u201d.<\/p>\n\n\n\n<p>En el cas d&#8217;Anna, la Diputaci\u00f3 ha tingut en compte que, pese al retard en les obres de reforma del centre social, el consistori havia invertit en l&#8217;actuaci\u00f3 256.000 euros, una mica m\u00e9s de l&#8217;ajuda concedida, abans que finalitzara el termini establit per a acabar-la i justificar-la. \u201cHan d&#8217;existir uns terminis i uns mecanismes de control per a supervisar que els municipis desenvolupen els projectes i complixen amb la seua part, per\u00f2 hi ha ocasions en qu\u00e8 factors externs provoquen els retards i estes circumst\u00e0ncies s\u00f3n les que valoren els t\u00e8cnics a l&#8217;hora de concedir o no les ajudes previstes\u201d, assenyala la vicepresidenta Enguix.<\/p>\n\n\n\n<p><strong>Mancomunitat de la Canal<\/strong><\/p>\n\n\n\n<p>L&#8217;altre projecte el finan\u00e7ament del qual ha desbloquejat la Diputaci\u00f3 que presidix Vicent Momp\u00f3 \u00e9s el que va presentar en el seu moment la Mancomunitat Canal de Navarr\u00e9s en el marc del Pla d&#8217;Inversions 2022-2023. En este cas, la instituci\u00f3 provincial dona llum verda a continuar tramitant l&#8217;expedient corresponent a l&#8217;adquisici\u00f3 de s\u00f2l per a la construcci\u00f3 d&#8217;una nau industrial destinada a la gesti\u00f3 de residus. L&#8217;aportaci\u00f3 de la Diputaci\u00f3 \u00e9s de 67.700 euros, que acabar\u00e0 ingressant la mancomunitat.<\/p>\n\n\n\n<p>En l&#8217;actual programa inversor, el Pla Obert, les mancomunitats de la prov\u00edncia disposen en el seu conjunt de 10 milions d&#8217;euros amb els quals podran finan\u00e7ar els seus projectes fins al terme de la legislatura. Quant a la comarca, la Canal de Navarr\u00e9s t\u00e9 assignats 9,5 milions d&#8217;euros en la present legislatura, quasi dos milions m\u00e9s que en el per\u00edode 2020-2023.<\/p>\n\n\n\n<p>En el cas concret d&#8217;Anna, el municipi de la Canal disposa d&#8217;1.125.000 euros per a invertir en infraestructures i servicis en el marc del Pla Obert, 175.000 euros m\u00e9s que en els anteriors plans d&#8217;inversions. L&#8217;alcalde, Miguel Mar\u00edn, avan\u00e7a que el gran projecte del seu municipi ser\u00e0 la construcci\u00f3 d&#8217;un auditori multiusos, que se sumar\u00e0 a les millores que l&#8217;ajuntament est\u00e0 duent a terme en el pavell\u00f3, els parcs i el centre juvenil.<\/p>\n","protected":false},"excerpt":{"rendered":"<div class=\"mh-excerpt\">L&#8217;\u00e0rea de Cooperaci\u00f3 Municipal que dirigix Nat\u00e0lia Enguix accepta l&#8217;al\u00b7legaci\u00f3 de l&#8217;ajuntament, que justifica el retard en una obra ja acabada i que compta amb una ajuda de 252.000 euros del pla d&#8217;inversions 2020-21. Enguix <a class=\"mh-excerpt-more\" href=\"https:\/\/www.tucomarca.com\/wordpress\/segunda\/ca\/la-diputacio-desbloqueja-el-financament-de-la-reforma-del-centre-social-danna\/\" title=\"La Diputaci\u00f3 desbloqueja el finan\u00e7ament de la reforma del centre social d&#8217;Anna\">[+] <\/a><\/div>\n","protected":false},"author":12,"featured_media":251141,"comment_status":"open","ping_status":"open","sticky":false,"template":"","format":"standard","meta":{"footnotes":""},"categories":[20520,10898,10948,10963,10894,20456,10947,10896],"tags":[12636,13353,20516,11246,20404],"class_list":{"0":"post-251147","1":"post","2":"type-post","3":"status-publish","4":"format-standard","5":"has-post-thumbnail","7":"category-cooperacio-municipal","8":"category-ventana-ca","9":"category-infraestructuras-ca","10":"category-la-canal-de-navarres-ca","11":"category-la-comarca-ca","12":"category-la-diputacio-de-valencia-informa-ca","13":"category-politica","14":"category-seccion-ca","15":"tag-anna-ca","16":"tag-canal-de-navarres-ca","17":"tag-cooperacion-municipal-ca","18":"tag-diputacio-de-valencia-ca","19":"tag-natalia-enguix-2-ca"},"_links":{"self":[{"href":"https:\/\/www.tucomarca.com\/wordpress\/segunda\/ca\/wp-json\/wp\/v2\/posts\/251147","targetHints":{"allow":["GET"]}}],"collection":[{"href":"https:\/\/www.tucomarca.com\/wordpress\/segunda\/ca\/wp-json\/wp\/v2\/posts"}],"about":[{"href":"https:\/\/www.tucomarca.com\/wordpress\/segunda\/ca\/wp-json\/wp\/v2\/types\/post"}],"author":[{"embeddable":true,"href":"https:\/\/www.tucomarca.com\/wordpress\/segunda\/ca\/wp-json\/wp\/v2\/users\/12"}],"replies":[{"embeddable":true,"href":"https:\/\/www.tucomarca.com\/wordpress\/segunda\/ca\/wp-json\/wp\/v2\/comments?post=251147"}],"version-history":[{"count":0,"href":"https:\/\/www.tucomarca.com\/wordpress\/segunda\/ca\/wp-json\/wp\/v2\/posts\/251147\/revisions"}],"wp:featuredmedia":[{"embeddable":true,"href":"https:\/\/www.tucomarca.com\/wordpress\/segunda\/ca\/wp-json\/wp\/v2\/media\/251141"}],"wp:attachment":[{"href":"https:\/\/www.tucomarca.com\/wordpress\/segunda\/ca\/wp-json\/wp\/v2\/media?parent=251147"}],"wp:term":[{"taxonomy":"category","embeddable":true,"href":"https:\/\/www.tucomarca.com\/wordpress\/segunda\/ca\/wp-json\/wp\/v2\/categories?post=251147"},{"taxonomy":"post_tag","embeddable":true,"href":"https:\/\/www.tucomarca.com\/wordpress\/segunda\/ca\/wp-json\/wp\/v2\/tags?post=251147"}],"curies":[{"name":"wp","href":"https:\/\/api.w.org\/{rel}","templated":true}]}}