{"id":251241,"date":"2025-01-22T15:30:00","date_gmt":"2025-01-22T14:30:00","guid":{"rendered":"https:\/\/www.tucomarca.com\/wordpress\/segunda\/?p=251241"},"modified":"2025-01-22T19:53:49","modified_gmt":"2025-01-22T18:53:49","slug":"la-comunitat-valenciana-arriba-a-fitur-tancant-el-millor-any-turistic-de-la-seua-historia-i-amb-una-previsio-de-creixement-del-44-en-2025","status":"publish","type":"post","link":"https:\/\/www.tucomarca.com\/wordpress\/segunda\/ca\/la-comunitat-valenciana-arriba-a-fitur-tancant-el-millor-any-turistic-de-la-seua-historia-i-amb-una-previsio-de-creixement-del-44-en-2025\/","title":{"rendered":"La Comunitat Valenciana arriba a Fitur tancant el millor any tur\u00edstic de la seua hist\u00f2ria i amb una previsi\u00f3 de creixement del 4,4 % en 2025"},"content":{"rendered":"\n<h3 class=\"wp-block-heading\">La consellera de Turisme ha presentat un balan\u00e7 de dades tur\u00edstiques 2024 i ha avan\u00e7at les previsions per a 2025 en la primera jornada de Fitur<\/h3>\n\n\n\n<h3 class=\"wp-block-heading\">Subratlla que els bons resultats \u201cs\u00f3n fruit de la bona faena de les destinacions i empreses de la Comunitat Valenciana i de la guia de la pol\u00edtica tur\u00edstica que estem impulsant des de la Generalitat\u201d<\/h3>\n\n\n\n<h3 class=\"wp-block-heading\">Avan\u00e7a que, segons les previsions, en 2025 s\u2019incrementar\u00e0 un 6 % el gasto tur\u00edstic i que augmentar\u00e0 per damunt dels dos punts el nombre d\u2019ocupacions del sector<\/h3>\n\n\n\n<p>La consellera d\u2019Innovaci\u00f3, Ind\u00fastria, Comer\u00e7 i Turisme, Mari\u00e1n Cano, ha presentat, este dimecres, el balan\u00e7 tur\u00edstic 2024 i les previsions 2025 en un acte celebrat en l\u2019estand de la Comunitat Valenciana de Fitur.<\/p>\n\n\n\n<p>Mari\u00e1n Cano ha remarcat que \u201cl\u2019any 2024 ha sigut el millor any tur\u00edsticament parlant, amb un r\u00e8cord absolut, amb l\u2019arribada de quasi 30 milions de turistes\u201d, i ha assenyalat que este assoliment \u201c\u00e9s el resultat de l\u2019esfor\u00e7 conjunt de tots els actors involucrats en el turisme de la nostra regi\u00f3\u201d.<\/p>\n\n\n\n<p>A m\u00e9s, la consellera ha avan\u00e7at que en 2025 \u201cmantindrem este creixement, ja que les nostres previsions estimen per a la Comunitat Valenciana un augment de viatgers del 4,4 %\u201d.<\/p>\n\n\n\n<p>Cano ha subratllat que els bons resultats \u201cno s\u00f3n una casualitat, s\u00f3n fruit de la bona faena de les destinacions i empreses de la Comunitat Valenciana i de la guia de la pol\u00edtica tur\u00edstica que estem impulsant des de la Generalitat\u201d.<\/p>\n\n\n\n<p>En este context, ha assenyalat que \u201cl\u2019estrat\u00e8gia tur\u00edstica que s\u2019impulsa des del Consell es resumix en la governan\u00e7a intel\u00b7ligent col\u00b7laborativa\u201d, que t\u00e9 com a objectiu dissenyar pol\u00edtiques des de l\u2019eix de la sostenibilitat que acompanyen el sector tur\u00edstic en els tres desenrotllaments: l\u2019econ\u00f2mic, el social i el mediambiental.<\/p>\n\n\n\n<p><strong>Balan\u00e7 tur\u00edstic 2024<\/strong><\/p>\n\n\n\n<p>La consellera ha oferit un balan\u00e7 dels resultats obtinguts en 2024. Segons ha indicat, \u201cels resultats mostren que l\u2019any passat vam rebre quasi 30 milions de turistes, un r\u00e8cord absolut d\u2019arribades a la Comunitat Valenciana\u201d.<\/p>\n\n\n\n<p>Cano ha remarcat que \u201cel turisme \u00e9s un pilar fonamental per a la nostra economia i benestar social\u201d, tal com mostren les xifres registrades en 2024, que reflectixen que \u201cel sector tur\u00edstic representa ja m\u00e9s del 16 % del PIB de la Comunitat Valenciana, i genera m\u00e9s de 280.000 ocupacions, la qual cosa suposa un increment del 3,6 % respecte a les xifres de 2023\u201d.<\/p>\n\n\n\n<p>A m\u00e9s, ha destacat que els resultats tur\u00edstics de l\u2019any passat mostren un destacat increment de dos d\u00edgits en el gasto tur\u00edstic internacional i un creixement del 10 % en la capacitat a\u00e8ria.<\/p>\n\n\n\n<p>Una altra de les dades registrades en 2024 que la consellera ha remarcat \u00e9s el destacable augment de l\u201911,1 % en el RevPAR, ingr\u00e9s per habitaci\u00f3 disponible. Cano ha explicat que es tracta de \u201cla principal mesura de rendibilitat del negoci tur\u00edstic, la qual cosa demostra que estem experimentant un canvi de model cap a un altre m\u00e9s sostenible\u201d.<\/p>\n\n\n\n<p>Les dades tur\u00edstiques de 2024 mostren uns resultats molt positius del turisme internacional. \u201cHem experimentat un creixement del 15,5 % en el nombre de turistes estrangers, i un augment del 21,2 % en el gasto tur\u00edstic internacional\u201d, ha detallat Mari\u00e1n Cano.<\/p>\n\n\n\n<p>Respecte al turisme nacional, la titular de Turisme ha assenyalat que, malgrat tindre un gasto mitj\u00e0 diari inferior a l\u2019internacional, \u201cen 2024 hem aconseguit un creixement del 4,80 %, fruit de les nostres pol\u00edtiques de diversificaci\u00f3\u201d, i ha destacat el comportament del mercat madrileny, que \u201cha mostrat un creixement notable, gr\u00e0cies a la millora de la connectivitat via AVE\u201d.<\/p>\n\n\n\n<p>La consellera tamb\u00e9 s\u2019ha referit a les dades de capacitat a\u00e8ria, que en l\u2019\u00faltim any s\u2019han incrementat un 10 % a la Comunitat Valenciana. Per aix\u00f2, ha tornat a reclamar \u201cla necessitat d\u2019abordar de manera imminent els projectes d\u2019ampliaci\u00f3 de la terminal de Manises i la segona pista d\u2019Alacant-Elx\u201d.<\/p>\n\n\n\n<p><strong>Previsions per a 2025<\/strong><\/p>\n\n\n\n<p>Respecte a les previsions per a 2025, la consellera de Turisme ha avan\u00e7at que, segons les estimacions de Turisme Comunitat Valenciana, \u201cmantindrem el creixement en 2025, amb unes previsions d\u2019augment de viatgers del 4,40 %, del 6 % en el gasto tur\u00edstic i per damunt dels dos punts en el nombre d\u2019ocupacions del sector\u201d.<\/p>\n\n\n\n<p>Per a complir estes previsions, Cano ha informat que des de la Conselleria \u201ctenim un pla d\u2019acci\u00f3 per a enguany amb actuacions noves\u201d. Aix\u00ed, ha anunciat que, entre altres actuacions, \u201ctreballarem amb un m\u00e0rqueting m\u00e9s especialitzat per a impulsar la promoci\u00f3 tur\u00edstica i el refor\u00e7 de la relaci\u00f3 amb aerol\u00ednies per al creixement estrat\u00e8gic de connexions en temporada baixa\u201d, i ha afegit que tamb\u00e9 \u201chem previst nous bons viatge per a incentivar la demanda de productes tur\u00edstics prestats en el nostre territori\u201d.<\/p>\n\n\n\n<p>Finalment, Mari\u00e1n Cano ha reiterat que l\u2019objectiu de la Generalitat \u201c\u00e9s dirigir, mitjan\u00e7ant una governan\u00e7a intel\u00b7ligent col\u00b7laborativa p\u00fablica i privada, l\u2019impuls del sector tur\u00edstic de la Comunitat Valenciana i el seu creixement sostingut i sostenible, de manera que esta activitat econ\u00f2mica principal distribu\u00efsca el seu impacte positiu al llarg de la seua geografia, de manera que beneficie tant empreses, turistes com residents\u201d.<\/p>\n","protected":false},"excerpt":{"rendered":"<div class=\"mh-excerpt\">La consellera de Turisme ha presentat un balan\u00e7 de dades tur\u00edstiques 2024 i ha avan\u00e7at les previsions per a 2025 en la primera jornada de Fitur Subratlla que els bons resultats \u201cs\u00f3n fruit de la <a class=\"mh-excerpt-more\" href=\"https:\/\/www.tucomarca.com\/wordpress\/segunda\/ca\/la-comunitat-valenciana-arriba-a-fitur-tancant-el-millor-any-turistic-de-la-seua-historia-i-amb-una-previsio-de-creixement-del-44-en-2025\/\" title=\"La Comunitat Valenciana arriba a Fitur tancant el millor any tur\u00edstic de la seua hist\u00f2ria i amb una previsi\u00f3 de creixement del 4,4 % en 2025\">[+] <\/a><\/div>\n","protected":false},"author":12,"featured_media":251239,"comment_status":"open","ping_status":"open","sticky":false,"template":"","format":"standard","meta":{"footnotes":""},"categories":[21466,10898,10904,11007,10896],"tags":[11199,15856],"class_list":{"0":"post-251241","1":"post","2":"type-post","3":"status-publish","4":"format-standard","5":"has-post-thumbnail","7":"category-dana-ca","8":"category-ventana-ca","9":"category-sin-categorizar-ca","10":"category-ocio-y-cultura-ca","11":"category-seccion-ca","12":"tag-la-comunitat-ca","13":"tag-ocio-y-cultura-ca"},"_links":{"self":[{"href":"https:\/\/www.tucomarca.com\/wordpress\/segunda\/ca\/wp-json\/wp\/v2\/posts\/251241","targetHints":{"allow":["GET"]}}],"collection":[{"href":"https:\/\/www.tucomarca.com\/wordpress\/segunda\/ca\/wp-json\/wp\/v2\/posts"}],"about":[{"href":"https:\/\/www.tucomarca.com\/wordpress\/segunda\/ca\/wp-json\/wp\/v2\/types\/post"}],"author":[{"embeddable":true,"href":"https:\/\/www.tucomarca.com\/wordpress\/segunda\/ca\/wp-json\/wp\/v2\/users\/12"}],"replies":[{"embeddable":true,"href":"https:\/\/www.tucomarca.com\/wordpress\/segunda\/ca\/wp-json\/wp\/v2\/comments?post=251241"}],"version-history":[{"count":0,"href":"https:\/\/www.tucomarca.com\/wordpress\/segunda\/ca\/wp-json\/wp\/v2\/posts\/251241\/revisions"}],"wp:featuredmedia":[{"embeddable":true,"href":"https:\/\/www.tucomarca.com\/wordpress\/segunda\/ca\/wp-json\/wp\/v2\/media\/251239"}],"wp:attachment":[{"href":"https:\/\/www.tucomarca.com\/wordpress\/segunda\/ca\/wp-json\/wp\/v2\/media?parent=251241"}],"wp:term":[{"taxonomy":"category","embeddable":true,"href":"https:\/\/www.tucomarca.com\/wordpress\/segunda\/ca\/wp-json\/wp\/v2\/categories?post=251241"},{"taxonomy":"post_tag","embeddable":true,"href":"https:\/\/www.tucomarca.com\/wordpress\/segunda\/ca\/wp-json\/wp\/v2\/tags?post=251241"}],"curies":[{"name":"wp","href":"https:\/\/api.w.org\/{rel}","templated":true}]}}