{"id":251302,"date":"2025-01-23T10:05:00","date_gmt":"2025-01-23T09:05:00","guid":{"rendered":"https:\/\/www.tucomarca.com\/wordpress\/segunda\/?p=251302"},"modified":"2025-01-24T21:06:37","modified_gmt":"2025-01-24T20:06:37","slug":"nou-bunyol-comenca-amb-el-cicle-de-presentacions-falleres-de-les-comissions-de-la-localitat","status":"publish","type":"post","link":"https:\/\/www.tucomarca.com\/wordpress\/segunda\/ca\/nou-bunyol-comenca-amb-el-cicle-de-presentacions-falleres-de-les-comissions-de-la-localitat\/","title":{"rendered":"Nou Bunyol comen\u00e7a amb el cicle de presentacions falleres de les comissions de la localitat"},"content":{"rendered":"\n<p>Comen\u00e7a el cicle de les presentacions de les comissions falleres a Bunyol i comen\u00e7a la Falla Nou Bunyol a oferir l&#8217;espectacle de llums i color que durar\u00e0 fins a finals de febrer.<\/p>\n\n\n\n<p>Aquest dissabte, 25 de gener, seran proclamades a les 18,30 hores en el Teatre Montecarlo les seues m\u00e0ximes representants per a aquest 2025: com a Fallera Major Infantil, la xiqueta Adriana Maci\u00e1 Montoya i com a Fallera Major Paula Ram\u00f3n Mart\u00ednez.<\/p>\n","protected":false},"excerpt":{"rendered":"<div class=\"mh-excerpt\">Comen\u00e7a el cicle de les presentacions de les comissions falleres a Bunyol i comen\u00e7a la Falla Nou Bunyol a oferir l&#8217;espectacle de llums i color que durar\u00e0 fins a finals de febrer. Aquest dissabte, 25 <a class=\"mh-excerpt-more\" href=\"https:\/\/www.tucomarca.com\/wordpress\/segunda\/ca\/nou-bunyol-comenca-amb-el-cicle-de-presentacions-falleres-de-les-comissions-de-la-localitat\/\" title=\"Nou Bunyol comen\u00e7a amb el cicle de presentacions falleres de les comissions de la localitat\">[+] <\/a><\/div>\n","protected":false},"author":12,"featured_media":251300,"comment_status":"open","ping_status":"open","sticky":false,"template":"","format":"standard","meta":{"footnotes":""},"categories":[11019,10911,10894,10912,11007,10896],"tags":[10913,11743,10914],"class_list":{"0":"post-251302","1":"post","2":"type-post","3":"status-publish","4":"format-standard","5":"has-post-thumbnail","7":"category-agenda-ca","8":"category-bunol-ca","9":"category-la-comarca-ca","10":"category-la-hoya-ca","11":"category-ocio-y-cultura-ca","12":"category-seccion-ca","13":"tag-bunol-ca","14":"tag-falla-nuevo-bunol-ca","15":"tag-la-hoya-de-bunol-chiva-ca"},"_links":{"self":[{"href":"https:\/\/www.tucomarca.com\/wordpress\/segunda\/ca\/wp-json\/wp\/v2\/posts\/251302","targetHints":{"allow":["GET"]}}],"collection":[{"href":"https:\/\/www.tucomarca.com\/wordpress\/segunda\/ca\/wp-json\/wp\/v2\/posts"}],"about":[{"href":"https:\/\/www.tucomarca.com\/wordpress\/segunda\/ca\/wp-json\/wp\/v2\/types\/post"}],"author":[{"embeddable":true,"href":"https:\/\/www.tucomarca.com\/wordpress\/segunda\/ca\/wp-json\/wp\/v2\/users\/12"}],"replies":[{"embeddable":true,"href":"https:\/\/www.tucomarca.com\/wordpress\/segunda\/ca\/wp-json\/wp\/v2\/comments?post=251302"}],"version-history":[{"count":0,"href":"https:\/\/www.tucomarca.com\/wordpress\/segunda\/ca\/wp-json\/wp\/v2\/posts\/251302\/revisions"}],"wp:featuredmedia":[{"embeddable":true,"href":"https:\/\/www.tucomarca.com\/wordpress\/segunda\/ca\/wp-json\/wp\/v2\/media\/251300"}],"wp:attachment":[{"href":"https:\/\/www.tucomarca.com\/wordpress\/segunda\/ca\/wp-json\/wp\/v2\/media?parent=251302"}],"wp:term":[{"taxonomy":"category","embeddable":true,"href":"https:\/\/www.tucomarca.com\/wordpress\/segunda\/ca\/wp-json\/wp\/v2\/categories?post=251302"},{"taxonomy":"post_tag","embeddable":true,"href":"https:\/\/www.tucomarca.com\/wordpress\/segunda\/ca\/wp-json\/wp\/v2\/tags?post=251302"}],"curies":[{"name":"wp","href":"https:\/\/api.w.org\/{rel}","templated":true}]}}