{"id":251887,"date":"2025-01-27T12:35:00","date_gmt":"2025-01-27T11:35:00","guid":{"rendered":"https:\/\/www.tucomarca.com\/wordpress\/segunda\/?p=251887"},"modified":"2025-01-27T20:37:36","modified_gmt":"2025-01-27T19:37:36","slug":"quatre-de-les-cinc-comissions-falleres-de-bunyol-es-pronuncien-a-favor-duna-unica-ofrena-rotativa-entre-el-pueblo-i-las-ventas","status":"publish","type":"post","link":"https:\/\/www.tucomarca.com\/wordpress\/segunda\/ca\/quatre-de-les-cinc-comissions-falleres-de-bunyol-es-pronuncien-a-favor-duna-unica-ofrena-rotativa-entre-el-pueblo-i-las-ventas\/","title":{"rendered":"Quatre de les cinc comissions falleres de Bunyol es pronuncien a favor d&#8217;una \u00fanica ofrena rotativa entre el poble i Las Ventas"},"content":{"rendered":"\n<h3 class=\"wp-block-heading\">Les comissions de Reyes Cat\u00f3licos, Bu\u00f1ol Pueblo, Nuevo Bu\u00f1ol i El Prado acorden una \u00fanica ofrena floral amb rotaci\u00f3 entre Les Vendes i el poble, mentre que la Falla Las Ventas s&#8217;oposa.<\/h3>\n\n\n\n<p>Les comissions falleres de Bunyol han acordat, &#8220;despr\u00e9s d&#8217;un proc\u00e9s democr\u00e0tic de votaci\u00f3, realitzar una \u00fanica ofrena floral en el municipi. Aquesta proposta, discutida durant anys, va ser aprovada per majoria significativa, amb quatre vots a favor i un en contra en les juntes generals de les comissions, posteriorment ratificats en la Junta Local Fallera&#8221;, tal com han fet constar quatre de les cinc comissions en un comunicat conjunt.<\/p>\n\n\n\n<p>&#8220;L&#8217;Ajuntament, en una reuni\u00f3 extraordin\u00e0ria sol\u00b7licitada per la Junta Local Fallera, va confirmar el seu suport a aquesta resoluci\u00f3 democr\u00e0tica i va proposar que l&#8217;ofrena d&#8217;enguany es duga a terme en Las Ventas, amb la cercavila matutina recorrent el poble. A m\u00e9s, es va establir un sistema de rotaci\u00f3 perqu\u00e8 totes les comissions tinguen igualtat de protagonisme en anys esdevenidors&#8221;, tal com afigen les quatre comissions falleres.<\/p>\n\n\n\n<p>Les comissions falleres de Bunyol fan &#8220;una crida a la unitat i al respecte mutu, destacant que aquest tipus de decisions democr\u00e0tiques busquen sempre el millor per a la festa i per a la comunitat fallera&#8221;, han finalitzat.<\/p>\n\n\n\n<figure class=\"wp-block-image size-large\"><img loading=\"lazy\" decoding=\"async\" width=\"1024\" height=\"1024\" src=\"http:\/\/www.tucomarca.com\/wordpress\/segunda\/wp-content\/uploads\/2025\/01\/comunicadoOfrendaRRCC-1024x1024.jpeg\" alt=\"\" class=\"wp-image-251869\" srcset=\"https:\/\/www.tucomarca.com\/wordpress\/segunda\/wp-content\/uploads\/2025\/01\/comunicadoOfrendaRRCC-1024x1024.jpeg 1024w, https:\/\/www.tucomarca.com\/wordpress\/segunda\/wp-content\/uploads\/2025\/01\/comunicadoOfrendaRRCC-300x300.jpeg 300w, https:\/\/www.tucomarca.com\/wordpress\/segunda\/wp-content\/uploads\/2025\/01\/comunicadoOfrendaRRCC-290x290.jpeg 290w, https:\/\/www.tucomarca.com\/wordpress\/segunda\/wp-content\/uploads\/2025\/01\/comunicadoOfrendaRRCC-768x768.jpeg 768w, https:\/\/www.tucomarca.com\/wordpress\/segunda\/wp-content\/uploads\/2025\/01\/comunicadoOfrendaRRCC.jpeg 1080w\" sizes=\"auto, (max-width: 1024px) 100vw, 1024px\" \/><\/figure>\n","protected":false},"excerpt":{"rendered":"<div class=\"mh-excerpt\">Les comissions de Reyes Cat\u00f3licos, Bu\u00f1ol Pueblo, Nuevo Bu\u00f1ol i El Prado acorden una \u00fanica ofrena floral amb rotaci\u00f3 entre Les Vendes i el poble, mentre que la Falla Las Ventas s&#8217;oposa. Les comissions falleres <a class=\"mh-excerpt-more\" href=\"https:\/\/www.tucomarca.com\/wordpress\/segunda\/ca\/quatre-de-les-cinc-comissions-falleres-de-bunyol-es-pronuncien-a-favor-duna-unica-ofrena-rotativa-entre-el-pueblo-i-las-ventas\/\" title=\"Quatre de les cinc comissions falleres de Bunyol es pronuncien a favor d&#8217;una \u00fanica ofrena rotativa entre el poble i Las Ventas\">[+] <\/a><\/div>\n","protected":false},"author":12,"featured_media":251886,"comment_status":"open","ping_status":"open","sticky":false,"template":"","format":"standard","meta":{"footnotes":""},"categories":[10911,10894,10912,11007,10896],"tags":[10913,20849,16409,10914,16689],"class_list":{"0":"post-251887","1":"post","2":"type-post","3":"status-publish","4":"format-standard","5":"has-post-thumbnail","7":"category-bunol-ca","8":"category-la-comarca-ca","9":"category-la-hoya-ca","10":"category-ocio-y-cultura-ca","11":"category-seccion-ca","12":"tag-bunol-ca","13":"tag-fallas-2025-ca","14":"tag-fallas-de-bunol-ca","15":"tag-la-hoya-de-bunol-chiva-ca","16":"tag-ofrenda-ca"},"_links":{"self":[{"href":"https:\/\/www.tucomarca.com\/wordpress\/segunda\/ca\/wp-json\/wp\/v2\/posts\/251887","targetHints":{"allow":["GET"]}}],"collection":[{"href":"https:\/\/www.tucomarca.com\/wordpress\/segunda\/ca\/wp-json\/wp\/v2\/posts"}],"about":[{"href":"https:\/\/www.tucomarca.com\/wordpress\/segunda\/ca\/wp-json\/wp\/v2\/types\/post"}],"author":[{"embeddable":true,"href":"https:\/\/www.tucomarca.com\/wordpress\/segunda\/ca\/wp-json\/wp\/v2\/users\/12"}],"replies":[{"embeddable":true,"href":"https:\/\/www.tucomarca.com\/wordpress\/segunda\/ca\/wp-json\/wp\/v2\/comments?post=251887"}],"version-history":[{"count":0,"href":"https:\/\/www.tucomarca.com\/wordpress\/segunda\/ca\/wp-json\/wp\/v2\/posts\/251887\/revisions"}],"wp:featuredmedia":[{"embeddable":true,"href":"https:\/\/www.tucomarca.com\/wordpress\/segunda\/ca\/wp-json\/wp\/v2\/media\/251886"}],"wp:attachment":[{"href":"https:\/\/www.tucomarca.com\/wordpress\/segunda\/ca\/wp-json\/wp\/v2\/media?parent=251887"}],"wp:term":[{"taxonomy":"category","embeddable":true,"href":"https:\/\/www.tucomarca.com\/wordpress\/segunda\/ca\/wp-json\/wp\/v2\/categories?post=251887"},{"taxonomy":"post_tag","embeddable":true,"href":"https:\/\/www.tucomarca.com\/wordpress\/segunda\/ca\/wp-json\/wp\/v2\/tags?post=251887"}],"curies":[{"name":"wp","href":"https:\/\/api.w.org\/{rel}","templated":true}]}}