{"id":251960,"date":"2025-01-27T20:00:00","date_gmt":"2025-01-27T19:00:00","guid":{"rendered":"https:\/\/www.tucomarca.com\/wordpress\/segunda\/?p=251960"},"modified":"2025-01-28T14:20:41","modified_gmt":"2025-01-28T13:20:41","slug":"la-targeta-transport-recuperem-valencia-de-la-generalitat-estara-disponible-en-31-municipis-i-els-grans-barris-afectats-per-les-inundacions","status":"publish","type":"post","link":"https:\/\/www.tucomarca.com\/wordpress\/segunda\/ca\/la-targeta-transport-recuperem-valencia-de-la-generalitat-estara-disponible-en-31-municipis-i-els-grans-barris-afectats-per-les-inundacions\/","title":{"rendered":"La targeta transport \u2018Recuperem Val\u00e8ncia\u2019 de la Generalitat estar\u00e0 disponible en 31 municipis i els grans barris afectats per les inundacions"},"content":{"rendered":"\n<h3 class=\"wp-block-heading\">Mart\u00ednez Mus destaca \u201cla necessitat de facilitar el transport als m\u00e9s afectats per la cat\u00e0strofe del 29 d&#8217;octubre\u201d.<\/h3>\n\n\n\n<h3 class=\"wp-block-heading\">La sol\u00b7licitud del nou t\u00edtol es realitzar\u00e0 als ajuntaments i permetr\u00e0 viatjar de manera gratu\u00efta en Metrovalencia, Rodalia, EMT, Metrob\u00fas i autobusos auton\u00f2mics.<\/h3>\n\n\n\n<p>El conseller de Medi Ambient, Infraestructures i Territori, Vicente Mart\u00ednez Mus, ha confirmat que la targeta transporte \u2018Recuperem Val\u00e8ncia\u2019 estar\u00e0 disponible en 31 municipis i els grans barris afectats per les inundacions.<\/p>\n\n\n\n<p>Aix\u00ed ho ha anunciat Mart\u00ednez Mus despr\u00e9s d&#8217;una trobada celebrada amb alcaldes i representants dels diferents ajuntaments, amb els quals ha abordat la implementaci\u00f3 de la mesura, ja que la gesti\u00f3 del t\u00edtol es far\u00e0 en col\u00b7laboraci\u00f3 amb els consistoris. \u201cL&#8217;objectiu \u00e9s que les targetes s&#8217;entreguen en els mateixos ajuntaments per a facilitar el seu acc\u00e9s als ve\u00efns\u201d, ha remarcat el conseller.<\/p>\n\n\n\n<p>El titular d&#8217;Infraestructures ha destacat \u201cla necessitat de facilitar el transport als m\u00e9s afectats per la cat\u00e0strofe del 29 d&#8217;octubre\u201d. \u201cEls serveis llan\u00e7adora per a part d&#8217;aquests municipis ja s\u00f3n gratu\u00efts, per\u00f2 hem volgut fer un pas m\u00e9s perqu\u00e8 els ve\u00efns viatgen de manera gratu\u00efta en Metrovalencia, Rodalia, EMT, Metrob\u00fas i autobusos auton\u00f2mics\u201d, ha remarcat Mus.<\/p>\n\n\n\n<p>El conseller ha explicat que s&#8217;han seleccionat els municipis i barris en els quals m\u00e9s d&#8217;un 5% dels vehicles censats s&#8217;han vist afectats per les inundacions, encara que ha incidit en qu\u00e8 \u201chi ha localitats que han vist com el 80% de la flota est\u00e0 afectada i \u00e9s necessari que existisca un suport fins a final d&#8217;any\u201d.&nbsp;<\/p>\n\n\n\n<p>La targeta estar\u00e0 disponible per als ve\u00efns de Sedav\u00ed, Paiporta, Massanassa, Alfafar, Llocnou de la Corona, Benet\u00fasser, Picanya, Catarroja, Algemes\u00ed, Beniparrell, Aldaia, L&#8217;Alc\u00fadia, Albal, Guadassuar, Riba-roja de T\u00faria, Alaqu\u00e0s, Sot de Xera, Riola, Xiva, Loriguilla, Xest, Catadau, Pedralba, Utiel, Llombai, Montserrat, Godelleta, Quart de Poblet, Xirivella, Benicull de X\u00faquer i Xestalgar, aix\u00ed com en barris afectats per les inundacions malgrat que la major part del municipis no haja tingut afecci\u00f3.<\/p>\n","protected":false},"excerpt":{"rendered":"<div class=\"mh-excerpt\">Mart\u00ednez Mus destaca \u201cla necessitat de facilitar el transport als m\u00e9s afectats per la cat\u00e0strofe del 29 d&#8217;octubre\u201d. La sol\u00b7licitud del nou t\u00edtol es realitzar\u00e0 als ajuntaments i permetr\u00e0 viatjar de manera gratu\u00efta en Metrovalencia, <a class=\"mh-excerpt-more\" href=\"https:\/\/www.tucomarca.com\/wordpress\/segunda\/ca\/la-targeta-transport-recuperem-valencia-de-la-generalitat-estara-disponible-en-31-municipis-i-els-grans-barris-afectats-per-les-inundacions\/\" title=\"La targeta transport \u2018Recuperem Val\u00e8ncia\u2019 de la Generalitat estar\u00e0 disponible en 31 municipis i els grans barris afectats per les inundacions\">[+] <\/a><\/div>\n","protected":false},"author":13,"featured_media":251959,"comment_status":"open","ping_status":"open","sticky":false,"template":"","format":"standard","meta":{"footnotes":""},"categories":[10983,10986,10892,10991,21466,11046,10898,11034,10977,10994,10948,10995,10894,10904,10912,10902,10997,10931,10903,11025,10947,10909,10906,10896,11026,10897,11059,10974,10975],"tags":[11081,21832,10899,12238,11071,11195,11784,11663,11087,11342,12903,11076,11199,10914,11077,11501,11431,11080,11135,10910,11102,17643,21815,11174],"class_list":{"0":"post-251960","1":"post","2":"type-post","3":"status-publish","4":"format-standard","5":"has-post-thumbnail","7":"category-algemesi-ca","8":"category-benicull-ca","9":"category-camp-de-turia-ca","10":"category-catadau-ca","11":"category-dana-ca","12":"category-los-serranos-ca","13":"category-ventana-ca","14":"category-gestalgar-ca","15":"category-godelleta-ca","16":"category-guadassuar-ca","17":"category-infraestructuras-ca","18":"category-lalcudia-ca","19":"category-la-comarca-ca","20":"category-sin-categorizar-ca","21":"category-la-hoya-ca","22":"category-la-ribera-ca","23":"category-llombai-ca","24":"category-loriguilla-ca","25":"category-medio-ambiente-la-comarca-ca","26":"category-pedralba-ca","27":"category-politica","28":"category-requena-utiel-ca","29":"category-riba-roja-ca","30":"category-seccion-ca","31":"category-sot-de-chera-ca","32":"category-sucesos-la-comarca-ca","33":"category-utiel-ca","34":"category-cheste-ca","35":"category-chiva-ca","36":"tag-algemesi-ca","37":"tag-benicull-ca","38":"tag-camp-de-turia-ca","39":"tag-catadau-ca","40":"tag-cheste","41":"tag-chiva-ca","42":"tag-dana-ca","43":"tag-gestalgar-ca","44":"tag-godelleta-ca","45":"tag-guadassuar-ca","46":"tag-infraestructuras-ca","47":"tag-lalcudia-ca","48":"tag-la-comunitat-ca","49":"tag-la-hoya-de-bunol-chiva-ca","50":"tag-la-ribera-alta-ca","51":"tag-llombai-ca","52":"tag-loriguilla-ca","53":"tag-los-serranos-ca","54":"tag-pedralba-ca","55":"tag-requena-utiel-ca","56":"tag-riba-roja-2-ca","57":"tag-sot-de-chera-ca","58":"tag-transportes-ca","59":"tag-utiel-ca"},"_links":{"self":[{"href":"https:\/\/www.tucomarca.com\/wordpress\/segunda\/ca\/wp-json\/wp\/v2\/posts\/251960","targetHints":{"allow":["GET"]}}],"collection":[{"href":"https:\/\/www.tucomarca.com\/wordpress\/segunda\/ca\/wp-json\/wp\/v2\/posts"}],"about":[{"href":"https:\/\/www.tucomarca.com\/wordpress\/segunda\/ca\/wp-json\/wp\/v2\/types\/post"}],"author":[{"embeddable":true,"href":"https:\/\/www.tucomarca.com\/wordpress\/segunda\/ca\/wp-json\/wp\/v2\/users\/13"}],"replies":[{"embeddable":true,"href":"https:\/\/www.tucomarca.com\/wordpress\/segunda\/ca\/wp-json\/wp\/v2\/comments?post=251960"}],"version-history":[{"count":0,"href":"https:\/\/www.tucomarca.com\/wordpress\/segunda\/ca\/wp-json\/wp\/v2\/posts\/251960\/revisions"}],"wp:featuredmedia":[{"embeddable":true,"href":"https:\/\/www.tucomarca.com\/wordpress\/segunda\/ca\/wp-json\/wp\/v2\/media\/251959"}],"wp:attachment":[{"href":"https:\/\/www.tucomarca.com\/wordpress\/segunda\/ca\/wp-json\/wp\/v2\/media?parent=251960"}],"wp:term":[{"taxonomy":"category","embeddable":true,"href":"https:\/\/www.tucomarca.com\/wordpress\/segunda\/ca\/wp-json\/wp\/v2\/categories?post=251960"},{"taxonomy":"post_tag","embeddable":true,"href":"https:\/\/www.tucomarca.com\/wordpress\/segunda\/ca\/wp-json\/wp\/v2\/tags?post=251960"}],"curies":[{"name":"wp","href":"https:\/\/api.w.org\/{rel}","templated":true}]}}