{"id":252004,"date":"2025-01-28T08:30:00","date_gmt":"2025-01-28T07:30:00","guid":{"rendered":"https:\/\/www.tucomarca.com\/wordpress\/segunda\/?p=252004"},"modified":"2025-01-28T13:41:23","modified_gmt":"2025-01-28T12:41:23","slug":"el-consell-pren-rao-de-les-contractacions-demergencia-per-a-la-reparacio-i-reconstruccio-del-circuit-ricardo-tormo","status":"publish","type":"post","link":"https:\/\/www.tucomarca.com\/wordpress\/segunda\/ca\/el-consell-pren-rao-de-les-contractacions-demergencia-per-a-la-reparacio-i-reconstruccio-del-circuit-ricardo-tormo\/","title":{"rendered":"El Consell pren ra\u00f3 de les contractacions d&#8217;emerg\u00e8ncia per a la reparaci\u00f3 i reconstrucci\u00f3 del Circuit Ricardo Tormo"},"content":{"rendered":"\n<h3 class=\"wp-block-heading\">L&#8217;import total de les actuacions contractades ascendeix a prop de 218.000 euros.<\/h3>\n\n\n\n<h3 class=\"wp-block-heading\">La prioritat \u00e9s que el Circuit recupere el seu funcionament normal i que torne a acollir el mateix nombre d&#8217;entrenaments, competicions i altres esdeveniments que albergava abans de les inundacions.<\/h3>\n\n\n\n<p>El Consell ha pres ra\u00f3 de diversos contractes d&#8217;emerg\u00e8ncia destinats a la reparaci\u00f3 i reconstrucci\u00f3 d&#8217;infraestructures, instal\u00b7lacions i serveis pertanyents al Circuit Ricardo Tormo de Xest danyats per les inundacions. L&#8217;import total d&#8217;aquests treballs ascendeix a 217.778 euros.<\/p>\n\n\n\n<p>La riuada va provocar danys en nombroses \u00e0rees del circuit valenci\u00e0 que han requerit d&#8217;una profunda intervenci\u00f3 per a recuperar les infraestructures i instal\u00b7lacions destru\u00efdes per aquest episodi de pluges i poder albergar entrenaments i competicions en el recinte esportiu.<\/p>\n\n\n\n<p>En aquest context, la Generalitat ha considerat essencial la realitzaci\u00f3 de contractes d&#8217;emerg\u00e8ncia per a poder avan\u00e7ar en la recuperaci\u00f3 i reparaci\u00f3 de diverses infraestructures i serveis, entre les quals destaca la contractaci\u00f3 del servei de retirada de fang i llot en l&#8217;aparcament del Circuit, aix\u00ed com treballs de moviment de terra per un import de 47.190 euros.<\/p>\n\n\n\n<p>Aix\u00ed mateix, s&#8217;ha contractat una obra per a la creaci\u00f3 d&#8217;un acc\u00e9s provisional per a poder accedir a les instal\u00b7lacions del Circuit per un import de 38.081,12 euros. A m\u00e9s, tamb\u00e9 s&#8217;ha realitzat la contractaci\u00f3 de serveis de neteja i retirada d&#8217;enderrocs en diversos punts del Circuit, aix\u00ed com del lloguer d&#8217;una pala mec\u00e0nica i un cami\u00f3 banyera per valor de 26.120,27 euros.<\/p>\n\n\n\n<p>Amb la mateixa fi de tornar a condicionar les instal\u00b7lacions danyades, tamb\u00e9 s&#8217;ha contractat d&#8217;emerg\u00e8ncia un servei d&#8217;elaboraci\u00f3 del projecte, direcci\u00f3 i coordinaci\u00f3 d&#8217;obra pels danys provocats per l&#8217;aigua en l&#8217;acc\u00e9s principal del Circuit per un import de 22.385 euros. Tamb\u00e9 en l&#8217;entrada principal s&#8217;han contractat d&#8217;emerg\u00e8ncia els treballs de neteja i millora per un import que ascendeix a 18.029 euros.<\/p>\n\n\n\n<p>Unes altres de les actuacions contemplades es refereixen al refor\u00e7 de la vigil\u00e0ncia en el Circuit, aix\u00ed com la reparaci\u00f3 de sistemes de seguretat com ara els equips electr\u00f2nics de seguretat de detecci\u00f3 d&#8217;intrusos; la instal\u00b7laci\u00f3 i muntatge de tres gravadors del circuit tancat de televisi\u00f3 i neteja dels armaris rack i la substituci\u00f3 d&#8217;equips de c\u00e0meres de seguretat del circuit tancat de televisi\u00f3, entre altres.<\/p>\n\n\n\n<p>A m\u00e9s, s&#8217;ha procedit a contractar el subministrament de material per a la reparaci\u00f3 d&#8217;ascensors i equipament el\u00e8ctric i electr\u00f2nic de diversa \u00edndole i per a l&#8217;esmena d&#8217;avaries en el sistema central de protecci\u00f3 contra incendis, entre altres actuacions.<\/p>\n\n\n\n<p>La prioritat \u00e9s que el Circuit Ricardo Tormo recupere el seu funcionament normal i que torne a acollir el mateix nombre d&#8217;entrenaments, competicions i altres esdeveniments que albergava en les seues instal\u00b7lacions abans de les inundacions.<\/p>\n","protected":false},"excerpt":{"rendered":"<div class=\"mh-excerpt\">L&#8217;import total de les actuacions contractades ascendeix a prop de 218.000 euros. La prioritat \u00e9s que el Circuit recupere el seu funcionament normal i que torne a acollir el mateix nombre d&#8217;entrenaments, competicions i altres <a class=\"mh-excerpt-more\" href=\"https:\/\/www.tucomarca.com\/wordpress\/segunda\/ca\/el-consell-pren-rao-de-les-contractacions-demergencia-per-a-la-reparacio-i-reconstruccio-del-circuit-ricardo-tormo\/\" title=\"El Consell pren ra\u00f3 de les contractacions d&#8217;emerg\u00e8ncia per a la reparaci\u00f3 i reconstrucci\u00f3 del Circuit Ricardo Tormo\">[+] <\/a><\/div>\n","protected":false},"author":13,"featured_media":242742,"comment_status":"open","ping_status":"open","sticky":false,"template":"","format":"standard","meta":{"footnotes":""},"categories":[11017,21466,11003,10898,10948,10894,10904,10912,10903,11011,10947,10896,10897,10974],"tags":[15409,11074,12903,11199],"class_list":{"0":"post-252004","1":"post","2":"type-post","3":"status-publish","4":"format-standard","5":"has-post-thumbnail","7":"category-automovilismo-ca","8":"category-dana-ca","9":"category-sports","10":"category-ventana-ca","11":"category-infraestructuras-ca","12":"category-la-comarca-ca","13":"category-sin-categorizar-ca","14":"category-la-hoya-ca","15":"category-medio-ambiente-la-comarca-ca","16":"category-motociclismo-ca","17":"category-politica","18":"category-seccion-ca","19":"category-sucesos-la-comarca-ca","20":"category-cheste-ca","21":"tag-dana-2-ca","22":"tag-deportes-ca","23":"tag-infraestructuras-ca","24":"tag-la-comunitat-ca"},"_links":{"self":[{"href":"https:\/\/www.tucomarca.com\/wordpress\/segunda\/ca\/wp-json\/wp\/v2\/posts\/252004","targetHints":{"allow":["GET"]}}],"collection":[{"href":"https:\/\/www.tucomarca.com\/wordpress\/segunda\/ca\/wp-json\/wp\/v2\/posts"}],"about":[{"href":"https:\/\/www.tucomarca.com\/wordpress\/segunda\/ca\/wp-json\/wp\/v2\/types\/post"}],"author":[{"embeddable":true,"href":"https:\/\/www.tucomarca.com\/wordpress\/segunda\/ca\/wp-json\/wp\/v2\/users\/13"}],"replies":[{"embeddable":true,"href":"https:\/\/www.tucomarca.com\/wordpress\/segunda\/ca\/wp-json\/wp\/v2\/comments?post=252004"}],"version-history":[{"count":0,"href":"https:\/\/www.tucomarca.com\/wordpress\/segunda\/ca\/wp-json\/wp\/v2\/posts\/252004\/revisions"}],"wp:featuredmedia":[{"embeddable":true,"href":"https:\/\/www.tucomarca.com\/wordpress\/segunda\/ca\/wp-json\/wp\/v2\/media\/242742"}],"wp:attachment":[{"href":"https:\/\/www.tucomarca.com\/wordpress\/segunda\/ca\/wp-json\/wp\/v2\/media?parent=252004"}],"wp:term":[{"taxonomy":"category","embeddable":true,"href":"https:\/\/www.tucomarca.com\/wordpress\/segunda\/ca\/wp-json\/wp\/v2\/categories?post=252004"},{"taxonomy":"post_tag","embeddable":true,"href":"https:\/\/www.tucomarca.com\/wordpress\/segunda\/ca\/wp-json\/wp\/v2\/tags?post=252004"}],"curies":[{"name":"wp","href":"https:\/\/api.w.org\/{rel}","templated":true}]}}