{"id":252063,"date":"2025-01-28T07:58:00","date_gmt":"2025-01-28T06:58:00","guid":{"rendered":"https:\/\/www.tucomarca.com\/wordpress\/segunda\/?p=252063"},"modified":"2025-01-28T18:26:24","modified_gmt":"2025-01-28T17:26:24","slug":"riba-roja-aprova-un-pla-de-contractacio-publica-de-232-milions-deuros-per-2025-i-una-reserva-del-5-per-als-centres-especials-docupacio-i-insercio","status":"publish","type":"post","link":"https:\/\/www.tucomarca.com\/wordpress\/segunda\/ca\/riba-roja-aprova-un-pla-de-contractacio-publica-de-232-milions-deuros-per-2025-i-una-reserva-del-5-per-als-centres-especials-docupacio-i-insercio\/","title":{"rendered":"Riba-roja aprova un pla de contractaci\u00f3 p\u00fablica de 23\u20192 milions d&#8217;euros per 2025 i una reserva del 5% per als centres especials d&#8217;ocupaci\u00f3 i inserci\u00f3"},"content":{"rendered":"\n<h3 class=\"wp-block-heading\">El ple municipal referenda el pla municipal amb els vots a favor del PSPV, Comprom\u00eds i Esquerra Unida-Podem i l&#8217;abstenci\u00f3 del PP i VOX.<\/h3>\n\n\n\n<p>El ple de l&#8217;Ajuntament de Riba-roja de T\u00faria ha aprovat el pla de contractaci\u00f3 p\u00fablica municipal corresponent a enguany per un valor i un de 23\u20192 milions d&#8217;euros. El document aprovat defineix les necessitats dels diversos departaments i \u00e0rees municipals de l&#8217;ajuntament en coordinaci\u00f3 amb l&#8217;\u00e0rea de Contractaci\u00f3 P\u00fablica al llarg de tot l&#8217;any.<\/p>\n\n\n\n<p>Aquesta iniciativa es va comen\u00e7ar a aplicar a partir de l&#8217;any 2019 amb l&#8217;objectiu d&#8217;augmentar l&#8217;efici\u00e8ncia dels diversos departaments en la gesti\u00f3 dels recursos p\u00fablics de l&#8217;Ajuntament de Riba-roja de T\u00faria. Aquest programa impulsat per l&#8217;equip de govern del PSPV ha comptat, a m\u00e9s, amb el suport de Comprom\u00eds i Esquerra Unida-Podem i les abstencions del Partit Popular i Vox.<\/p>\n\n\n\n<p>En el Pla de Contractaci\u00f3 de 2025 de Riba-roja de T\u00faria s&#8217;inclouen algunes novetats per a incrementar l&#8217;efici\u00e8ncia i efic\u00e0cia, augmentar la qualitat en les contractacions municipals i facilitar la participaci\u00f3 de Pimes, de manera que s&#8217;ha adequat la planificaci\u00f3 contractual al pressupost, s&#8217;ha crecentado la coordinaci\u00f3 de les diverses \u00e0rees municipals, s&#8217;ha millorat la participaci\u00f3 ciutadana, s&#8217;ha augmentat la transpar\u00e8ncia i s&#8217;ha fomentat la innovaci\u00f3 i s&#8217;ha facilitat i garantit l&#8217;execuci\u00f3 del programa.<\/p>\n\n\n\n<p>A difer\u00e8ncia del pla anterior, les categories establides passen a considerar-se \u00edntegrament com a essencials o d&#8217;alta prioritat. D&#8217;aquesta manera, s&#8217;han incl\u00f2s un total de 190 contractes p\u00fablics a Riba-roja de T\u00faria pels referits 23\u20192 milions d&#8217;euros. En els contractes es tindran en compte els 17 objectius de desenvolupament sostenible (ODS) inclosos en l&#8217;Agenda 2030, amb alguns com a salut i benestar, ind\u00fastria, innovaci\u00f3 i infraestructures, aigua neta i sanejament, energia assequible o acci\u00f3 pel clima, entre altres.<\/p>\n\n\n\n<p>El pla de contractaci\u00f3 arreplega la relaci\u00f3 dels contractes amb les seues corresponents dades b\u00e0siques, com a objecte, preu o duraci\u00f3 d&#8217;aquests, amb la finalitat de facilitar a les empreses un major coneixement de les diverses contractacions, estar atents a la convocat\u00f2ria i, finalment, planificar amb el temps suficient les ofertes de cadascuna de les mercantils interessades. Aquestes mesures eviten, a m\u00e9s, tramitacions precipitades per la urg\u00e8ncia dels terminis que es coneixen amb anterioritat.<\/p>\n\n\n\n<p>Els 190 contractes que s&#8217;han inclosos en el pla municipal d&#8217;aquest any 2025 s&#8217;han distribu\u00eft per les diverses \u00e0rees de l&#8217;Ajuntament de Riba-roja de T\u00faria, amb 28 en el departament de Qualitat Ambiental\/Activitats, altres 22 en l&#8217;\u00e0rea d&#8217;Obres P\u00fabliques, 18 en OSIC, altres 14 contractes en Educaci\u00f3, 11 en medi ambient\/EcoRiba, els 10 contractes de l&#8217;\u00e0rea d&#8217;Esports o els 12 de Seguretat Ciutadana, entre altres.<\/p>\n\n\n\n<p>La planificaci\u00f3 en la contractaci\u00f3 p\u00fablica suposa nombrosos avantatges en la gesti\u00f3 dels recursos municipals. En aquest cas, destaquen un increment de la compet\u00e8ncia, la utilitzaci\u00f3 dels fons p\u00fablics \u00e9s m\u00e9s eficient perqu\u00e8 permet ajustar millor les ofertes de les empreses i, finalment, s&#8217;assegura la tramitaci\u00f3 en el termini corresponent dels contractes que requerisquen necessitats en l&#8217;administraci\u00f3 local.<\/p>\n\n\n\n<p>El Pla de Contractaci\u00f3 2025 de l&#8217;Ajuntament de Riba-roja de T\u00faria inclou, tamb\u00e9, diverses iniciatives corresponents als danys ocasionats per la Dana del passat mes d&#8217;octubre, un dels casos en els quals aquest pla pot ser modificat amb noves incorporacions. A m\u00e9s, es poden afegir contractes que vinguen finan\u00e7ats per fonts externes i aquells serveis que es presten sense cobertura legal.<\/p>\n\n\n\n<p>El regidor d&#8217;Hisenda de Riba-roja de T\u00faria, Jos\u00e9 \u00c1ngel Hern\u00e1ndez, ha destacat que aquest pla de contractaci\u00f3 \u201c\u00e9s un dels pioners en l&#8217;\u00e0mbit de l&#8217;administraci\u00f3 local de la Comunitat Valenciana, en el qual es garanteix el principi d&#8217;igualtat en la concurr\u00e8ncia de les diverses empreses, es fomenta el contracte en les pimes, i es permet una major planificaci\u00f3 en tots els departaments municipals, dins del termini i en la forma corresponent se saben les prioritats en cada \u00e0rea\u201d.<\/p>\n","protected":false},"excerpt":{"rendered":"<div class=\"mh-excerpt\">El ple municipal referenda el pla municipal amb els vots a favor del PSPV, Comprom\u00eds i Esquerra Unida-Podem i l&#8217;abstenci\u00f3 del PP i VOX. El ple de l&#8217;Ajuntament de Riba-roja de T\u00faria ha aprovat el <a class=\"mh-excerpt-more\" href=\"https:\/\/www.tucomarca.com\/wordpress\/segunda\/ca\/riba-roja-aprova-un-pla-de-contractacio-publica-de-232-milions-deuros-per-2025-i-una-reserva-del-5-per-als-centres-especials-docupacio-i-insercio\/\" title=\"Riba-roja aprova un pla de contractaci\u00f3 p\u00fablica de 23\u20192 milions d&#8217;euros per 2025 i una reserva del 5% per als centres especials d&#8217;ocupaci\u00f3 i inserci\u00f3\">[+] <\/a><\/div>\n","protected":false},"author":12,"featured_media":252062,"comment_status":"open","ping_status":"open","sticky":false,"template":"","format":"standard","meta":{"footnotes":""},"categories":[10892,10948,10894,10947,10906,10896],"tags":[10899,20269,15024],"class_list":{"0":"post-252063","1":"post","2":"type-post","3":"status-publish","4":"format-standard","5":"has-post-thumbnail","7":"category-camp-de-turia-ca","8":"category-infraestructuras-ca","9":"category-la-comarca-ca","10":"category-politica","11":"category-riba-roja-ca","12":"category-seccion-ca","13":"tag-camp-de-turia-ca","14":"tag-contratacion-publica-ca","15":"tag-riba-roja-de-turia-ca"},"_links":{"self":[{"href":"https:\/\/www.tucomarca.com\/wordpress\/segunda\/ca\/wp-json\/wp\/v2\/posts\/252063","targetHints":{"allow":["GET"]}}],"collection":[{"href":"https:\/\/www.tucomarca.com\/wordpress\/segunda\/ca\/wp-json\/wp\/v2\/posts"}],"about":[{"href":"https:\/\/www.tucomarca.com\/wordpress\/segunda\/ca\/wp-json\/wp\/v2\/types\/post"}],"author":[{"embeddable":true,"href":"https:\/\/www.tucomarca.com\/wordpress\/segunda\/ca\/wp-json\/wp\/v2\/users\/12"}],"replies":[{"embeddable":true,"href":"https:\/\/www.tucomarca.com\/wordpress\/segunda\/ca\/wp-json\/wp\/v2\/comments?post=252063"}],"version-history":[{"count":0,"href":"https:\/\/www.tucomarca.com\/wordpress\/segunda\/ca\/wp-json\/wp\/v2\/posts\/252063\/revisions"}],"wp:featuredmedia":[{"embeddable":true,"href":"https:\/\/www.tucomarca.com\/wordpress\/segunda\/ca\/wp-json\/wp\/v2\/media\/252062"}],"wp:attachment":[{"href":"https:\/\/www.tucomarca.com\/wordpress\/segunda\/ca\/wp-json\/wp\/v2\/media?parent=252063"}],"wp:term":[{"taxonomy":"category","embeddable":true,"href":"https:\/\/www.tucomarca.com\/wordpress\/segunda\/ca\/wp-json\/wp\/v2\/categories?post=252063"},{"taxonomy":"post_tag","embeddable":true,"href":"https:\/\/www.tucomarca.com\/wordpress\/segunda\/ca\/wp-json\/wp\/v2\/tags?post=252063"}],"curies":[{"name":"wp","href":"https:\/\/api.w.org\/{rel}","templated":true}]}}