{"id":252071,"date":"2025-01-28T07:25:00","date_gmt":"2025-01-28T06:25:00","guid":{"rendered":"https:\/\/www.tucomarca.com\/wordpress\/segunda\/?p=252071"},"modified":"2025-01-28T18:35:17","modified_gmt":"2025-01-28T17:35:17","slug":"la-diputacio-de-valencia-licita-les-obres-per-a-millorar-la-connexio-per-carretera-entre-el-rincon-de-ademuz-i-la-provincia-de-cuenca","status":"publish","type":"post","link":"https:\/\/www.tucomarca.com\/wordpress\/segunda\/ca\/la-diputacio-de-valencia-licita-les-obres-per-a-millorar-la-connexio-per-carretera-entre-el-rincon-de-ademuz-i-la-provincia-de-cuenca\/","title":{"rendered":"La Diputaci\u00f3 de Val\u00e8ncia licita les obres per a millorar la connexi\u00f3 per carretera entre el Rinc\u00f3n de Ademuz i la prov\u00edncia de Cuenca"},"content":{"rendered":"\n<h3 class=\"wp-block-heading\"><strong><strong>Amb una inversi\u00f3 superior al mig mili\u00f3 d&#8217;euros, la intervenci\u00f3 s&#8217;executar\u00e0 sobre la CV-478, que comunica Ademuz amb el territori de Conca passant per Vallanca<\/strong><\/strong>.<\/h3>\n\n\n\n<h3 class=\"wp-block-heading\"><strong><strong>La diputada de Carreteres i vicepresidenta segona Reme Mazzolari destaca \u201cla import\u00e0ncia d&#8217;esta infraestructura per a l&#8217;activitat di\u00e0ria de la poblaci\u00f3 del Rinc\u00f3n, motiu pel qual ha sigut catalogada com a Cam\u00ed d&#8217;Inter\u00e9s Territorial\u201d<\/strong><\/strong>.<\/h3>\n\n\n\n<p>L&#8217;\u00e0rea de Carreteres de la Diputaci\u00f3 de Val\u00e8ncia ha publicat ja la licitaci\u00f3 de les obres de condicionament i millora del Cam\u00ed de Negr\u00f3n a la N-330, una via unix Ademuz amb la comarca de la Serran\u00eda Baja de Cuenca a trav\u00e9s del terme municipal de Vallanca.<\/p>\n\n\n\n<p>Amb un pressupost de 509.843,97 euros i un termini d&#8217;execuci\u00f3 de quatre mesos, la intervenci\u00f3 se situa en la continuaci\u00f3 de la CV-478. Els treballs es duran a terme sobre un tram de 7,5 quil\u00f2metres de longitud que presenta importants defici\u00e8ncies en el ferm; cosa que, en paraules de la diputada de Carreteres, Reme Mazzolari, \u201cincidix directament en la seguretat d&#8217;esta infraestructura, i per tant era una actuaci\u00f3 priorit\u00e0ria per a la Diputaci\u00f3\u201d.<\/p>\n\n\n\n<p>Mazzolari, tamb\u00e9 vicepresidenta segona de la instituci\u00f3 provincial, indica que \u201cla intervenci\u00f3 s&#8217;ha articulat a trav\u00e9s d&#8217;una subvenci\u00f3 en esp\u00e8cie que permetr\u00e0 actuar en territori de Cuenca\u201d i explica que \u201cen este cas es produ\u00efx una casu\u00edstica molt particular, i \u00e9s que la carretera est\u00e0 en bon estat en la part que recau a la prov\u00edncia de Val\u00e8ncia per\u00f2 empitjora notablement quan creua a la de Cuenca; cosa que no t\u00e9 cap sentit per als usuaris, la seguretat dels quals ha d&#8217;estar garantida independentment de qui siga el titular de la via\u201d.<\/p>\n\n\n\n<p>En este sentit, Reme Mazzolari destaca que \u201cdes de la Diputaci\u00f3 de Val\u00e8ncia hem catalogat esta carretera com a Cam\u00ed d&#8217;Inter\u00e9s Territorial, ja que \u00e9s transitada di\u00e0riament per molts ve\u00efns del Ribc\u00f3n de Ademuz per a comunicar-se amb la comarca de la Serran\u00eda Baja de Cuenca, i viceversa\u201d i subratlla \u201cl&#8217;especial paper vertebrador que suposen estes carreteres de la xarxa local en zones que s&#8217;enfronten al fenomen de la despoblaci\u00f3, com \u00e9s la comarca del Rinc\u00f3n\u201d.<\/p>\n\n\n\n<p><strong>Menor impacte ambiental de l&#8217;obra<\/strong><\/p>\n\n\n\n<p>La intervenci\u00f3 es desenrotllar\u00e0 a partir del quil\u00f2metre 2,5 de la CV-478 i discorrer\u00e0 \u00edntegrament en el terme municipal de Moya (Cuenca), ja que l&#8217;\u00e0rea que recau a la prov\u00edncia de Val\u00e8ncia es troba en bon estat.<\/p>\n\n\n\n<p>No obstant aix\u00f2, en el tram entre els punts quilom\u00e8trics 2,5 i 5,3, el cam\u00ed presenta un tractament superficial molt deteriorat pel transcurs del temps, mentres que en l&#8217;\u00faltim interval fins al quil\u00f2metre 7,5 el cam\u00ed presenta defici\u00e8ncies i irregularitats que dificulten el tr\u00e0nsit.&nbsp;<\/p>\n\n\n\n<p>Per a millorar les caracter\u00edstiques estructurals i superficials del ferm existent, s&#8217;utilitzaran t\u00e8cniques que disminu\u00efsquen l&#8217;impacte ambiental de l&#8217;obra. Aix\u00ed, la reutilitzaci\u00f3 de materials in situ contribu\u00efx a no haver d&#8217;obrir nous jaciments d&#8217;\u00e0rids, ni a reduir les reserves dels existents; mentres que la disminuci\u00f3 del transport disminu\u00efx les emissions de CO\u2082 i altres contaminants, aix\u00ed com els impactes col\u00b7laterals que provoca sobre els camins i flora adjacents (pols, erosions, etc.). D&#8217;esta manera s&#8217;aconseguix una millor adaptaci\u00f3 mediambiental, sostenibilitat i integraci\u00f3 paisatg\u00edstica per l&#8217;entorn que travessa.<\/p>\n\n\n\n<p>L&#8217;actuaci\u00f3 inclou la millora de la senyalitzaci\u00f3 vertical, marques vi\u00e0ries i dotaci\u00f3 d&#8217;elements d&#8217;abalisament necessaris, a m\u00e9s de la millora del drenatge superficial mitjan\u00e7ant l&#8217;execuci\u00f3 de guals inundables de formig\u00f3 i cunetes de seguretat.<\/p>\n\n\n\n<p>La intervenci\u00f3 sobre la CV-478 s&#8217;emmarca en el pla de la Diputaci\u00f3 de Val\u00e8ncia per a la millora dels denominats \u2018Camins d&#8217;Inter\u00e9s Territorial\u2019, que s\u00f3n vies, en la majoria dels casos de titularitat municipal, que tenen una funcionalitat afegida per algun motiu, com pot ser acurtar itineraris, comunicar llocs amb mobilitat estacional o constituir l&#8217;\u00fanica via a d&#8217;acc\u00e9s a nuclis habitats de relativa import\u00e0ncia.<\/p>\n","protected":false},"excerpt":{"rendered":"<div class=\"mh-excerpt\">Amb una inversi\u00f3 superior al mig mili\u00f3 d&#8217;euros, la intervenci\u00f3 s&#8217;executar\u00e0 sobre la CV-478, que comunica Ademuz amb el territori de Conca passant per Vallanca. La diputada de Carreteres i vicepresidenta segona Reme Mazzolari destaca <a class=\"mh-excerpt-more\" href=\"https:\/\/www.tucomarca.com\/wordpress\/segunda\/ca\/la-diputacio-de-valencia-licita-les-obres-per-a-millorar-la-connexio-per-carretera-entre-el-rincon-de-ademuz-i-la-provincia-de-cuenca\/\" title=\"La Diputaci\u00f3 de Val\u00e8ncia licita les obres per a millorar la connexi\u00f3 per carretera entre el Rinc\u00f3n de Ademuz i la prov\u00edncia de Cuenca\">[+] <\/a><\/div>\n","protected":false},"author":13,"featured_media":252069,"comment_status":"open","ping_status":"open","sticky":false,"template":"","format":"standard","meta":{"footnotes":""},"categories":[10890,10926,10898,10948,10894,10904,10947,10896],"tags":[11097,12903,11199,21009],"class_list":{"0":"post-252071","1":"post","2":"type-post","3":"status-publish","4":"format-standard","5":"has-post-thumbnail","7":"category-ademus","8":"category-ademus-ca","9":"category-ventana-ca","10":"category-infraestructuras-ca","11":"category-la-comarca-ca","12":"category-sin-categorizar-ca","13":"category-politica","14":"category-seccion-ca","15":"tag-ademuz-ca","16":"tag-infraestructuras-ca","17":"tag-la-comunitat-ca","18":"tag-la-diputacio-de-valencia-ca"},"_links":{"self":[{"href":"https:\/\/www.tucomarca.com\/wordpress\/segunda\/ca\/wp-json\/wp\/v2\/posts\/252071","targetHints":{"allow":["GET"]}}],"collection":[{"href":"https:\/\/www.tucomarca.com\/wordpress\/segunda\/ca\/wp-json\/wp\/v2\/posts"}],"about":[{"href":"https:\/\/www.tucomarca.com\/wordpress\/segunda\/ca\/wp-json\/wp\/v2\/types\/post"}],"author":[{"embeddable":true,"href":"https:\/\/www.tucomarca.com\/wordpress\/segunda\/ca\/wp-json\/wp\/v2\/users\/13"}],"replies":[{"embeddable":true,"href":"https:\/\/www.tucomarca.com\/wordpress\/segunda\/ca\/wp-json\/wp\/v2\/comments?post=252071"}],"version-history":[{"count":0,"href":"https:\/\/www.tucomarca.com\/wordpress\/segunda\/ca\/wp-json\/wp\/v2\/posts\/252071\/revisions"}],"wp:featuredmedia":[{"embeddable":true,"href":"https:\/\/www.tucomarca.com\/wordpress\/segunda\/ca\/wp-json\/wp\/v2\/media\/252069"}],"wp:attachment":[{"href":"https:\/\/www.tucomarca.com\/wordpress\/segunda\/ca\/wp-json\/wp\/v2\/media?parent=252071"}],"wp:term":[{"taxonomy":"category","embeddable":true,"href":"https:\/\/www.tucomarca.com\/wordpress\/segunda\/ca\/wp-json\/wp\/v2\/categories?post=252071"},{"taxonomy":"post_tag","embeddable":true,"href":"https:\/\/www.tucomarca.com\/wordpress\/segunda\/ca\/wp-json\/wp\/v2\/tags?post=252071"}],"curies":[{"name":"wp","href":"https:\/\/api.w.org\/{rel}","templated":true}]}}