{"id":252208,"date":"2025-01-29T20:00:00","date_gmt":"2025-01-29T19:00:00","guid":{"rendered":"https:\/\/www.tucomarca.com\/wordpress\/segunda\/?p=252208"},"modified":"2025-01-30T10:10:53","modified_gmt":"2025-01-30T09:10:53","slug":"lajuntament-de-benaguasil-inicia-els-treballs-de-millora-dels-carrers-tirana-isabel-de-villena-i-plaza-del-portalet","status":"publish","type":"post","link":"https:\/\/www.tucomarca.com\/wordpress\/segunda\/ca\/lajuntament-de-benaguasil-inicia-els-treballs-de-millora-dels-carrers-tirana-isabel-de-villena-i-plaza-del-portalet\/","title":{"rendered":"L&#8217;Ajuntament de Benaguasil inicia els treballs de millora dels carrers Tirana, Isabel de Villena i Plaza del Portalet"},"content":{"rendered":"\n<h3 class=\"wp-block-heading\">Les obres inclouen la renovaci\u00f3 de les voreres i la cal\u00e7ada mitjan\u00e7ant el sistema de plataforma \u00fanica.<\/h3>\n\n\n\n<p>L&#8217;Ajuntament de Benaguasil ha iniciat les obres de reposici\u00f3 de les voreres i cal\u00e7ades als carrers Tirana, Isabel de Villena i Plaza del Portalet, que passaran a ser de plataforma \u00fanica, tant per al tr\u00e0nsit de vianants com per a vehicles.<br>Amb aquesta actuaci\u00f3, que tamb\u00e9 inclou la substituci\u00f3 de la xarxa de subministrament d&#8217;aigua potable, la vorera i la cal\u00e7ada quedaran a la mateixa altura eliminant qualsevol barrera arquitect\u00f2nica.<\/p>\n\n\n\n<figure class=\"wp-block-image size-large\"><img loading=\"lazy\" decoding=\"async\" width=\"1024\" height=\"768\" src=\"https:\/\/www.tucomarca.com\/wordpress\/segunda\/wp-content\/uploads\/2025\/01\/BenaguasilObras02-1024x768.jpg\" alt=\"\" class=\"wp-image-252203\" srcset=\"https:\/\/www.tucomarca.com\/wordpress\/segunda\/wp-content\/uploads\/2025\/01\/BenaguasilObras02-1024x768.jpg 1024w, https:\/\/www.tucomarca.com\/wordpress\/segunda\/wp-content\/uploads\/2025\/01\/BenaguasilObras02-300x225.jpg 300w, https:\/\/www.tucomarca.com\/wordpress\/segunda\/wp-content\/uploads\/2025\/01\/BenaguasilObras02-768x576.jpg 768w, https:\/\/www.tucomarca.com\/wordpress\/segunda\/wp-content\/uploads\/2025\/01\/BenaguasilObras02-1536x1152.jpg 1536w, https:\/\/www.tucomarca.com\/wordpress\/segunda\/wp-content\/uploads\/2025\/01\/BenaguasilObras02-678x509.jpg 678w, https:\/\/www.tucomarca.com\/wordpress\/segunda\/wp-content\/uploads\/2025\/01\/BenaguasilObras02-326x245.jpg 326w, https:\/\/www.tucomarca.com\/wordpress\/segunda\/wp-content\/uploads\/2025\/01\/BenaguasilObras02-80x60.jpg 80w, https:\/\/www.tucomarca.com\/wordpress\/segunda\/wp-content\/uploads\/2025\/01\/BenaguasilObras02.jpg 1600w\" sizes=\"auto, (max-width: 1024px) 100vw, 1024px\" \/><\/figure>\n\n\n\n<p>Les obres contemplen la demolici\u00f3 de les voreres i vorades, l&#8217;empedrat de franges laterals amb llambordes de formig\u00f3 de 20x10x8cm, la col\u00b7locaci\u00f3 de caz central per a la recollida d&#8217;aig\u00fces pluvials i la instal\u00b7laci\u00f3 de mobiliari urb\u00e0 i de senyalitzaci\u00f3, entre altres treballs.<br>El regidor de l&#8217;\u00e0rea, Pedro Peris, juntament amb el t\u00e8cnic municipal ha visitat l&#8217;inici dels treballs i ha manifestat que \u201ces tracta d&#8217;una actuaci\u00f3 per a millorar l&#8217;accessibilitat a aquests carrers que tenen una gran aflu\u00e8ncia de persones i de vehicles, donant prioritat als transe\u00fcnts enfront dels vehicles at\u00e9s que el carrer passar\u00e0 a ser d&#8217;un \u00fas semipeatonal, reservant major espai d&#8217;\u00fas a les persones que als vehicles, que hauran de circular per la franja central del carrer, adequant la seua velocitat a l&#8217;exigida en aquest tipus de vies. A m\u00e9s aquesta iniciativa permetr\u00e0 eliminar barreres arquitect\u00f2niques, gr\u00e0cies a la implantaci\u00f3 d&#8217;una pavimentaci\u00f3 que comptar\u00e0 amb un \u00fanic nivell\u201d.<\/p>\n","protected":false},"excerpt":{"rendered":"<div class=\"mh-excerpt\">Les obres inclouen la renovaci\u00f3 de les voreres i la cal\u00e7ada mitjan\u00e7ant el sistema de plataforma \u00fanica. L&#8217;Ajuntament de Benaguasil ha iniciat les obres de reposici\u00f3 de les voreres i cal\u00e7ades als carrers Tirana, Isabel <a class=\"mh-excerpt-more\" href=\"https:\/\/www.tucomarca.com\/wordpress\/segunda\/ca\/lajuntament-de-benaguasil-inicia-els-treballs-de-millora-dels-carrers-tirana-isabel-de-villena-i-plaza-del-portalet\/\" title=\"L&#8217;Ajuntament de Benaguasil inicia els treballs de millora dels carrers Tirana, Isabel de Villena i Plaza del Portalet\">[+] <\/a><\/div>\n","protected":false},"author":12,"featured_media":252207,"comment_status":"open","ping_status":"open","sticky":false,"template":"","format":"image","meta":{"footnotes":""},"categories":[10952,10892,10948,10894,10947,10896],"tags":[11136,10899,12859],"class_list":{"0":"post-252208","1":"post","2":"type-post","3":"status-publish","4":"format-image","5":"has-post-thumbnail","7":"category-benaguasil-ca","8":"category-camp-de-turia-ca","9":"category-infraestructuras-ca","10":"category-la-comarca-ca","11":"category-politica","12":"category-seccion-ca","13":"tag-benaguasil-ca","14":"tag-camp-de-turia-ca","15":"tag-obras-ca","16":"post_format-post-format-image"},"_links":{"self":[{"href":"https:\/\/www.tucomarca.com\/wordpress\/segunda\/ca\/wp-json\/wp\/v2\/posts\/252208","targetHints":{"allow":["GET"]}}],"collection":[{"href":"https:\/\/www.tucomarca.com\/wordpress\/segunda\/ca\/wp-json\/wp\/v2\/posts"}],"about":[{"href":"https:\/\/www.tucomarca.com\/wordpress\/segunda\/ca\/wp-json\/wp\/v2\/types\/post"}],"author":[{"embeddable":true,"href":"https:\/\/www.tucomarca.com\/wordpress\/segunda\/ca\/wp-json\/wp\/v2\/users\/12"}],"replies":[{"embeddable":true,"href":"https:\/\/www.tucomarca.com\/wordpress\/segunda\/ca\/wp-json\/wp\/v2\/comments?post=252208"}],"version-history":[{"count":0,"href":"https:\/\/www.tucomarca.com\/wordpress\/segunda\/ca\/wp-json\/wp\/v2\/posts\/252208\/revisions"}],"wp:featuredmedia":[{"embeddable":true,"href":"https:\/\/www.tucomarca.com\/wordpress\/segunda\/ca\/wp-json\/wp\/v2\/media\/252207"}],"wp:attachment":[{"href":"https:\/\/www.tucomarca.com\/wordpress\/segunda\/ca\/wp-json\/wp\/v2\/media?parent=252208"}],"wp:term":[{"taxonomy":"category","embeddable":true,"href":"https:\/\/www.tucomarca.com\/wordpress\/segunda\/ca\/wp-json\/wp\/v2\/categories?post=252208"},{"taxonomy":"post_tag","embeddable":true,"href":"https:\/\/www.tucomarca.com\/wordpress\/segunda\/ca\/wp-json\/wp\/v2\/tags?post=252208"}],"curies":[{"name":"wp","href":"https:\/\/api.w.org\/{rel}","templated":true}]}}