{"id":252254,"date":"2025-01-30T10:00:00","date_gmt":"2025-01-30T09:00:00","guid":{"rendered":"https:\/\/www.tucomarca.com\/wordpress\/segunda\/?p=252254"},"modified":"2025-01-30T18:32:51","modified_gmt":"2025-01-30T17:32:51","slug":"utiel-obri-el-termini-per-a-sollicitar-les-ajudes-de-la-fundacio-amancio-ortega-per-a-persones-damnificades-per-la-dana","status":"publish","type":"post","link":"https:\/\/www.tucomarca.com\/wordpress\/segunda\/ca\/utiel-obri-el-termini-per-a-sollicitar-les-ajudes-de-la-fundacio-amancio-ortega-per-a-persones-damnificades-per-la-dana\/","title":{"rendered":"Utiel obri el termini per a sol\u00b7licitar les ajudes de la Fundaci\u00f3 Amancio Ortega\u00a0 per a persones damnificades per la DANA"},"content":{"rendered":"\n<h3 class=\"wp-block-heading\">Termini de presentaci\u00f3 de sol\u00b7licituds i al\u00b7legacions al llistat d&#8217;habitatges i vehicles afectats : Del 31 de gener al 13 de febrer de 2025.<\/h3>\n\n\n\n<h3 class=\"wp-block-heading\">En SAIC ( Cita pr\u00e8via) o a trav\u00e9s de la Seu Electr\u00f2nica de l&#8217;Ajuntament d&#8217;Utiel.<\/h3>\n\n\n\n<p>L&#8217;Ajuntament d&#8217;Utiel comunica que dem\u00e0, 31 de gener, s&#8217;obri el termini per a presentar sol\u00b7licituds a les ajudes de la Fundaci\u00f3 Amancio Ortega dirigides a persones damnificades per la DANA residents a Utiel l&#8217;import total de les quals ascendeix a 3.400.000 euros.&nbsp;<\/p>\n\n\n\n<p>Les ajudes s&#8217;han estructurat en tres l\u00ednies dirigides a persones f\u00edsiques majors d&#8217;edat empadronades a Utiel a fi de&nbsp; pal\u00b7liar els seg\u00fcents danys :<\/p>\n\n\n\n<p>a) En&nbsp; habitatge habitual i en el mobiliari, estris i\/o electrodom\u00e8stics situats en aquesta.&nbsp;<\/p>\n\n\n\n<p>b) En vehicles de transport de titularitat d&#8217;\u00fas privat o professional, incloent-hi motocicletes i ciclomotors.<\/p>\n\n\n\n<p>c) En locals comercials en planta baixa amb activitat econ\u00f2mica donada d&#8217;alta en el municipi Utiel.<\/p>\n\n\n\n<p><strong>Presentaci\u00f3 de sol\u00b7licituds<\/strong><\/p>\n\n\n\n<p>Despr\u00e9s de la publicaci\u00f3 hui de l&#8217;anunci oficial en el BOP (n\u00fam. 20 \/ 30-01-2025) els afectats podran presentar les seues sol\u00b7licituds <strong>des del 31 de gener i fins al 13 de febrer de manera presencial&nbsp; en el Servei d&#8217;Atenci\u00f3 i Informaci\u00f3 al Ciutad\u00e0 SAIC (pr\u00e8via cita)<\/strong>&nbsp; o a trav\u00e9s del tr\u00e0mit telem\u00e0tic habilitat a aquest efecte en la <strong>Seu Electr\u00f2nica de l&#8217;Ajuntament d&#8217;Utiel<\/strong>.<\/p>\n\n\n\n<p>De la mateixa manera, aquells damnificats que no apareguen en el llistat p\u00fablic d&#8217;habitatges i \/o vehicles afectats, podran sol\u00b7licitar la seua inclusi\u00f3 a trav\u00e9s d&#8217;aquesta convocataoria en el mateix termini.<\/p>\n\n\n\n<p><strong>Informaci\u00f3 i bases en www.utiel.es<\/strong><\/p>\n","protected":false},"excerpt":{"rendered":"<div class=\"mh-excerpt\">Termini de presentaci\u00f3 de sol\u00b7licituds i al\u00b7legacions al llistat d&#8217;habitatges i vehicles afectats : Del 31 de gener al 13 de febrer de 2025. En SAIC ( Cita pr\u00e8via) o a trav\u00e9s de la Seu <a class=\"mh-excerpt-more\" href=\"https:\/\/www.tucomarca.com\/wordpress\/segunda\/ca\/utiel-obri-el-termini-per-a-sollicitar-les-ajudes-de-la-fundacio-amancio-ortega-per-a-persones-damnificades-per-la-dana\/\" title=\"Utiel obri el termini per a sol\u00b7licitar les ajudes de la Fundaci\u00f3 Amancio Ortega\u00a0 per a persones damnificades per la DANA\">[+] <\/a><\/div>\n","protected":false},"author":13,"featured_media":243679,"comment_status":"open","ping_status":"open","sticky":false,"template":"","format":"standard","meta":{"footnotes":""},"categories":[21466,10898,10948,10894,10904,10903,10947,10909,10896,10897,11059],"tags":[15409,11199,10910,11174],"class_list":{"0":"post-252254","1":"post","2":"type-post","3":"status-publish","4":"format-standard","5":"has-post-thumbnail","7":"category-dana-ca","8":"category-ventana-ca","9":"category-infraestructuras-ca","10":"category-la-comarca-ca","11":"category-sin-categorizar-ca","12":"category-medio-ambiente-la-comarca-ca","13":"category-politica","14":"category-requena-utiel-ca","15":"category-seccion-ca","16":"category-sucesos-la-comarca-ca","17":"category-utiel-ca","18":"tag-dana-2-ca","19":"tag-la-comunitat-ca","20":"tag-requena-utiel-ca","21":"tag-utiel-ca"},"_links":{"self":[{"href":"https:\/\/www.tucomarca.com\/wordpress\/segunda\/ca\/wp-json\/wp\/v2\/posts\/252254","targetHints":{"allow":["GET"]}}],"collection":[{"href":"https:\/\/www.tucomarca.com\/wordpress\/segunda\/ca\/wp-json\/wp\/v2\/posts"}],"about":[{"href":"https:\/\/www.tucomarca.com\/wordpress\/segunda\/ca\/wp-json\/wp\/v2\/types\/post"}],"author":[{"embeddable":true,"href":"https:\/\/www.tucomarca.com\/wordpress\/segunda\/ca\/wp-json\/wp\/v2\/users\/13"}],"replies":[{"embeddable":true,"href":"https:\/\/www.tucomarca.com\/wordpress\/segunda\/ca\/wp-json\/wp\/v2\/comments?post=252254"}],"version-history":[{"count":0,"href":"https:\/\/www.tucomarca.com\/wordpress\/segunda\/ca\/wp-json\/wp\/v2\/posts\/252254\/revisions"}],"wp:featuredmedia":[{"embeddable":true,"href":"https:\/\/www.tucomarca.com\/wordpress\/segunda\/ca\/wp-json\/wp\/v2\/media\/243679"}],"wp:attachment":[{"href":"https:\/\/www.tucomarca.com\/wordpress\/segunda\/ca\/wp-json\/wp\/v2\/media?parent=252254"}],"wp:term":[{"taxonomy":"category","embeddable":true,"href":"https:\/\/www.tucomarca.com\/wordpress\/segunda\/ca\/wp-json\/wp\/v2\/categories?post=252254"},{"taxonomy":"post_tag","embeddable":true,"href":"https:\/\/www.tucomarca.com\/wordpress\/segunda\/ca\/wp-json\/wp\/v2\/tags?post=252254"}],"curies":[{"name":"wp","href":"https:\/\/api.w.org\/{rel}","templated":true}]}}