{"id":252374,"date":"2025-01-31T09:15:00","date_gmt":"2025-01-31T08:15:00","guid":{"rendered":"https:\/\/www.tucomarca.com\/wordpress\/segunda\/?p=252374"},"modified":"2025-01-31T18:57:46","modified_gmt":"2025-01-31T17:57:46","slug":"lassociacio-per-a-la-defensa-del-sector-primari-a-la-comarca-utiel-requena-es-manifestara-a-valencia-en-defensa-de-lagricultura-i-la-ramaderia","status":"publish","type":"post","link":"https:\/\/www.tucomarca.com\/wordpress\/segunda\/ca\/lassociacio-per-a-la-defensa-del-sector-primari-a-la-comarca-utiel-requena-es-manifestara-a-valencia-en-defensa-de-lagricultura-i-la-ramaderia\/","title":{"rendered":"L&#8217;Associaci\u00f3 per a la Defensa del Sector Primari a la Comarca Utiel Requena es manifestar\u00e0 a\u00a0 Val\u00e8ncia en defensa de l&#8217;agricultura i la ramaderia"},"content":{"rendered":"\n<p>L&#8217;Associaci\u00f3 per a la Defensa del Sector Primari a la Comarca Utiel Requena, ha informat que s&#8217;unir\u00e0 a la manifestaci\u00f3 convocada per la Uni\u00f3 Nacional d&#8217;Associacions del Sector Primari Independents (Unaspi),&nbsp; que es dur\u00e0 a terme&nbsp; el 10 de febrer , en suport a la defensa dels drets del sector primari.<\/p>\n\n\n\n<p>En els pr\u00f2xims dies l&#8217;associaci\u00f3 donar\u00e0 a con\u00e9ixer el recorregut de la manifestaci\u00f3 i el lloc d&#8217;eixida. Diuen els seus representants\u00a0 que tenen planejat acudir amb cotxe circulant en manifestaci\u00f3 i fer una concentraci\u00f3 i des d&#8217;all\u00ed iniciar la marxa pels carrers de Val\u00e8ncia en vehicles. Ademas, tamb\u00e9\u00a0 estan avaluant la possibilitat de contractar autobusos per al trasllat dels\u00a0 socis de la plataforma enfront de la Delegaci\u00f3 de Govern de la Comunitat Valenciana. Informa, <strong>Luis Ib\u00e1\u00f1ez<\/strong>.<\/p>\n","protected":false},"excerpt":{"rendered":"<div class=\"mh-excerpt\">L&#8217;Associaci\u00f3 per a la Defensa del Sector Primari a la Comarca Utiel Requena, ha informat que s&#8217;unir\u00e0 a la manifestaci\u00f3 convocada per la Uni\u00f3 Nacional d&#8217;Associacions del Sector Primari Independents (Unaspi),&nbsp; que es dur\u00e0 a <a class=\"mh-excerpt-more\" href=\"https:\/\/www.tucomarca.com\/wordpress\/segunda\/ca\/lassociacio-per-a-la-defensa-del-sector-primari-a-la-comarca-utiel-requena-es-manifestara-a-valencia-en-defensa-de-lagricultura-i-la-ramaderia\/\" title=\"L&#8217;Associaci\u00f3 per a la Defensa del Sector Primari a la Comarca Utiel Requena es manifestar\u00e0 a\u00a0 Val\u00e8ncia en defensa de l&#8217;agricultura i la ramaderia\">[+] <\/a><\/div>\n","protected":false},"author":13,"featured_media":252371,"comment_status":"open","ping_status":"open","sticky":false,"template":"","format":"standard","meta":{"footnotes":""},"categories":[10905,10948,10894,10903,10947,10909,10896],"tags":[11309,10910],"class_list":{"0":"post-252374","1":"post","2":"type-post","3":"status-publish","4":"format-standard","5":"has-post-thumbnail","7":"category-agricultura-la-comarca-ca","8":"category-infraestructuras-ca","9":"category-la-comarca-ca","10":"category-medio-ambiente-la-comarca-ca","11":"category-politica","12":"category-requena-utiel-ca","13":"category-seccion-ca","14":"tag-agricultura-ca","15":"tag-requena-utiel-ca"},"_links":{"self":[{"href":"https:\/\/www.tucomarca.com\/wordpress\/segunda\/ca\/wp-json\/wp\/v2\/posts\/252374","targetHints":{"allow":["GET"]}}],"collection":[{"href":"https:\/\/www.tucomarca.com\/wordpress\/segunda\/ca\/wp-json\/wp\/v2\/posts"}],"about":[{"href":"https:\/\/www.tucomarca.com\/wordpress\/segunda\/ca\/wp-json\/wp\/v2\/types\/post"}],"author":[{"embeddable":true,"href":"https:\/\/www.tucomarca.com\/wordpress\/segunda\/ca\/wp-json\/wp\/v2\/users\/13"}],"replies":[{"embeddable":true,"href":"https:\/\/www.tucomarca.com\/wordpress\/segunda\/ca\/wp-json\/wp\/v2\/comments?post=252374"}],"version-history":[{"count":0,"href":"https:\/\/www.tucomarca.com\/wordpress\/segunda\/ca\/wp-json\/wp\/v2\/posts\/252374\/revisions"}],"wp:featuredmedia":[{"embeddable":true,"href":"https:\/\/www.tucomarca.com\/wordpress\/segunda\/ca\/wp-json\/wp\/v2\/media\/252371"}],"wp:attachment":[{"href":"https:\/\/www.tucomarca.com\/wordpress\/segunda\/ca\/wp-json\/wp\/v2\/media?parent=252374"}],"wp:term":[{"taxonomy":"category","embeddable":true,"href":"https:\/\/www.tucomarca.com\/wordpress\/segunda\/ca\/wp-json\/wp\/v2\/categories?post=252374"},{"taxonomy":"post_tag","embeddable":true,"href":"https:\/\/www.tucomarca.com\/wordpress\/segunda\/ca\/wp-json\/wp\/v2\/tags?post=252374"}],"curies":[{"name":"wp","href":"https:\/\/api.w.org\/{rel}","templated":true}]}}