{"id":252414,"date":"2025-01-31T11:15:00","date_gmt":"2025-01-31T10:15:00","guid":{"rendered":"https:\/\/www.tucomarca.com\/wordpress\/segunda\/?p=252414"},"modified":"2025-01-31T19:05:39","modified_gmt":"2025-01-31T18:05:39","slug":"la-ministra-dhabitatge-visita-terrenys-del-sepes-a-utiel-i-anuncia-la-construccio-de-30-habitatges-en-lloguer-assequible-per-a-joves-i-la-inversio-de-46-milions-deuros-per-a-la-reconstruccio","status":"publish","type":"post","link":"https:\/\/www.tucomarca.com\/wordpress\/segunda\/ca\/la-ministra-dhabitatge-visita-terrenys-del-sepes-a-utiel-i-anuncia-la-construccio-de-30-habitatges-en-lloguer-assequible-per-a-joves-i-la-inversio-de-46-milions-deuros-per-a-la-reconstruccio\/","title":{"rendered":"La Ministra d&#8217;Habitatge visita terrenys del SEPES a Utiel i anuncia la construcci\u00f3 de 30 habitatges en lloguer assequible per a joves i la inversi\u00f3 de 46 milions d&#8217;euros per a la reconstrucci\u00f3"},"content":{"rendered":"\n<h3 class=\"wp-block-heading\">L&#8217;alcalde d&#8217;Utiel, Ricardo Gabald\u00f3n, ha agra\u00eft al Ministeri d&#8217;Habitatge&nbsp; la cessi\u00f3 de 14 pisos de la SAREB per a damnificats DANA i la&nbsp; posada en marxa d&#8217;una nova promoci\u00f3 d&#8217;habitatge per als m\u00e9s joves.<\/h3>\n\n\n\n<h3 class=\"wp-block-heading\">Isabel Rodriguez tamb\u00e9 ha anunciat la injecci\u00f3 de&nbsp; 10 milions d&#8217;euros per a Utiel com a localitat afectada per la riuada que passa a adherir-se al projecte d&#8217;Agenda Urbana.<\/h3>\n\n\n\n<p>Aquest divendres pel mat\u00ed, la Ministra de l&#8217;Habitatge i Agenda Urbana, Isabel Rodriguez i la Delegada del Govern a la Comunitat Valenciana, Pilar Bernab\u00e9,\u00a0 acompanyades per l&#8217;alcalde d&#8217;Utiel , Ricardo Gabald\u00f3n, han vistado terrenys de s\u00f2l p\u00fablic del SEPES a Utiel on\u00a0 es projecta la promoci\u00f3 de 30 habitatges de lloguer assequible per a joves amb una inversi\u00f3 de 3.5 milions d&#8217;euros.<\/p>\n\n\n\n<p>Isabel Rodriguez tamb\u00e9 ha anunciat que el Govern d&#8217;Espanya assumir\u00e0 el cost de la reconstrucci\u00f3 de&nbsp; infraestrucutras i edificis danyats per la DANA en el municipi amb un pressupost total de 46 milions d&#8217;euros i a m\u00e9s, destinar\u00e0 10 milions a Utiel com a localitat que passa a incorporar-se al projecte d&#8217;Agenda Urbana.<\/p>\n\n\n\n<p>Pr\u00e8viament,&nbsp; la Ministra d&#8217;Habitatge al costat de l&#8217;alcalde d&#8217;Utiel i la Delegada del Govern, visitaven una dels 14 habitatges de la SAREB&nbsp; habilitades per a damnificats per la DANA en el municipi i han tingut l&#8217;oportunitat de conversar amb els afectats i con\u00e9ixer les seues principals demandes.<\/p>\n\n\n\n<p>L&#8217;alcalde d&#8217;Utiel, Ricardo Gabald\u00f3n, ha agra\u00eft el suport&nbsp; del Ministeri d&#8217;Habitatge&nbsp; amb la cessi\u00f3 d&#8217;eixos&nbsp; habitatges per a les fam\u00edlies que van perdre les seues llars i necessitaven amb urg\u00e8ncia un lloc on viure i ha agra\u00eft les&nbsp; inversions destinades al municpio amb la construcci\u00f3 de nou habitatge \u201c aquests projectes permetran als nostres&nbsp; joves quedar-se a la seua ciutat i al seu torn podran ajudar a expandir el teixit empresarial en el municipi\u201d apuntava Ricardo Gabald\u00f3n.<\/p>\n","protected":false},"excerpt":{"rendered":"<div class=\"mh-excerpt\">L&#8217;alcalde d&#8217;Utiel, Ricardo Gabald\u00f3n, ha agra\u00eft al Ministeri d&#8217;Habitatge&nbsp; la cessi\u00f3 de 14 pisos de la SAREB per a damnificats DANA i la&nbsp; posada en marxa d&#8217;una nova promoci\u00f3 d&#8217;habitatge per als m\u00e9s joves. Isabel <a class=\"mh-excerpt-more\" href=\"https:\/\/www.tucomarca.com\/wordpress\/segunda\/ca\/la-ministra-dhabitatge-visita-terrenys-del-sepes-a-utiel-i-anuncia-la-construccio-de-30-habitatges-en-lloguer-assequible-per-a-joves-i-la-inversio-de-46-milions-deuros-per-a-la-reconstruccio\/\" title=\"La Ministra d&#8217;Habitatge visita terrenys del SEPES a Utiel i anuncia la construcci\u00f3 de 30 habitatges en lloguer assequible per a joves i la inversi\u00f3 de 46 milions d&#8217;euros per a la reconstrucci\u00f3\">[+] <\/a><\/div>\n","protected":false},"author":13,"featured_media":252412,"comment_status":"open","ping_status":"open","sticky":false,"template":"","format":"standard","meta":{"footnotes":""},"categories":[10898,10948,10894,10903,10947,10909,10896,10897,11059],"tags":[12903,11140,10910,11174],"class_list":{"0":"post-252414","1":"post","2":"type-post","3":"status-publish","4":"format-standard","5":"has-post-thumbnail","7":"category-ventana-ca","8":"category-infraestructuras-ca","9":"category-la-comarca-ca","10":"category-medio-ambiente-la-comarca-ca","11":"category-politica","12":"category-requena-utiel-ca","13":"category-seccion-ca","14":"category-sucesos-la-comarca-ca","15":"category-utiel-ca","16":"tag-infraestructuras-ca","17":"tag-politica-ca","18":"tag-requena-utiel-ca","19":"tag-utiel-ca"},"_links":{"self":[{"href":"https:\/\/www.tucomarca.com\/wordpress\/segunda\/ca\/wp-json\/wp\/v2\/posts\/252414","targetHints":{"allow":["GET"]}}],"collection":[{"href":"https:\/\/www.tucomarca.com\/wordpress\/segunda\/ca\/wp-json\/wp\/v2\/posts"}],"about":[{"href":"https:\/\/www.tucomarca.com\/wordpress\/segunda\/ca\/wp-json\/wp\/v2\/types\/post"}],"author":[{"embeddable":true,"href":"https:\/\/www.tucomarca.com\/wordpress\/segunda\/ca\/wp-json\/wp\/v2\/users\/13"}],"replies":[{"embeddable":true,"href":"https:\/\/www.tucomarca.com\/wordpress\/segunda\/ca\/wp-json\/wp\/v2\/comments?post=252414"}],"version-history":[{"count":0,"href":"https:\/\/www.tucomarca.com\/wordpress\/segunda\/ca\/wp-json\/wp\/v2\/posts\/252414\/revisions"}],"wp:featuredmedia":[{"embeddable":true,"href":"https:\/\/www.tucomarca.com\/wordpress\/segunda\/ca\/wp-json\/wp\/v2\/media\/252412"}],"wp:attachment":[{"href":"https:\/\/www.tucomarca.com\/wordpress\/segunda\/ca\/wp-json\/wp\/v2\/media?parent=252414"}],"wp:term":[{"taxonomy":"category","embeddable":true,"href":"https:\/\/www.tucomarca.com\/wordpress\/segunda\/ca\/wp-json\/wp\/v2\/categories?post=252414"},{"taxonomy":"post_tag","embeddable":true,"href":"https:\/\/www.tucomarca.com\/wordpress\/segunda\/ca\/wp-json\/wp\/v2\/tags?post=252414"}],"curies":[{"name":"wp","href":"https:\/\/api.w.org\/{rel}","templated":true}]}}