{"id":252558,"date":"2025-02-02T11:00:00","date_gmt":"2025-02-02T10:00:00","guid":{"rendered":"https:\/\/www.tucomarca.com\/wordpress\/segunda\/?p=252558"},"modified":"2025-02-03T12:57:14","modified_gmt":"2025-02-03T11:57:14","slug":"mazon-hem-pagat-mes-de-86-milions-deuros-de-les-ajudes-directes-per-la-perdua-de-vehicle-als-afectats-per-les-riuades-en-15-dies","status":"publish","type":"post","link":"https:\/\/www.tucomarca.com\/wordpress\/segunda\/ca\/mazon-hem-pagat-mes-de-86-milions-deuros-de-les-ajudes-directes-per-la-perdua-de-vehicle-als-afectats-per-les-riuades-en-15-dies\/","title":{"rendered":"Maz\u00f3n: \u201cHem pagat m\u00e9s de 86 milions d&#8217;euros de les ajudes directes per la p\u00e8rdua de vehicle als afectats per les riuades en 15 dies\u201d"},"content":{"rendered":"\n<h3 class=\"wp-block-heading\">Destaca \u201cel comprom\u00eds i la celeritat del Consell\u201d per a abonar aquestes ajudes enfront de la \u201cinoper\u00e0ncia i lentitud del Govern d&#8217;Espanya que ha pagat 0 euros del Pla Reinicia Acte\u201d.<\/h3>\n\n\n\n<h3 class=\"wp-block-heading\">Assenyala que la Generalitat ha rebut prop de 69.000 sol\u00b7licituds de les quals ja s&#8217;han concedit 45.294, \u00e9s a dir el 65%, i posa en valor que el Consell \u201cabonar\u00e0 l&#8217;import a tots els sol\u00b7licitants durant el primer trimestre de l&#8217;any\u201d.<\/h3>\n\n\n\n<h3 class=\"wp-block-heading\">Ressalta que la Generalitat ha mobilitzat fins al moment 1.600 milions d&#8217;euros per a la reconstrucci\u00f3 dels quals m\u00e9s de 891 corresponen a ajudes directes \u201csense impostos, ni burocr\u00e0cia, ni condicionants\u201d.<\/h3>\n\n\n\n<h3 class=\"wp-block-heading\">Posa en valor que ja s&#8217;ha abonat el 100% de les ajudes a aut\u00f2noms sense empleats, el 69% a empreses i aut\u00f2noms amb empleats i el 61% per a b\u00e9ns de primera necessitat, entre altres l\u00ednies.<\/h3>\n\n\n\n<h3 class=\"wp-block-heading\">Reclama \u201csuport real i efectiu\u201d al Govern central i exigeix \u201cuna exempci\u00f3 total d&#8217;impostos als afectats i l&#8217;eliminaci\u00f3 de l&#8217;IVA per a la reposici\u00f3 de vehicles<br>Val\u00e8ncia.<\/h3>\n\n\n\n<p>El president de la Generalitat, Carlos Maz\u00f3n, ha destacat que \u201chem pagat m\u00e9s de 86 milions d&#8217;euros en tot just dues setmanes de les ajudes directa a les persones afectades que hagen perdut el seu vehicle per les riuades\u201d.<\/p>\n\n\n\n<p>El cap del Consell ha detallat que la Generalitat ha rebut, des del 16 de desembre, prop de 69.000 sol\u00b7licituds de la l\u00ednia \u201cde les quals ja s&#8217;han concedit 45.294, \u00e9s a dir, el 65%, en una tramitaci\u00f3 express i sense burocr\u00e0cia\u201d i ha remarcat l&#8217;objectiu de l&#8217;Executiu valenci\u00e0 \u201cd&#8217;abonar l&#8217;import a tots els sol\u00b7licitants durant el primer trimestre de l&#8217;any\u201d.<\/p>\n\n\n\n<p>El president ha posat en valor que la prioritat de la Generalitat \u00e9s \u201cser \u00e0gils i eficaces en la tramitaci\u00f3 d&#8217;ajudes, simplificant al m\u00e0xim el procediment amb processos senzills i intu\u00eftius per a facilitar la mobilitat en el menor temps possible i que els afectats puguen recobrar el seu dia a dia\u201d.<\/p>\n\n\n\n<p>Sobre aquest tema, ha indicat que \u201caquest comprom\u00eds real del Consell amb les persones que han perdut el seu vehicle contrasta amb la inoper\u00e0ncia i lentitud del Govern d&#8217;Espanya que ha pagat zero euros del Pla Reinicia Acte\u201d, al mateix temps que ha criticat \u201cunes ajudes per a comprar un nou vehicle de les quals els beneficiaris han de pagar l&#8217;IVA i damunt no estan exemptes de tributaci\u00f3 per a l&#8217;IRPF\u201d, per la qual cosa ha tornat a reclamar \u201cimpostos zero per als afectats\u201d.<\/p>\n\n\n\n<p>Per contra, Maz\u00f3n ha ressaltat que la l\u00ednia del Consell \u201cno t\u00e9 cap mena de condicionant com la compra d&#8217;un altre vehicle i est\u00e0 exempta de tributaci\u00f3\u201d. Sobre aquest tema, el president ha insistit en la \u201cestrat\u00e8gia d&#8217;exempcions fiscals de la Generalitat per als damnificats\u201d i ha recordat mesures com \u201cla bonificaci\u00f3 del 100% de l&#8217;Impost de Transmissions Patrimonials per a l&#8217;adquisici\u00f3 de vehicles de segona m\u00e0, entre altres\u201d.<\/p>\n\n\n\n<p>Cal recordar que la Generalitat ha llan\u00e7at aquesta l\u00ednia urgent per p\u00e8rdua de vehicles amb un import inicial de 250 milions d&#8217;euros dirigit a les persones f\u00edsiques que hagen patit la destrucci\u00f3 de determinats vehicles de motor i ciclomotors a conseq\u00fc\u00e8ncia de les inundacions.<\/p>\n\n\n\n<p>En concret, la quantia de l&#8217;ajuda ascendeix als seg\u00fcents imports en funci\u00f3 de la categoria del vehicle sinistrat: 250 euros per a ciclomotors, 750 euros per a motocicletes, 2.000 euros per a turismes, furgonetes i vehicles similars i 2.500 euros per a turismes, furgonetes i vehicles similars adaptats per a persones amb mobilitat redu\u00efda.<\/p>\n\n\n\n<p><strong>Avan\u00e7ant en la reconstrucci\u00f3<\/strong><\/p>\n\n\n\n<p>El cap del Consell ha fet refer\u00e8ncia a la mobilitzaci\u00f3 fins a la data de m\u00e9s de m\u00e9s de 1.600 milions d&#8217;euros per a pal\u00b7liar els danys de les inundacions i afrontar la reconstrucci\u00f3 econ\u00f2mica i social, \u201cdels quals m\u00e9s de 891 milions d&#8217;euros, corresponen a ajudes directes per a atendre les necessitats de persones, empreses, municipis, sectors i col\u00b7lectius afectats per les inundacions\u201d.<\/p>\n\n\n\n<p>En aquest sentit, ha apuntat que ja s&#8217;han pagat el 100% de les ajudes a aut\u00f2noms sense empleats per un import de 39,9 milions d&#8217;euros \u201cde la qual activarem una nova fase\u201d. Aix\u00ed mateix, s&#8217;han abonat el 69% de la l\u00ednia a empreses i aut\u00f2noms amb empleats per valor de 69 milions d&#8217;euros, i el 61% de les ajudes de primera necessitat amb un desemborsament de la Generalitat de m\u00e9s de 122 milions d&#8217;euros, entre altres.<\/p>\n\n\n\n<p>Maz\u00f3n ha recordat que en els pr\u00f2xims dies s&#8217;afegiran noves l\u00ednies directes com el Bo Recuperem Turisme, amb una inversi\u00f3 de 5,1 milions d&#8217;euros per a 17.000 bons dotat cadascun amb 300 euros per a residents dels municipis damnificats.<\/p>\n\n\n\n<p>De la mateixa manera, en l&#8217;\u00e0rea de serveis socials tamb\u00e9 es posaran en marxa ajudes espec\u00edfiques per a l&#8217;adaptaci\u00f3 de vehicles per a persones amb discapacitat, mentre que ja s&#8217;ha aprovat una partida de 900.000 euros per a les fam\u00edlies acollidores afectades per les inundacions.<\/p>\n","protected":false},"excerpt":{"rendered":"<div class=\"mh-excerpt\">Destaca \u201cel comprom\u00eds i la celeritat del Consell\u201d per a abonar aquestes ajudes enfront de la \u201cinoper\u00e0ncia i lentitud del Govern d&#8217;Espanya que ha pagat 0 euros del Pla Reinicia Acte\u201d. Assenyala que la Generalitat <a class=\"mh-excerpt-more\" href=\"https:\/\/www.tucomarca.com\/wordpress\/segunda\/ca\/mazon-hem-pagat-mes-de-86-milions-deuros-de-les-ajudes-directes-per-la-perdua-de-vehicle-als-afectats-per-les-riuades-en-15-dies\/\" title=\"Maz\u00f3n: \u201cHem pagat m\u00e9s de 86 milions d&#8217;euros de les ajudes directes per la p\u00e8rdua de vehicle als afectats per les riuades en 15 dies\u201d\">[+] <\/a><\/div>\n","protected":false},"author":12,"featured_media":250844,"comment_status":"open","ping_status":"open","sticky":false,"template":"","format":"standard","meta":{"footnotes":""},"categories":[21466,10898,10948,10894,10904,10903,10947,10896,10897],"tags":[21732,18807,15409,11498],"class_list":{"0":"post-252558","1":"post","2":"type-post","3":"status-publish","4":"format-standard","5":"has-post-thumbnail","7":"category-dana-ca","8":"category-ventana-ca","9":"category-infraestructuras-ca","10":"category-la-comarca-ca","11":"category-sin-categorizar-ca","12":"category-medio-ambiente-la-comarca-ca","13":"category-politica","14":"category-seccion-ca","15":"category-sucesos-la-comarca-ca","16":"tag-ayudas-directas-municipios-afectados-por-la-dana-ca","17":"tag-carlos-mazon-ca","18":"tag-dana-2-ca","19":"tag-generalitat-valenciana-ca"},"_links":{"self":[{"href":"https:\/\/www.tucomarca.com\/wordpress\/segunda\/ca\/wp-json\/wp\/v2\/posts\/252558","targetHints":{"allow":["GET"]}}],"collection":[{"href":"https:\/\/www.tucomarca.com\/wordpress\/segunda\/ca\/wp-json\/wp\/v2\/posts"}],"about":[{"href":"https:\/\/www.tucomarca.com\/wordpress\/segunda\/ca\/wp-json\/wp\/v2\/types\/post"}],"author":[{"embeddable":true,"href":"https:\/\/www.tucomarca.com\/wordpress\/segunda\/ca\/wp-json\/wp\/v2\/users\/12"}],"replies":[{"embeddable":true,"href":"https:\/\/www.tucomarca.com\/wordpress\/segunda\/ca\/wp-json\/wp\/v2\/comments?post=252558"}],"version-history":[{"count":0,"href":"https:\/\/www.tucomarca.com\/wordpress\/segunda\/ca\/wp-json\/wp\/v2\/posts\/252558\/revisions"}],"wp:featuredmedia":[{"embeddable":true,"href":"https:\/\/www.tucomarca.com\/wordpress\/segunda\/ca\/wp-json\/wp\/v2\/media\/250844"}],"wp:attachment":[{"href":"https:\/\/www.tucomarca.com\/wordpress\/segunda\/ca\/wp-json\/wp\/v2\/media?parent=252558"}],"wp:term":[{"taxonomy":"category","embeddable":true,"href":"https:\/\/www.tucomarca.com\/wordpress\/segunda\/ca\/wp-json\/wp\/v2\/categories?post=252558"},{"taxonomy":"post_tag","embeddable":true,"href":"https:\/\/www.tucomarca.com\/wordpress\/segunda\/ca\/wp-json\/wp\/v2\/tags?post=252558"}],"curies":[{"name":"wp","href":"https:\/\/api.w.org\/{rel}","templated":true}]}}