{"id":252583,"date":"2025-02-03T09:15:00","date_gmt":"2025-02-03T08:15:00","guid":{"rendered":"https:\/\/www.tucomarca.com\/wordpress\/segunda\/?p=252583"},"modified":"2025-02-03T14:35:38","modified_gmt":"2025-02-03T13:35:38","slug":"el-compositor-chivano-luis-serrano-alarcon-dirigeix-a-la-banda-simfonica-municipal-de-madrid-en-lestrena-europea-de-la-seua-simfonia-jalupe","status":"publish","type":"post","link":"https:\/\/www.tucomarca.com\/wordpress\/segunda\/ca\/el-compositor-chivano-luis-serrano-alarcon-dirigeix-a-la-banda-simfonica-municipal-de-madrid-en-lestrena-europea-de-la-seua-simfonia-jalupe\/","title":{"rendered":"El compositor chivano Luis Serrano Alarc\u00f3n dirigeix a la Banda Simf\u00f2nica Municipal de Madrid en l&#8217;estrena europea de la seua simfonia \u2018Jalupe\u2019"},"content":{"rendered":"\n<h3 class=\"wp-block-heading\">Despr\u00e9s d&#8217;estrenar-se mundialment al Jap\u00f3 i passar pel Teatre Monumental de Madrid, el compositor viatjar\u00e0 als Estats Units i a Col\u00f2mbia per a tancar la gira de concerts a Xiva, el seu poble natal.<\/h3>\n\n\n\n<h3 class=\"wp-block-heading\">El mateix Luis Serrano dirigir\u00e0 les interpretacions d&#8217;aquesta obra dedicada a la mem\u00f2ria del seu germ\u00e0 Fernando.<\/h3>\n\n\n\n<p>03 de febrer de 2025.- El Teatre Monumental de Madrid acollir\u00e0 dem\u00e0 4 de febrer l&#8217;estrena a Europa de la Simfonia n\u00fam. 3 \u2018Jalupe\u2019, que el compositor Luis Serrano Alarc\u00f3n ha creat en mem\u00f2ria del seu germ\u00e0 Fernando, i que interpretar\u00e0 la Banda Simf\u00f2nica Municipal de Madrid sota la batuta del propi compositor valenci\u00e0.<\/p>\n\n\n\n<p>Es tracta del segon dels concerts d&#8217;una gira que va comen\u00e7ar el passat 3 de desembre al Jap\u00f3 i que despr\u00e9s del seu pas per la capital d&#8217;Espanya, creuar\u00e0 l&#8217;Atl\u00e0ntic al mar\u00e7 per a actuar a les ciutats estatunidenques de Cleveland i Lexington. Aix\u00ed mateix, a l&#8217;abril tindr\u00e0 lloc un concert junt la Banda Nacional de Col\u00f2mbia, per a culminar ja el mes de maig amb l&#8217;estrena en la localitat valenciana de Xiva, municipi de proced\u00e8ncia del prestigi\u00f3s m\u00fasic espanyol.<\/p>\n\n\n\n<p>Serrano Alarc\u00f3n, que dirigir\u00e0 tots els concerts de la gira, destaca \u201cla qualitat de les agrupacions que s&#8217;han prestat a participar en aquest projecte, que s\u00f3n de les millors del m\u00f3n\u201d i subratlla \u201cl&#8217;enorme valor emocional\u201d que t\u00e9 per a ell aquesta composici\u00f3.<\/p>\n\n\n\n<figure class=\"wp-block-image size-large\"><img loading=\"lazy\" decoding=\"async\" width=\"1024\" height=\"768\" src=\"http:\/\/www.tucomarca.com\/wordpress\/segunda\/wp-content\/uploads\/2025\/02\/LuisSerranoAlracon2-1024x768.jpeg\" alt=\"\" class=\"wp-image-252579\" srcset=\"https:\/\/www.tucomarca.com\/wordpress\/segunda\/wp-content\/uploads\/2025\/02\/LuisSerranoAlracon2-1024x768.jpeg 1024w, https:\/\/www.tucomarca.com\/wordpress\/segunda\/wp-content\/uploads\/2025\/02\/LuisSerranoAlracon2-300x225.jpeg 300w, https:\/\/www.tucomarca.com\/wordpress\/segunda\/wp-content\/uploads\/2025\/02\/LuisSerranoAlracon2-768x576.jpeg 768w, https:\/\/www.tucomarca.com\/wordpress\/segunda\/wp-content\/uploads\/2025\/02\/LuisSerranoAlracon2-1536x1152.jpeg 1536w, https:\/\/www.tucomarca.com\/wordpress\/segunda\/wp-content\/uploads\/2025\/02\/LuisSerranoAlracon2-678x509.jpeg 678w, https:\/\/www.tucomarca.com\/wordpress\/segunda\/wp-content\/uploads\/2025\/02\/LuisSerranoAlracon2-326x245.jpeg 326w, https:\/\/www.tucomarca.com\/wordpress\/segunda\/wp-content\/uploads\/2025\/02\/LuisSerranoAlracon2-80x60.jpeg 80w, https:\/\/www.tucomarca.com\/wordpress\/segunda\/wp-content\/uploads\/2025\/02\/LuisSerranoAlracon2.jpeg 1600w\" sizes=\"auto, (max-width: 1024px) 100vw, 1024px\" \/><\/figure>\n\n\n\n<p>Concretament, les agrupacions musicals participants en la gira s\u00f3n la Senzoku Gakuen College of Music de Kawasaki, el Jap\u00f3; Cleveland Winds i University of Kentucky Wind Symphony als Estats Units; la Banda Nacional de Col\u00f2mbia i la Societat Musical \u2018L&#8217;Art\u00edstica de Xiva\u2019.<\/p>\n\n\n\n<p>El concert de dem\u00e0, que tindr\u00e0 lloc a les 19:30h en el Teatre Monumental de Madrid, va completar la totalitat del seu aforament a penes unes hores despr\u00e9s de posar a la venda les entrades per a assistir a l&#8217;esdeveniment.<\/p>\n\n\n\n<p><strong>Una carrera amb projecci\u00f3 internacional<\/strong><\/p>\n\n\n\n<p>Nascut a Val\u00e8ncia en 1972, Luis Serrano Alarc\u00f3n \u00e9s un compositor i director espanyol de gran projecci\u00f3 internacional. Les seues obres s&#8217;han interpretat en m\u00e9s de 30 pa\u00efsos.<\/p>\n\n\n\n<p>Ha obtingut en dues ocasions el Primer Premi del Concurs Internacional de Composici\u00f3 de M\u00fasica per a Banda de Corciano (It\u00e0lia), en 2006 i en 2009. En 2010 obt\u00e9 el Premi Euterpe de la Federaci\u00f3 de Societats Musicals de la Comunitat Valenciana en la categoria de Millor Composici\u00f3 de M\u00fasica Simf\u00f2nica i en 2011 la seua obra Follet obt\u00e9 el Premi a la Millor Edici\u00f3 d&#8217;Obra Cl\u00e0ssica en els Premis de la M\u00fasica.<\/p>\n\n\n\n<p>Actualment \u00e9s director de la Banda Simf\u00f2nica de l&#8217;Ateneu Musical del Port de Val\u00e8ncia i professor del Conservatori Superior de M\u00fasica \u2018Joaqu\u00edn Rodrigo\u2019 de la capital de T\u00faria.<\/p>\n","protected":false},"excerpt":{"rendered":"<div class=\"mh-excerpt\">Despr\u00e9s d&#8217;estrenar-se mundialment al Jap\u00f3 i passar pel Teatre Monumental de Madrid, el compositor viatjar\u00e0 als Estats Units i a Col\u00f2mbia per a tancar la gira de concerts a Xiva, el seu poble natal. El <a class=\"mh-excerpt-more\" href=\"https:\/\/www.tucomarca.com\/wordpress\/segunda\/ca\/el-compositor-chivano-luis-serrano-alarcon-dirigeix-a-la-banda-simfonica-municipal-de-madrid-en-lestrena-europea-de-la-seua-simfonia-jalupe\/\" title=\"El compositor chivano Luis Serrano Alarc\u00f3n dirigeix a la Banda Simf\u00f2nica Municipal de Madrid en l&#8217;estrena europea de la seua simfonia \u2018Jalupe\u2019\">[+] <\/a><\/div>\n","protected":false},"author":12,"featured_media":252578,"comment_status":"open","ping_status":"open","sticky":false,"template":"","format":"standard","meta":{"footnotes":""},"categories":[11019,11005,10894,10904,10912,11007,10896,10975],"tags":[20929,11195,10914,21849],"class_list":{"0":"post-252583","1":"post","2":"type-post","3":"status-publish","4":"format-standard","5":"has-post-thumbnail","7":"category-agenda-ca","8":"category-canal-musica","9":"category-la-comarca-ca","10":"category-sin-categorizar-ca","11":"category-la-hoya-ca","12":"category-ocio-y-cultura-ca","13":"category-seccion-ca","14":"category-chiva-ca","15":"tag-banda-sinfonica-de-madrid-ca","16":"tag-chiva-ca","17":"tag-la-hoya-de-bunol-chiva-ca","18":"tag-luis-serrano-ca"},"_links":{"self":[{"href":"https:\/\/www.tucomarca.com\/wordpress\/segunda\/ca\/wp-json\/wp\/v2\/posts\/252583","targetHints":{"allow":["GET"]}}],"collection":[{"href":"https:\/\/www.tucomarca.com\/wordpress\/segunda\/ca\/wp-json\/wp\/v2\/posts"}],"about":[{"href":"https:\/\/www.tucomarca.com\/wordpress\/segunda\/ca\/wp-json\/wp\/v2\/types\/post"}],"author":[{"embeddable":true,"href":"https:\/\/www.tucomarca.com\/wordpress\/segunda\/ca\/wp-json\/wp\/v2\/users\/12"}],"replies":[{"embeddable":true,"href":"https:\/\/www.tucomarca.com\/wordpress\/segunda\/ca\/wp-json\/wp\/v2\/comments?post=252583"}],"version-history":[{"count":0,"href":"https:\/\/www.tucomarca.com\/wordpress\/segunda\/ca\/wp-json\/wp\/v2\/posts\/252583\/revisions"}],"wp:featuredmedia":[{"embeddable":true,"href":"https:\/\/www.tucomarca.com\/wordpress\/segunda\/ca\/wp-json\/wp\/v2\/media\/252578"}],"wp:attachment":[{"href":"https:\/\/www.tucomarca.com\/wordpress\/segunda\/ca\/wp-json\/wp\/v2\/media?parent=252583"}],"wp:term":[{"taxonomy":"category","embeddable":true,"href":"https:\/\/www.tucomarca.com\/wordpress\/segunda\/ca\/wp-json\/wp\/v2\/categories?post=252583"},{"taxonomy":"post_tag","embeddable":true,"href":"https:\/\/www.tucomarca.com\/wordpress\/segunda\/ca\/wp-json\/wp\/v2\/tags?post=252583"}],"curies":[{"name":"wp","href":"https:\/\/api.w.org\/{rel}","templated":true}]}}