{"id":252794,"date":"2025-02-04T09:00:00","date_gmt":"2025-02-04T08:00:00","guid":{"rendered":"https:\/\/www.tucomarca.com\/wordpress\/segunda\/?p=252794"},"modified":"2025-02-04T19:15:36","modified_gmt":"2025-02-04T18:15:36","slug":"el-circuit-ricardo-tormo-posa-a-la-venda-les-entrades-per-al-racing-legends","status":"publish","type":"post","link":"https:\/\/www.tucomarca.com\/wordpress\/segunda\/ca\/el-circuit-ricardo-tormo-posa-a-la-venda-les-entrades-per-al-racing-legends\/","title":{"rendered":"El Circuit Ricardo Tormo posa a la venda les entrades per al &#8216;Racing Legends&#8217;"},"content":{"rendered":"\n<h3 class=\"wp-block-heading\">L&#8217;esdeveniment se celebrar\u00e0 els dies 1 i 2 de mar\u00e7 en el Circuit Ricardo Tormo amb aforament limitat.<\/h3>\n\n\n\n<h3 class=\"wp-block-heading\"><em>Racing Legends<\/em>\u00a0\u00e9s una gran concentraci\u00f3 de vehicles cl\u00e0ssics amb exposicions, exhibicions i moltes activitats.<\/h3>\n\n\n\n<p>El Circuit Ricardo Tormo ha posat a la venda les entrades per a assistir els dies 1 i 2 de mar\u00e7 a l&#8217;onzena edici\u00f3 del Racing&nbsp; Legends, la major concentraci\u00f3 de vehicles cl\u00e0ssics de la Comunitat Valenciana.<\/p>\n\n\n\n<p>En aquesta edici\u00f3 l&#8217;aforament ser\u00e0 limitat pels treballs de reconstrucci\u00f3 que s&#8217;estan duent a terme en els accessos i els aparcaments del Circuit. Per aquest motiu tota la venda d&#8217;entrades es realitzar\u00e0 de forma anticipada i no es posaran en servei les habituals taquilles en les instal\u00b7lacions de Xest.<\/p>\n\n\n\n<p>Els aficionats tindran l&#8217;oportunitat d&#8217;adquirir b\u00e9 l&#8217;abonament v\u00e0lid per als dos dies amb un preu de 20 euros o entrades valgudes per al dissabte 1 o el diumenge 2 de mar\u00e7, de 13 euros cadascuna. Els menors de 5 anys accediran de manera gratu\u00efta.<\/p>\n\n\n\n<p>Les entrades estan ja a la venda en la p\u00e0gina web del Circuit Ricardo Tormo <a href=\"http:\/\/www.circuitricardotormo.com\/\" target=\"_blank\" rel=\"noreferrer noopener\">www.circuitricardotormo.com<\/a><\/p>\n\n\n\n<p><strong>Carlos Checa, Llegenda del Circuit<\/strong><\/p>\n\n\n\n<p>El protagonista d&#8217;aquesta edici\u00f3 ser\u00e0 el pilot catal\u00e0 Carlos Checa, primer espanyol campi\u00f3 del m\u00f3n del Superbikes en 2011.<\/p>\n\n\n\n<p>El&nbsp;Racing Legends&nbsp;ser\u00e0 el primer esdeveniment del calendari internacional de concentracions de vehicles cl\u00e0ssics. Prop de mil cotxes, motos, camions i fins i tot bicicletes cl\u00e0ssiques s&#8217;exposaran en el p\u00e0doc del tra\u00e7at de Xest.<\/p>\n\n\n\n<p>Motos de Gran Premi dels anys 60, 70 i 80. F\u00f3rmules de diferents categories que van competir en els millors circuits del m\u00f3n el segle passat i camions de transport cl\u00e0ssics tindran l&#8217;oportunitat d&#8217;eixir a la pista en aquesta edici\u00f3 del Racing Legends que, com \u00e9s habitual, comptar\u00e0 amb un gran escenari central en el qual els pilots acompanyaran a Carlos Checa i compartiran amb els aficionats el cap de setmana.<\/p>\n","protected":false},"excerpt":{"rendered":"<div class=\"mh-excerpt\">L&#8217;esdeveniment se celebrar\u00e0 els dies 1 i 2 de mar\u00e7 en el Circuit Ricardo Tormo amb aforament limitat. Racing Legends\u00a0\u00e9s una gran concentraci\u00f3 de vehicles cl\u00e0ssics amb exposicions, exhibicions i moltes activitats. El Circuit Ricardo <a class=\"mh-excerpt-more\" href=\"https:\/\/www.tucomarca.com\/wordpress\/segunda\/ca\/el-circuit-ricardo-tormo-posa-a-la-venda-les-entrades-per-al-racing-legends\/\" title=\"El Circuit Ricardo Tormo posa a la venda les entrades per al &#8216;Racing Legends&#8217;\">[+] <\/a><\/div>\n","protected":false},"author":13,"featured_media":252792,"comment_status":"open","ping_status":"open","sticky":false,"template":"","format":"standard","meta":{"footnotes":""},"categories":[11019,11003,10894,10904,10912,11011,10896,10974],"tags":[11412,11074,11888],"class_list":{"0":"post-252794","1":"post","2":"type-post","3":"status-publish","4":"format-standard","5":"has-post-thumbnail","7":"category-agenda-ca","8":"category-sports","9":"category-la-comarca-ca","10":"category-sin-categorizar-ca","11":"category-la-hoya-ca","12":"category-motociclismo-ca","13":"category-seccion-ca","14":"category-cheste-ca","15":"tag-circuit-ricardo-tormo-ca","16":"tag-deportes-ca","17":"tag-motociclismo-ca"},"_links":{"self":[{"href":"https:\/\/www.tucomarca.com\/wordpress\/segunda\/ca\/wp-json\/wp\/v2\/posts\/252794","targetHints":{"allow":["GET"]}}],"collection":[{"href":"https:\/\/www.tucomarca.com\/wordpress\/segunda\/ca\/wp-json\/wp\/v2\/posts"}],"about":[{"href":"https:\/\/www.tucomarca.com\/wordpress\/segunda\/ca\/wp-json\/wp\/v2\/types\/post"}],"author":[{"embeddable":true,"href":"https:\/\/www.tucomarca.com\/wordpress\/segunda\/ca\/wp-json\/wp\/v2\/users\/13"}],"replies":[{"embeddable":true,"href":"https:\/\/www.tucomarca.com\/wordpress\/segunda\/ca\/wp-json\/wp\/v2\/comments?post=252794"}],"version-history":[{"count":0,"href":"https:\/\/www.tucomarca.com\/wordpress\/segunda\/ca\/wp-json\/wp\/v2\/posts\/252794\/revisions"}],"wp:featuredmedia":[{"embeddable":true,"href":"https:\/\/www.tucomarca.com\/wordpress\/segunda\/ca\/wp-json\/wp\/v2\/media\/252792"}],"wp:attachment":[{"href":"https:\/\/www.tucomarca.com\/wordpress\/segunda\/ca\/wp-json\/wp\/v2\/media?parent=252794"}],"wp:term":[{"taxonomy":"category","embeddable":true,"href":"https:\/\/www.tucomarca.com\/wordpress\/segunda\/ca\/wp-json\/wp\/v2\/categories?post=252794"},{"taxonomy":"post_tag","embeddable":true,"href":"https:\/\/www.tucomarca.com\/wordpress\/segunda\/ca\/wp-json\/wp\/v2\/tags?post=252794"}],"curies":[{"name":"wp","href":"https:\/\/api.w.org\/{rel}","templated":true}]}}