{"id":252989,"date":"2025-02-05T11:00:00","date_gmt":"2025-02-05T10:00:00","guid":{"rendered":"https:\/\/www.tucomarca.com\/wordpress\/segunda\/?p=252989"},"modified":"2025-02-05T21:23:07","modified_gmt":"2025-02-05T20:23:07","slug":"ja-poden-sollicitar-se-les-ajudes-per-a-la-rehabilitacio-energetica-dhabitatges-des-de-loficina-xaloc-de-la-mancomunitat","status":"publish","type":"post","link":"https:\/\/www.tucomarca.com\/wordpress\/segunda\/ca\/ja-poden-sollicitar-se-les-ajudes-per-a-la-rehabilitacio-energetica-dhabitatges-des-de-loficina-xaloc-de-la-mancomunitat\/","title":{"rendered":"Ja poden sol\u00b7licitar-se les ajudes per a la rehabilitaci\u00f3 energ\u00e8tica d&#8217;habitatges des de l&#8217;oficina Xaloc de la mancomunitat de la Foia"},"content":{"rendered":"\n<p>El passat dia 23 de gener va quedar obert el termini per a sol\u00b7licitar les ajudes corresponents a la rehabilitaci\u00f3 energ\u00e8tica d&#8217;habitatges.<\/p>\n\n\n\n<p>Aquestes ajudes, que poden tramitar-se des de l&#8217;Oficina Xaloc Habitatge de la Mancomunitat Foia de Bunyol-Xiva van publicar fa uns dies les seues bases reguladores en el Diari Oficial de la Generalitat en el context de les subvencions del Pla de Recuperaci\u00f3, Transformaci\u00f3 i Resili\u00e8ncia per a la Rehabilitaci\u00f3 Energ\u00e8tica d&#8217;Habitatges.<\/p>\n\n\n\n<p>Les ajudes inclouen les actuacions subvencionables en relaci\u00f3 amb:<\/p>\n\n\n\n<p>La rehabilitaci\u00f3 d&#8217;edifici energ\u00e8tica (AFE-EDIF) i residus d&#8217;amiant<\/p>\n\n\n\n<p>La millora d&#8217;efici\u00e8ncia energ\u00e8tica d&#8217;habitatge ( AFE-VIV) i elements constructius de l&#8217;envolupant (AFE-EVT)<\/p>\n\n\n\n<p>L&#8217;elaboraci\u00f3 de projectes t\u00e8cnics i la implantaci\u00f3 del Llibre de l&#8217;edifici existent.<\/p>\n\n\n\n<p>La mesura contempla com a beneficiaris a les persones f\u00edsiques o jur\u00eddiques i que siguen propiet\u00e0ries, usufructu\u00e0ries o arrendat\u00e0ries d&#8217;edificis o d&#8217;habitatges, les comunitats de propietaris, les administracions p\u00fabliques, organismes i altres entitats de dret p\u00fablic, aix\u00ed com empreses p\u00fabliques amb participaci\u00f3 de l&#8217;almenys el 50% de l&#8217;administraci\u00f3 p\u00fablica, aix\u00ed com a les societats cooperatives.<\/p>\n\n\n\n<p>Les bases d&#8217;aquestes ajudes contemplen les actuacions realitzades per a obres a executar, obres en execuci\u00f3 o ja executades, iniciades amb posterioritat al 6 d&#8217;octubre de 2021 per a empreses o l&#8217;1 de febrer de 2020 si no \u00e9s empresa, incloent en tots els casos la finalitzaci\u00f3 m\u00e0xima de les obres abans del 30 de juny de 2026.<\/p>\n\n\n\n<p>El termini de sol\u00b7licituds d&#8217;ajudes es va iniciar e passat dia 23 de gener del 2025 finalitzant el 27 de febrer del 2026. Cal destacar que la concessi\u00f3 d&#8217;ajudes es tramitar\u00e0 seguint estricte ordre d&#8217;arribada.&nbsp;<\/p>\n\n\n\n<p>Les persones, empreses o cooperatives interessades poden tramitar el proc\u00e9s de sol\u00b7licitud contactant amb l&#8217;oficina Xaloc de la Mancomunitat Foia de Bunyol Xiva en el tel\u00e8fon 635.070.081, en horari d&#8217;atenci\u00f3 de dilluns a divendres de 9am a 2pm.&nbsp;<\/p>\n\n\n\n<p>En aquest sentit s&#8217;assenyala que la Mancomunitat mant\u00e9 un servei d&#8217;atenci\u00f3 itinerant als ajuntaments que conformen aquest organisme supramunicipal, sent at\u00e9s mitjan\u00e7ant assignaci\u00f3 de cita pr\u00e8via en el tel\u00e8fon anteriorment destacat.<\/p>\n\n\n\n<p>Mail de contacte: <a href=\"mailto:tae.oficina.xaloc@gmail.com\">tae.oficina.xaloc@gmail.com<\/a>.<\/p>\n\n\n\n<p>M\u00e9s informaci\u00f3: <a href=\"https:\/\/bit.ly\/MancomunidadAyudasVivienda\">https:\/\/bit.ly\/MancomunidadAyudasVivienda<\/a><\/p>\n","protected":false},"excerpt":{"rendered":"<div class=\"mh-excerpt\">El passat dia 23 de gener va quedar obert el termini per a sol\u00b7licitar les ajudes corresponents a la rehabilitaci\u00f3 energ\u00e8tica d&#8217;habitatges. Aquestes ajudes, que poden tramitar-se des de l&#8217;Oficina Xaloc Habitatge de la Mancomunitat <a class=\"mh-excerpt-more\" href=\"https:\/\/www.tucomarca.com\/wordpress\/segunda\/ca\/ja-poden-sollicitar-se-les-ajudes-per-a-la-rehabilitacio-energetica-dhabitatges-des-de-loficina-xaloc-de-la-mancomunitat\/\" title=\"Ja poden sol\u00b7licitar-se les ajudes per a la rehabilitaci\u00f3 energ\u00e8tica d&#8217;habitatges des de l&#8217;oficina Xaloc de la mancomunitat de la Foia\">[+] <\/a><\/div>\n","protected":false},"author":13,"featured_media":226286,"comment_status":"open","ping_status":"open","sticky":false,"template":"","format":"standard","meta":{"footnotes":""},"categories":[10948,10894,10912,10903,10947,10896],"tags":[13821,12903,10914,12166],"class_list":{"0":"post-252989","1":"post","2":"type-post","3":"status-publish","4":"format-standard","5":"has-post-thumbnail","7":"category-infraestructuras-ca","8":"category-la-comarca-ca","9":"category-la-hoya-ca","10":"category-medio-ambiente-la-comarca-ca","11":"category-politica","12":"category-seccion-ca","13":"tag-ayudas-ca","14":"tag-infraestructuras-ca","15":"tag-la-hoya-de-bunol-chiva-ca","16":"tag-medio-ambiente-ca"},"_links":{"self":[{"href":"https:\/\/www.tucomarca.com\/wordpress\/segunda\/ca\/wp-json\/wp\/v2\/posts\/252989","targetHints":{"allow":["GET"]}}],"collection":[{"href":"https:\/\/www.tucomarca.com\/wordpress\/segunda\/ca\/wp-json\/wp\/v2\/posts"}],"about":[{"href":"https:\/\/www.tucomarca.com\/wordpress\/segunda\/ca\/wp-json\/wp\/v2\/types\/post"}],"author":[{"embeddable":true,"href":"https:\/\/www.tucomarca.com\/wordpress\/segunda\/ca\/wp-json\/wp\/v2\/users\/13"}],"replies":[{"embeddable":true,"href":"https:\/\/www.tucomarca.com\/wordpress\/segunda\/ca\/wp-json\/wp\/v2\/comments?post=252989"}],"version-history":[{"count":0,"href":"https:\/\/www.tucomarca.com\/wordpress\/segunda\/ca\/wp-json\/wp\/v2\/posts\/252989\/revisions"}],"wp:featuredmedia":[{"embeddable":true,"href":"https:\/\/www.tucomarca.com\/wordpress\/segunda\/ca\/wp-json\/wp\/v2\/media\/226286"}],"wp:attachment":[{"href":"https:\/\/www.tucomarca.com\/wordpress\/segunda\/ca\/wp-json\/wp\/v2\/media?parent=252989"}],"wp:term":[{"taxonomy":"category","embeddable":true,"href":"https:\/\/www.tucomarca.com\/wordpress\/segunda\/ca\/wp-json\/wp\/v2\/categories?post=252989"},{"taxonomy":"post_tag","embeddable":true,"href":"https:\/\/www.tucomarca.com\/wordpress\/segunda\/ca\/wp-json\/wp\/v2\/tags?post=252989"}],"curies":[{"name":"wp","href":"https:\/\/api.w.org\/{rel}","templated":true}]}}