{"id":253266,"date":"2025-02-07T13:30:00","date_gmt":"2025-02-07T12:30:00","guid":{"rendered":"https:\/\/www.tucomarca.com\/wordpress\/segunda\/?p=253266"},"modified":"2025-02-07T19:05:35","modified_gmt":"2025-02-07T18:05:35","slug":"vicent-mompo-reivindica-a-algemesi-la-importancia-de-la-volta-a-la-comunitat-per-a-la-recuperacio-de-la-provincia","status":"publish","type":"post","link":"https:\/\/www.tucomarca.com\/wordpress\/segunda\/ca\/vicent-mompo-reivindica-a-algemesi-la-importancia-de-la-volta-a-la-comunitat-per-a-la-recuperacio-de-la-provincia\/","title":{"rendered":"Vicent Momp\u00f3 reivindica a Algemes\u00ed la import\u00e0ncia de la Volta a la Comunitat per a la recuperaci\u00f3 de la prov\u00edncia"},"content":{"rendered":"\n<p>El president de la Diputaci\u00f3 de Val\u00e8ncia, <strong>Vicent Momp\u00f3<\/strong>, ha acudit este divendres a Algemes\u00ed per a presenciar l&#8217;eixida de la tercera etapa de la Volta a la Comunitat Valenciana, que finalitza en el municipi serr\u00e0 d&#8217;Alpuente. Des d&#8217;all\u00ed Momp\u00f3 ha destacat que \u201cesdeveniments com este s\u00f3n els que ens ajuden a creure que \u00e9s possible que algun dia recuperem la normalitat en zones com esta d&#8217;Algemes\u00ed que es van veure tan colpejades per la dana. El pas de la VCV per ac\u00ed genera una certa il\u00b7lusi\u00f3 en una poblaci\u00f3 que l&#8217;ha passat tan malament\u201d.<\/p>\n\n\n\n<figure class=\"wp-block-image size-large\"><img loading=\"lazy\" decoding=\"async\" width=\"1024\" height=\"666\" src=\"http:\/\/www.tucomarca.com\/wordpress\/segunda\/wp-content\/uploads\/2025\/02\/VoltaCV_Algemesi1-1024x666.jpg\" alt=\"\" class=\"wp-image-253261\" srcset=\"https:\/\/www.tucomarca.com\/wordpress\/segunda\/wp-content\/uploads\/2025\/02\/VoltaCV_Algemesi1-1024x666.jpg 1024w, https:\/\/www.tucomarca.com\/wordpress\/segunda\/wp-content\/uploads\/2025\/02\/VoltaCV_Algemesi1-300x195.jpg 300w, https:\/\/www.tucomarca.com\/wordpress\/segunda\/wp-content\/uploads\/2025\/02\/VoltaCV_Algemesi1-768x499.jpg 768w, https:\/\/www.tucomarca.com\/wordpress\/segunda\/wp-content\/uploads\/2025\/02\/VoltaCV_Algemesi1.jpg 1181w\" sizes=\"auto, (max-width: 1024px) 100vw, 1024px\" \/><\/figure>\n\n\n\n<p>El president de la corporaci\u00f3 provincial ha reafirmat, a m\u00e9s, \u201cel comprom\u00eds de la Diputaci\u00f3 amb esta carrera, perqu\u00e8 creiem que \u00e9s important no sols per a fomentar la pr\u00e0ctica esportiva, sin\u00f3 tamb\u00e9 per a donar a con\u00e9ixer al m\u00f3n el nostre territori, alguna cosa que encara adquirix m\u00e9s rellev\u00e0ncia en estos moments\u201d.<\/p>\n\n\n\n<p>La tercera etapa de la Volta a la Comunitat Valenciana ix d&#8217;Algemes\u00ed amb destinaci\u00f3 Alpuente en una etapa de 180 quil\u00f2metres amb l&#8217;espectacular Pico del Remedio com a plat fort a 20 quil\u00f2metres de meta.<\/p>\n","protected":false},"excerpt":{"rendered":"<div class=\"mh-excerpt\">El president de la Diputaci\u00f3 de Val\u00e8ncia, Vicent Momp\u00f3, ha acudit este divendres a Algemes\u00ed per a presenciar l&#8217;eixida de la tercera etapa de la Volta a la Comunitat Valenciana, que finalitza en el municipi <a class=\"mh-excerpt-more\" href=\"https:\/\/www.tucomarca.com\/wordpress\/segunda\/ca\/vicent-mompo-reivindica-a-algemesi-la-importancia-de-la-volta-a-la-comunitat-per-a-la-recuperacio-de-la-provincia\/\" title=\"Vicent Momp\u00f3 reivindica a Algemes\u00ed la import\u00e0ncia de la Volta a la Comunitat per a la recuperaci\u00f3 de la prov\u00edncia\">[+] <\/a><\/div>\n","protected":false},"author":12,"featured_media":253264,"comment_status":"open","ping_status":"open","sticky":false,"template":"","format":"standard","meta":{"footnotes":""},"categories":[10983,11013,21466,11003,10898,10948,10894,10904,10902,10903,10947,10896,10897],"tags":[11081,15409,11246,11356,21884],"class_list":{"0":"post-253266","1":"post","2":"type-post","3":"status-publish","4":"format-standard","5":"has-post-thumbnail","7":"category-algemesi-ca","8":"category-ciclismo-ca","9":"category-dana-ca","10":"category-sports","11":"category-ventana-ca","12":"category-infraestructuras-ca","13":"category-la-comarca-ca","14":"category-sin-categorizar-ca","15":"category-la-ribera-ca","16":"category-medio-ambiente-la-comarca-ca","17":"category-politica","18":"category-seccion-ca","19":"category-sucesos-la-comarca-ca","20":"tag-algemesi-ca","21":"tag-dana-2-ca","22":"tag-diputacio-de-valencia-ca","23":"tag-ribera-alta-ca","24":"tag-volta-a-la-comunitat-ca"},"_links":{"self":[{"href":"https:\/\/www.tucomarca.com\/wordpress\/segunda\/ca\/wp-json\/wp\/v2\/posts\/253266","targetHints":{"allow":["GET"]}}],"collection":[{"href":"https:\/\/www.tucomarca.com\/wordpress\/segunda\/ca\/wp-json\/wp\/v2\/posts"}],"about":[{"href":"https:\/\/www.tucomarca.com\/wordpress\/segunda\/ca\/wp-json\/wp\/v2\/types\/post"}],"author":[{"embeddable":true,"href":"https:\/\/www.tucomarca.com\/wordpress\/segunda\/ca\/wp-json\/wp\/v2\/users\/12"}],"replies":[{"embeddable":true,"href":"https:\/\/www.tucomarca.com\/wordpress\/segunda\/ca\/wp-json\/wp\/v2\/comments?post=253266"}],"version-history":[{"count":0,"href":"https:\/\/www.tucomarca.com\/wordpress\/segunda\/ca\/wp-json\/wp\/v2\/posts\/253266\/revisions"}],"wp:featuredmedia":[{"embeddable":true,"href":"https:\/\/www.tucomarca.com\/wordpress\/segunda\/ca\/wp-json\/wp\/v2\/media\/253264"}],"wp:attachment":[{"href":"https:\/\/www.tucomarca.com\/wordpress\/segunda\/ca\/wp-json\/wp\/v2\/media?parent=253266"}],"wp:term":[{"taxonomy":"category","embeddable":true,"href":"https:\/\/www.tucomarca.com\/wordpress\/segunda\/ca\/wp-json\/wp\/v2\/categories?post=253266"},{"taxonomy":"post_tag","embeddable":true,"href":"https:\/\/www.tucomarca.com\/wordpress\/segunda\/ca\/wp-json\/wp\/v2\/tags?post=253266"}],"curies":[{"name":"wp","href":"https:\/\/api.w.org\/{rel}","templated":true}]}}