{"id":253860,"date":"2025-02-12T09:35:00","date_gmt":"2025-02-12T08:35:00","guid":{"rendered":"https:\/\/www.tucomarca.com\/wordpress\/segunda\/?p=253860"},"modified":"2025-02-12T20:48:18","modified_gmt":"2025-02-12T19:48:18","slug":"turisme-destina-7-milions-deuros-de-fons-next-generation-a-projectes-turistics-de-comarques-afectades-per-la-riuada","status":"publish","type":"post","link":"https:\/\/www.tucomarca.com\/wordpress\/segunda\/ca\/turisme-destina-7-milions-deuros-de-fons-next-generation-a-projectes-turistics-de-comarques-afectades-per-la-riuada\/","title":{"rendered":"Turisme destina 7 milions d\u2019euros de fons Next Generation a projectes tur\u00edstics de comarques afectades per la riuada"},"content":{"rendered":"\n<h3 class=\"wp-block-heading\">Els fons es destinaran a projectes d\u2019adaptaci\u00f3 al canvi clim\u00e0tic, l\u2019adopci\u00f3 de sistemes d\u2019alerta primerenca, l\u2019adequaci\u00f3 de llits i rambles, i la implementaci\u00f3 de mesures de prevenci\u00f3 d\u2019inundacions, entre altres actuacions.<\/h3>\n\n\n\n<h3 class=\"wp-block-heading\">S\u2019adaptaran i ajustaran algunes de les actuacions previstes inicialment amb fons europeus en destinacions tur\u00edstiques de la Comunitat.<\/h3>\n\n\n\n<h3 class=\"wp-block-heading\">La consellera de Turisme recorda que \u201cdes de la Generalitat hem reclamat al Ministeri, des del primer moment de l\u2019emerg\u00e8ncia, redirigir estos fons a ajudar les zones afectades\u201d.<\/h3>\n\n\n\n<h3 class=\"wp-block-heading\">Mari\u00e1n Cano subratlla que \u201cadaptar-se al finan\u00e7ament d\u2019ajudes post-DANA \u00e9s essencial per al proc\u00e9s de reconstrucci\u00f3 plena de la nostra destinaci\u00f3\u201d.<\/h3>\n\n\n\n<p>La Conselleria d\u2019Innovaci\u00f3, Ind\u00fastria, Comer\u00e7 i Turisme ha acordat, amb el Ministeri d\u2019Ind\u00fastria i Turisme, destinar un total de 7.150.000 euros a finan\u00e7ar diferents actuacions d\u2019ajuda en mancomunitats de comarques afectades pels danys produ\u00efts per la DANA registrada el passat 29 d\u2019octubre.<\/p>\n\n\n\n<p>Amb este nou finan\u00e7ament es duran a terme projectes d\u2019adaptaci\u00f3 al canvi clim\u00e0tic, l\u2019adopci\u00f3 de sistemes d\u2019alerta primerenca, l\u2019adequaci\u00f3 de llits i rambles i la implementaci\u00f3 de mesures de prevenci\u00f3 d\u2019inundacions, entre altres actuacions.<\/p>\n\n\n\n<p>L\u2019acord a qu\u00e8 s\u2019ha arribat en el si de la comissi\u00f3 bilateral entre les dos administracions, celebrada el 7 de febrer, suposa adaptar i ajustar algunes de les actuacions previstes amb fons europeus NextGenerationEU en destinacions tur\u00edstiques de la Comunitat Valenciana, una petici\u00f3 que la Conselleria de Turisme ha reclamat des del primer moment de l\u2019emerg\u00e8ncia.<\/p>\n\n\n\n<p>En este sentit, la consellera d\u2019Innovaci\u00f3, Ind\u00fastria, Comer\u00e7 i Turisme, Mari\u00e1n Cano, ha recordat que \u201cdes del mes de novembre s\u2019han mantingut diferents reunions amb la Secretaria d\u2019Estat de Turisme, aix\u00ed com amb ajuntaments, diputacions provincials i mancomunitats per a establir un procediment que permeta derivar estos fons europeus a actuacions en les zones afectades\u201d.<\/p>\n\n\n\n<p>Cano ha subratllat que \u201cdes de la Generalitat hem insistit a redirigir estos fons a ajudar les zones que s\u2019han vist greument afectades per la DANA\u201d.<\/p>\n\n\n\n<p>La titular de Turisme ha especificat que dels 15 milions d\u2019euros assignats a impulsar actuacions de cohesi\u00f3 entre destinacions (ACD) de la Comunitat Valenciana i de la prov\u00edncia de Val\u00e8ncia, quedaven m\u00e9s de 7 milions que encara no estan establits.<\/p>\n\n\n\n<p>Aix\u00ed, la consellera ha agra\u00eft la decisi\u00f3 del Ministeri d\u2019arreplegar la petici\u00f3 de la Comunitat Valenciana i haver modificat la previsi\u00f3 inicial dels fons europeus: \u201cAdaptar-se al finan\u00e7ament d\u2019ajudes post-DANA \u00e9s essencial per al proc\u00e9s de reconstrucci\u00f3 plena de la nostra destinaci\u00f3, i especialment de les zones afectades\u201d.<\/p>\n\n\n\n<p><strong>Tres l\u00ednies noves d\u2019ajudes directes<\/strong><\/p>\n\n\n\n<p>Respecte a les l\u00ednies d\u2019ajudes, s\u2019han creat tres actuacions noves per l\u2019import total citat, que prov\u00e9 d\u2019actuacions eliminades i la minoraci\u00f3 de l\u2019import d\u2019unes altres.<\/p>\n\n\n\n<p>Una de les l\u00ednies d\u2019ajudes directes es destinar\u00e0 a mancomunitats de comarques afectades per la DANA per a actuacions lligades a l\u2019eix 1 (2.860.000 euros), i que comprendran: mesures preventives i d\u2019adaptaci\u00f3 enfront del canvi clim\u00e0tic en la destinaci\u00f3 i les seues infraestructures, aix\u00ed com recuperar les infraestructures i els espais p\u00fablics danyats. Inclouen, a m\u00e9s, l\u2019adopci\u00f3 de sistemes d\u2019alerta primerenca, l\u2019adequaci\u00f3 de llits i rambles, i la implementaci\u00f3 de mesures de prevenci\u00f3 d\u2019inundacions.<\/p>\n\n\n\n<p>Una altra de les l\u00ednies acordades versar\u00e0 sobre ajudes directes a mancomunitats de comarques afectades per la DANA per a actuacions lligades a l\u2019eix 2 (2.145.000 euros): actuacions per a l\u2019adequaci\u00f3 de vies verdes, camins pedalables, senderes, zones de descans, refugis, \u00e0rees recreatives, entre d\u2019altres, que s\u2019hagen pogut vore afectats.<\/p>\n\n\n\n<p>I la tercera l\u00ednia anir\u00e0 dirigida a ajudes directes a mancomunitats de comarques afectades per la DANA per a actuacions lligades a l\u2019eix 4 (2.145.000 euros): actuacions de millora i recondicionament de l\u2019entorn urb\u00e0 despr\u00e9s de l\u2019afectaci\u00f3 del temporal: rehabilitaci\u00f3 d\u2019elements p\u00fablics (fa\u00e7anes i paviments tradicionals de carrers), l\u2019homogene\u00eftzaci\u00f3 del mobiliari urb\u00e0, la rehabilitaci\u00f3 de carrers i barris, i programes i protocols de seguretat i higiene.<\/p>\n","protected":false},"excerpt":{"rendered":"<div class=\"mh-excerpt\">Els fons es destinaran a projectes d\u2019adaptaci\u00f3 al canvi clim\u00e0tic, l\u2019adopci\u00f3 de sistemes d\u2019alerta primerenca, l\u2019adequaci\u00f3 de llits i rambles, i la implementaci\u00f3 de mesures de prevenci\u00f3 d\u2019inundacions, entre altres actuacions. S\u2019adaptaran i ajustaran algunes <a class=\"mh-excerpt-more\" href=\"https:\/\/www.tucomarca.com\/wordpress\/segunda\/ca\/turisme-destina-7-milions-deuros-de-fons-next-generation-a-projectes-turistics-de-comarques-afectades-per-la-riuada\/\" title=\"Turisme destina 7 milions d\u2019euros de fons Next Generation a projectes tur\u00edstics de comarques afectades per la riuada\">[+] <\/a><\/div>\n","protected":false},"author":12,"featured_media":253858,"comment_status":"open","ping_status":"open","sticky":false,"template":"","format":"standard","meta":{"footnotes":""},"categories":[10892,21466,11046,10898,10948,10894,10904,10912,10902,10903,11007,10947,10909,10896,10897],"tags":[12903,11199,12166,15856],"class_list":{"0":"post-253860","1":"post","2":"type-post","3":"status-publish","4":"format-standard","5":"has-post-thumbnail","7":"category-camp-de-turia-ca","8":"category-dana-ca","9":"category-los-serranos-ca","10":"category-ventana-ca","11":"category-infraestructuras-ca","12":"category-la-comarca-ca","13":"category-sin-categorizar-ca","14":"category-la-hoya-ca","15":"category-la-ribera-ca","16":"category-medio-ambiente-la-comarca-ca","17":"category-ocio-y-cultura-ca","18":"category-politica","19":"category-requena-utiel-ca","20":"category-seccion-ca","21":"category-sucesos-la-comarca-ca","22":"tag-infraestructuras-ca","23":"tag-la-comunitat-ca","24":"tag-medio-ambiente-ca","25":"tag-ocio-y-cultura-ca"},"_links":{"self":[{"href":"https:\/\/www.tucomarca.com\/wordpress\/segunda\/ca\/wp-json\/wp\/v2\/posts\/253860","targetHints":{"allow":["GET"]}}],"collection":[{"href":"https:\/\/www.tucomarca.com\/wordpress\/segunda\/ca\/wp-json\/wp\/v2\/posts"}],"about":[{"href":"https:\/\/www.tucomarca.com\/wordpress\/segunda\/ca\/wp-json\/wp\/v2\/types\/post"}],"author":[{"embeddable":true,"href":"https:\/\/www.tucomarca.com\/wordpress\/segunda\/ca\/wp-json\/wp\/v2\/users\/12"}],"replies":[{"embeddable":true,"href":"https:\/\/www.tucomarca.com\/wordpress\/segunda\/ca\/wp-json\/wp\/v2\/comments?post=253860"}],"version-history":[{"count":0,"href":"https:\/\/www.tucomarca.com\/wordpress\/segunda\/ca\/wp-json\/wp\/v2\/posts\/253860\/revisions"}],"wp:featuredmedia":[{"embeddable":true,"href":"https:\/\/www.tucomarca.com\/wordpress\/segunda\/ca\/wp-json\/wp\/v2\/media\/253858"}],"wp:attachment":[{"href":"https:\/\/www.tucomarca.com\/wordpress\/segunda\/ca\/wp-json\/wp\/v2\/media?parent=253860"}],"wp:term":[{"taxonomy":"category","embeddable":true,"href":"https:\/\/www.tucomarca.com\/wordpress\/segunda\/ca\/wp-json\/wp\/v2\/categories?post=253860"},{"taxonomy":"post_tag","embeddable":true,"href":"https:\/\/www.tucomarca.com\/wordpress\/segunda\/ca\/wp-json\/wp\/v2\/tags?post=253860"}],"curies":[{"name":"wp","href":"https:\/\/api.w.org\/{rel}","templated":true}]}}