{"id":253987,"date":"2025-02-13T11:30:00","date_gmt":"2025-02-13T10:30:00","guid":{"rendered":"https:\/\/www.tucomarca.com\/wordpress\/segunda\/?p=253987"},"modified":"2025-02-13T11:31:51","modified_gmt":"2025-02-13T10:31:51","slug":"detingut-de-nou-per-cometre-nou-delictes-de-robatori-en-vehicles-de-toris","status":"publish","type":"post","link":"https:\/\/www.tucomarca.com\/wordpress\/segunda\/ca\/detingut-de-nou-per-cometre-nou-delictes-de-robatori-en-vehicles-de-toris\/","title":{"rendered":"Detingut de nou per cometre nou delictes de robatori en vehicles de Tur\u00eds"},"content":{"rendered":"\n<h3 class=\"wp-block-heading\">El detingut ja havia sigut arrestat pels mateix fets al desembre de l&#8217;any 2023 per altres 9 robatoris a l&#8217;interior de vehicles estacionats en la localitat.<\/h3>\n\n\n\n<p>La Gu\u00e0rdia Civil de Val\u00e8ncia ha detingut a un home de 27 anys pel robatori de nou vehicles en la localitat valenciana de Tur\u00eds. El detingut ja havia sigut detingut per altres 9 delictes de les mateixes caracter\u00edstiques l&#8217;any 2023.<\/p>\n\n\n\n<p>L&#8217;operaci\u00f3 va comen\u00e7ar despr\u00e9s de tindre coneixement els agents de l&#8217;exist\u00e8ncia de diversos robatoris amb for\u00e7a a l&#8217;interior de vehicles estacionats en el nucli urb\u00e0 de la localitat de Tur\u00eds. L&#8217;autor utilitzava un objecte contundent per a accedir a l&#8217;interior dels vehicles despr\u00e9s de fracturar portes, panys o finestres.\u00a0<\/p>\n\n\n\n<p>Els agents de la Gu\u00e0rdia Civil, en col\u00b7laboraci\u00f3 la Policia Local de Tur\u00eds, van dur a terme les gestions necess\u00e0ries per a la identificaci\u00f3 de l&#8217;autor, resultant apuntar tots els indicis a la mateixa persona que, un any abans, havia perpetrat altres 9 robatoris a l&#8217;interior de vehicles amb el mateix modus operandi.\u00a0<\/p>\n\n\n\n<p>El detingut \u00e9s un home de 27 anys i de nacionalitat marroquina a qui se li imputen 9 delictes de robatori amb for\u00e7a a l&#8217;interior de vehicle.&nbsp;<\/p>\n\n\n\n<p>Les dilig\u00e8ncies van ser entregades en el Jutjat de Primera Inst\u00e0ncia i Instrucci\u00f3 n\u00famero 1 de Requena.<\/p>\n","protected":false},"excerpt":{"rendered":"<div class=\"mh-excerpt\">El detingut ja havia sigut arrestat pels mateix fets al desembre de l&#8217;any 2023 per altres 9 robatoris a l&#8217;interior de vehicles estacionats en la localitat. La Gu\u00e0rdia Civil de Val\u00e8ncia ha detingut a un <a class=\"mh-excerpt-more\" href=\"https:\/\/www.tucomarca.com\/wordpress\/segunda\/ca\/detingut-de-nou-per-cometre-nou-delictes-de-robatori-en-vehicles-de-toris\/\" title=\"Detingut de nou per cometre nou delictes de robatori en vehicles de Tur\u00eds\">[+] <\/a><\/div>\n","protected":false},"author":1,"featured_media":212229,"comment_status":"open","ping_status":"open","sticky":false,"template":"","format":"standard","meta":{"footnotes":""},"categories":[10898,10894,10904,10902,10896,10897,11047],"tags":[17107,11077,17587,11093,21900],"class_list":{"0":"post-253987","1":"post","2":"type-post","3":"status-publish","4":"format-standard","5":"has-post-thumbnail","7":"category-ventana-ca","8":"category-la-comarca-ca","9":"category-sin-categorizar-ca","10":"category-la-ribera-ca","11":"category-seccion-ca","12":"category-sucesos-la-comarca-ca","13":"category-turis-ca","14":"tag-detenido-ca","15":"tag-la-ribera-alta-ca","16":"tag-robos-ca","17":"tag-turis-ca","18":"tag-vehiculos-ca"},"_links":{"self":[{"href":"https:\/\/www.tucomarca.com\/wordpress\/segunda\/ca\/wp-json\/wp\/v2\/posts\/253987","targetHints":{"allow":["GET"]}}],"collection":[{"href":"https:\/\/www.tucomarca.com\/wordpress\/segunda\/ca\/wp-json\/wp\/v2\/posts"}],"about":[{"href":"https:\/\/www.tucomarca.com\/wordpress\/segunda\/ca\/wp-json\/wp\/v2\/types\/post"}],"author":[{"embeddable":true,"href":"https:\/\/www.tucomarca.com\/wordpress\/segunda\/ca\/wp-json\/wp\/v2\/users\/1"}],"replies":[{"embeddable":true,"href":"https:\/\/www.tucomarca.com\/wordpress\/segunda\/ca\/wp-json\/wp\/v2\/comments?post=253987"}],"version-history":[{"count":0,"href":"https:\/\/www.tucomarca.com\/wordpress\/segunda\/ca\/wp-json\/wp\/v2\/posts\/253987\/revisions"}],"wp:featuredmedia":[{"embeddable":true,"href":"https:\/\/www.tucomarca.com\/wordpress\/segunda\/ca\/wp-json\/wp\/v2\/media\/212229"}],"wp:attachment":[{"href":"https:\/\/www.tucomarca.com\/wordpress\/segunda\/ca\/wp-json\/wp\/v2\/media?parent=253987"}],"wp:term":[{"taxonomy":"category","embeddable":true,"href":"https:\/\/www.tucomarca.com\/wordpress\/segunda\/ca\/wp-json\/wp\/v2\/categories?post=253987"},{"taxonomy":"post_tag","embeddable":true,"href":"https:\/\/www.tucomarca.com\/wordpress\/segunda\/ca\/wp-json\/wp\/v2\/tags?post=253987"}],"curies":[{"name":"wp","href":"https:\/\/api.w.org\/{rel}","templated":true}]}}