{"id":254015,"date":"2025-02-14T09:45:00","date_gmt":"2025-02-14T08:45:00","guid":{"rendered":"https:\/\/www.tucomarca.com\/wordpress\/segunda\/?p=254015"},"modified":"2025-02-14T18:20:47","modified_gmt":"2025-02-14T17:20:47","slug":"cita-a-cegues-amb-la-lectura-per-sant-valenti-a-la-biblioteca-municipal-de-turis","status":"publish","type":"post","link":"https:\/\/www.tucomarca.com\/wordpress\/segunda\/ca\/cita-a-cegues-amb-la-lectura-per-sant-valenti-a-la-biblioteca-municipal-de-turis\/","title":{"rendered":"Cita a cegues amb la lectura per Sant Valent\u00ed a la biblioteca municipal de Tur\u00eds"},"content":{"rendered":"\n<p>Durant el mes de febrer la biblioteca municipal de Tur\u00eds ha organitzat una curiosa iniciativa no exempta d&#8217;emoci\u00f3 i sorpresa per a fomentar la lectura.<\/p>\n\n\n\n<p>El centre ofereix els usuaris tota una prestatgeria amb llibres ocults, per\u00f2 amb pistes sobre la seua tem\u00e0tica. La missi\u00f3 \u00e9s triar el que m\u00e9s ens atraga i no desembolicar l&#8217;exemplar fins a arribar a casa.<\/p>\n\n\n\n<p>Des de la biblioteca animen a viure esta divertida experi\u00e8ncia de cites a cegues el principal objectiu de les quals \u00e9s que ens enamorem de la lectura.<\/p>\n\n\n\n<figure class=\"wp-block-gallery has-nested-images columns-default is-cropped wp-block-gallery-1 is-layout-flex wp-block-gallery-is-layout-flex\">\n<figure class=\"wp-block-image size-large\"><img loading=\"lazy\" decoding=\"async\" width=\"768\" height=\"1024\" data-id=\"254010\" src=\"https:\/\/www.tucomarca.com\/wordpress\/segunda\/wp-content\/uploads\/2025\/02\/TurisBiblioSanValentin2-768x1024.jpeg\" alt=\"\" class=\"wp-image-254010\" srcset=\"https:\/\/www.tucomarca.com\/wordpress\/segunda\/wp-content\/uploads\/2025\/02\/TurisBiblioSanValentin2-768x1024.jpeg 768w, https:\/\/www.tucomarca.com\/wordpress\/segunda\/wp-content\/uploads\/2025\/02\/TurisBiblioSanValentin2-225x300.jpeg 225w, https:\/\/www.tucomarca.com\/wordpress\/segunda\/wp-content\/uploads\/2025\/02\/TurisBiblioSanValentin2-1152x1536.jpeg 1152w, https:\/\/www.tucomarca.com\/wordpress\/segunda\/wp-content\/uploads\/2025\/02\/TurisBiblioSanValentin2.jpeg 1530w\" sizes=\"auto, (max-width: 768px) 100vw, 768px\" \/><\/figure>\n\n\n\n<figure class=\"wp-block-image size-large\"><img loading=\"lazy\" decoding=\"async\" width=\"768\" height=\"1024\" data-id=\"254012\" src=\"https:\/\/www.tucomarca.com\/wordpress\/segunda\/wp-content\/uploads\/2025\/02\/TurisBiblioSanValentin3-768x1024.jpeg\" alt=\"\" class=\"wp-image-254012\" srcset=\"https:\/\/www.tucomarca.com\/wordpress\/segunda\/wp-content\/uploads\/2025\/02\/TurisBiblioSanValentin3-768x1024.jpeg 768w, https:\/\/www.tucomarca.com\/wordpress\/segunda\/wp-content\/uploads\/2025\/02\/TurisBiblioSanValentin3-225x300.jpeg 225w, https:\/\/www.tucomarca.com\/wordpress\/segunda\/wp-content\/uploads\/2025\/02\/TurisBiblioSanValentin3-1152x1536.jpeg 1152w, https:\/\/www.tucomarca.com\/wordpress\/segunda\/wp-content\/uploads\/2025\/02\/TurisBiblioSanValentin3.jpeg 1530w\" sizes=\"auto, (max-width: 768px) 100vw, 768px\" \/><\/figure>\n<\/figure>\n","protected":false},"excerpt":{"rendered":"<div class=\"mh-excerpt\">Durant el mes de febrer la biblioteca municipal de Tur\u00eds ha organitzat una curiosa iniciativa no exempta d&#8217;emoci\u00f3 i sorpresa per a fomentar la lectura. El centre ofereix els usuaris tota una prestatgeria amb llibres <a class=\"mh-excerpt-more\" href=\"https:\/\/www.tucomarca.com\/wordpress\/segunda\/ca\/cita-a-cegues-amb-la-lectura-per-sant-valenti-a-la-biblioteca-municipal-de-turis\/\" title=\"Cita a cegues amb la lectura per Sant Valent\u00ed a la biblioteca municipal de Tur\u00eds\">[+] <\/a><\/div>\n","protected":false},"author":12,"featured_media":254009,"comment_status":"open","ping_status":"open","sticky":false,"template":"","format":"standard","meta":{"footnotes":""},"categories":[10894,10902,11007,10896,11047],"tags":[11356,11093],"class_list":{"0":"post-254015","1":"post","2":"type-post","3":"status-publish","4":"format-standard","5":"has-post-thumbnail","7":"category-la-comarca-ca","8":"category-la-ribera-ca","9":"category-ocio-y-cultura-ca","10":"category-seccion-ca","11":"category-turis-ca","12":"tag-ribera-alta-ca","13":"tag-turis-ca"},"_links":{"self":[{"href":"https:\/\/www.tucomarca.com\/wordpress\/segunda\/ca\/wp-json\/wp\/v2\/posts\/254015","targetHints":{"allow":["GET"]}}],"collection":[{"href":"https:\/\/www.tucomarca.com\/wordpress\/segunda\/ca\/wp-json\/wp\/v2\/posts"}],"about":[{"href":"https:\/\/www.tucomarca.com\/wordpress\/segunda\/ca\/wp-json\/wp\/v2\/types\/post"}],"author":[{"embeddable":true,"href":"https:\/\/www.tucomarca.com\/wordpress\/segunda\/ca\/wp-json\/wp\/v2\/users\/12"}],"replies":[{"embeddable":true,"href":"https:\/\/www.tucomarca.com\/wordpress\/segunda\/ca\/wp-json\/wp\/v2\/comments?post=254015"}],"version-history":[{"count":0,"href":"https:\/\/www.tucomarca.com\/wordpress\/segunda\/ca\/wp-json\/wp\/v2\/posts\/254015\/revisions"}],"wp:featuredmedia":[{"embeddable":true,"href":"https:\/\/www.tucomarca.com\/wordpress\/segunda\/ca\/wp-json\/wp\/v2\/media\/254009"}],"wp:attachment":[{"href":"https:\/\/www.tucomarca.com\/wordpress\/segunda\/ca\/wp-json\/wp\/v2\/media?parent=254015"}],"wp:term":[{"taxonomy":"category","embeddable":true,"href":"https:\/\/www.tucomarca.com\/wordpress\/segunda\/ca\/wp-json\/wp\/v2\/categories?post=254015"},{"taxonomy":"post_tag","embeddable":true,"href":"https:\/\/www.tucomarca.com\/wordpress\/segunda\/ca\/wp-json\/wp\/v2\/tags?post=254015"}],"curies":[{"name":"wp","href":"https:\/\/api.w.org\/{rel}","templated":true}]}}