{"id":254124,"date":"2025-02-14T12:00:00","date_gmt":"2025-02-14T11:00:00","guid":{"rendered":"https:\/\/www.tucomarca.com\/wordpress\/segunda\/?p=254124"},"modified":"2025-02-14T14:46:53","modified_gmt":"2025-02-14T13:46:53","slug":"lequip-de-treball-de-serveis-socials-de-la-mancomunitat-foia-de-bunyol-xiva-incorpora-nous-professionals","status":"publish","type":"post","link":"https:\/\/www.tucomarca.com\/wordpress\/segunda\/ca\/lequip-de-treball-de-serveis-socials-de-la-mancomunitat-foia-de-bunyol-xiva-incorpora-nous-professionals\/","title":{"rendered":"L&#8217;equip de treball de Serveis socials de la Mancomunitat Foia de Bunyol Xiva incorpora nous professionals"},"content":{"rendered":"\n<p>L&#8217;equip de Serveis socials de la Mancomunitat i Antonio D\u00edaz, president d&#8217;aquesta entitat, unifiquen criteris a fi de potenciar l&#8217;activitat d&#8217;una \u00e0rea fonamental per als municipis que conformen la comarca i especialment per a aquells amb menors recursos.<\/p>\n\n\n\n<p>Durant la celebraci\u00f3 de la seua primera sessi\u00f3 de treball conjunt, desenvolupada en la seu de la mancomunitat a I\u00e0tova ha sigut possible tamb\u00e9 donar a con\u00e9ixer el refor\u00e7 de personal que es produeix en \u00e0rees d&#8217;atenci\u00f3 essencials per a adaptar aquest recursos a les necessitats creixents de la poblaci\u00f3 atesa.<\/p>\n\n\n\n<p>L&#8217;equip de professionals d&#8217;aquest \u00e0rea, para atenci\u00f3 a m\u00e9s de 10.700 persones i a m\u00e9s de 40.000 des dels seus Equips Espec\u00edfics d&#8217;Intervenci\u00f3.<\/p>\n\n\n\n<p>Per a la Mancomunitat Foia de Bunyol Xiva, l&#8217;\u00e0rea de Serveis Socials suposa un eix fonamental de treball amb el qual facilitar l&#8217;atenci\u00f3 de necessitats b\u00e0siques de persones en situacions de dificultat.<\/p>\n","protected":false},"excerpt":{"rendered":"<div class=\"mh-excerpt\">L&#8217;equip de Serveis socials de la Mancomunitat i Antonio D\u00edaz, president d&#8217;aquesta entitat, unifiquen criteris a fi de potenciar l&#8217;activitat d&#8217;una \u00e0rea fonamental per als municipis que conformen la comarca i especialment per a aquells <a class=\"mh-excerpt-more\" href=\"https:\/\/www.tucomarca.com\/wordpress\/segunda\/ca\/lequip-de-treball-de-serveis-socials-de-la-mancomunitat-foia-de-bunyol-xiva-incorpora-nous-professionals\/\" title=\"L&#8217;equip de treball de Serveis socials de la Mancomunitat Foia de Bunyol Xiva incorpora nous professionals\">[+] <\/a><\/div>\n","protected":false},"author":13,"featured_media":254122,"comment_status":"open","ping_status":"open","sticky":false,"template":"","format":"standard","meta":{"footnotes":""},"categories":[10948,10894,10912,10896],"tags":[12903,10914,11514],"class_list":{"0":"post-254124","1":"post","2":"type-post","3":"status-publish","4":"format-standard","5":"has-post-thumbnail","7":"category-infraestructuras-ca","8":"category-la-comarca-ca","9":"category-la-hoya-ca","10":"category-seccion-ca","11":"tag-infraestructuras-ca","12":"tag-la-hoya-de-bunol-chiva-ca","13":"tag-mancomunidad-de-la-hoya-de-bunol-chiva-ca"},"_links":{"self":[{"href":"https:\/\/www.tucomarca.com\/wordpress\/segunda\/ca\/wp-json\/wp\/v2\/posts\/254124","targetHints":{"allow":["GET"]}}],"collection":[{"href":"https:\/\/www.tucomarca.com\/wordpress\/segunda\/ca\/wp-json\/wp\/v2\/posts"}],"about":[{"href":"https:\/\/www.tucomarca.com\/wordpress\/segunda\/ca\/wp-json\/wp\/v2\/types\/post"}],"author":[{"embeddable":true,"href":"https:\/\/www.tucomarca.com\/wordpress\/segunda\/ca\/wp-json\/wp\/v2\/users\/13"}],"replies":[{"embeddable":true,"href":"https:\/\/www.tucomarca.com\/wordpress\/segunda\/ca\/wp-json\/wp\/v2\/comments?post=254124"}],"version-history":[{"count":0,"href":"https:\/\/www.tucomarca.com\/wordpress\/segunda\/ca\/wp-json\/wp\/v2\/posts\/254124\/revisions"}],"wp:featuredmedia":[{"embeddable":true,"href":"https:\/\/www.tucomarca.com\/wordpress\/segunda\/ca\/wp-json\/wp\/v2\/media\/254122"}],"wp:attachment":[{"href":"https:\/\/www.tucomarca.com\/wordpress\/segunda\/ca\/wp-json\/wp\/v2\/media?parent=254124"}],"wp:term":[{"taxonomy":"category","embeddable":true,"href":"https:\/\/www.tucomarca.com\/wordpress\/segunda\/ca\/wp-json\/wp\/v2\/categories?post=254124"},{"taxonomy":"post_tag","embeddable":true,"href":"https:\/\/www.tucomarca.com\/wordpress\/segunda\/ca\/wp-json\/wp\/v2\/tags?post=254124"}],"curies":[{"name":"wp","href":"https:\/\/api.w.org\/{rel}","templated":true}]}}