{"id":254172,"date":"2025-02-14T11:30:00","date_gmt":"2025-02-14T10:30:00","guid":{"rendered":"https:\/\/www.tucomarca.com\/wordpress\/segunda\/?p=254172"},"modified":"2025-02-14T19:12:05","modified_gmt":"2025-02-14T18:12:05","slug":"la-diputacio-de-valencia-ajuda-a-betera-a-elaborar-la-seua-agenda-de-reconstruccio-per-a-obtindre-una-ajuda-europea","status":"publish","type":"post","link":"https:\/\/www.tucomarca.com\/wordpress\/segunda\/ca\/la-diputacio-de-valencia-ajuda-a-betera-a-elaborar-la-seua-agenda-de-reconstruccio-per-a-obtindre-una-ajuda-europea\/","title":{"rendered":"La Diputaci\u00f3 de Val\u00e8ncia ajuda a B\u00e9tera a elaborar la seua agenda de reconstrucci\u00f3 per a obtindre una ajuda europea\u00a0"},"content":{"rendered":"\n<h3 class=\"wp-block-heading\"><strong><strong>El diputat de Fons Europeus, Juan Ram\u00f3n Adsuara, es reunix amb l&#8217;alcaldessa de B\u00e9tera, Elia Verdev\u00edo, amb la finalitat de planificar els passos a seguir per a tindre \u00e8xit en la convocat\u00f2ria EDIL espec\u00edfica per a afectats per la DANA.<\/strong><\/strong><\/h3>\n\n\n\n<h3 class=\"wp-block-heading\"><strong><strong>L&#8217;ajuda servir\u00e0 per a millorar la qualitat i digitalitzaci\u00f3 del cicle integral de l&#8217;aigua i dotar al municipi d&#8217;una estructura efica\u00e7 en la gesti\u00f3 d&#8217;avisos, informaci\u00f3 municipal i sistema d&#8217;alertes<\/strong><\/strong>.<\/h3>\n\n\n\n<p>La Diputaci\u00f3 de Val\u00e8ncia continua complint la seua funci\u00f3 d&#8217;acompanyar i assessorar els municipis en la presentaci\u00f3 dels seus projectes per a obtindre finan\u00e7ament de la Uni\u00f3 Europea. A este efecte es va posar en marxa en 2024 l&#8217;Oficina T\u00e8cnica de Projectes Europeus, que ja ha ajudat diversos municipis a accedir amb \u00e8xit als diferents programes de fons europeus.<\/p>\n\n\n\n<p>Una d&#8217;estes localitats \u00e9s B\u00e9tera, l&#8217;alcaldessa de la qual, Elia Verdev\u00edo, ha mantingut una trobada amb el diputat de Fons Europeus, Juan Ram\u00f3n Adsuara, i amb t\u00e8cnics de la Diputaci\u00f3. Durant la reuni\u00f3, s&#8217;han analitzat les fases a seguir per a aconseguir que B\u00e9tera participe amb \u00e8xit en la convocat\u00f2ria EDIL (Plans d&#8217;Actuaci\u00f3 Integrats d&#8217;Entitats Locals) espec\u00edfica per a municipis afectats per la dana, entre els quals es troba B\u00e9tera. Esta convocat\u00f2ria est\u00e0 prevista que es publique entre els mesos de maig i juny.<\/p>\n\n\n\n<p>El diputat i els t\u00e8cnics de la corporaci\u00f3 han informat l&#8217;alcaldessa sobre la necessitat d&#8217;elaborar, en primer lloc, una agenda de reconstrucci\u00f3 del municipi, on s&#8217;arrepleguen els danys i actuacions urgents derivats de la inundaci\u00f3. Tamb\u00e9 se li ha recomanat a l&#8217;ajuntament de B\u00e9tera la conveni\u00e8ncia d&#8217;incloure les actuacions que pretenen dur a terme gr\u00e0cies al finan\u00e7ament europeu, en un PAI (Pla d&#8217;Actuaci\u00f3 Integral) que, al costat de l&#8217;agenda de reconstrucci\u00f3, serien els documents a presentar en la convocat\u00f2ria EDIL espec\u00edfica per a afectats per la dana.<\/p>\n\n\n\n<p>\u201cEl que estem fent \u00e9s assessorar l&#8217;ajuntament de B\u00e9tera per a tindre \u00e8xit en este proc\u00e9s i fer-li saber que els acompanyarem fins al final. Considerem que el finan\u00e7ament europeu \u00e9s fonamental per a fer realitat els projectes que tenen preparats per a transformar el municipi i per aix\u00f2 la nostra implicaci\u00f3 \u00e9s m\u00e0xima. L&#8217;objectiu final no \u00e9s un altre que millorar la qualitat de vida dels seus habitants, i han d&#8217;aprofitar esta oportunitat que es brinda des d&#8217;Europa a les localitats que es van veure colpejades per la riuada\u201d, ha manifestat el diputat de Fons Europeus, Juan Ram\u00f3n Adsuara.<\/p>\n\n\n\n<p><strong>Actuacions previstes en el municipi<\/strong><\/p>\n\n\n\n<p>L&#8217;ajuntament de B\u00e9tera acudir\u00e0 a la convocat\u00f2ria europea EDIL amb un projecte que implementar\u00e0 millores rellevants a la ciutat en mat\u00e8ria de digitalitzaci\u00f3, gesti\u00f3 d&#8217;aigua i enllumenat p\u00fablic, entre altres instal\u00b7lacions.&nbsp;<\/p>\n\n\n\n<p>En concret, les actuacions estan relacionades, d&#8217;una banda, amb la gesti\u00f3, millora de la qualitat i digitalitzaci\u00f3 del cicle integral de l&#8217;aigua en el terme municipal i, per un altra, amb dotar al municipi d&#8217;una estructura efica\u00e7 en la gesti\u00f3 d&#8217;avisos, informaci\u00f3 municipal i sistema d&#8217;alertes. \u00c9s a dir, millorar els processos d&#8217;informaci\u00f3 immediata a tot el terme municipal, donat l&#8217;elevat nombre de nuclis dispersos (urbanitzacions) amb els quals compta. Este sistema de millora de la comunicaci\u00f3 amb la ciutadania, evidentment, s&#8217;obtindria mitjan\u00e7ant la digitalitzaci\u00f3 i l&#8217;\u00fas de tecnologia actualitzada i eficient.<\/p>\n\n\n\n<p>Despr\u00e9s d&#8217;esta primera trobada, l&#8217;\u00e0rea de Fons Europeus de la Diputaci\u00f3 de Val\u00e8ncia continuar\u00e0 assessorant l&#8217;ajuntament de B\u00e9tera fins a la finalitzaci\u00f3 del proc\u00e9s, posant a la seua disposici\u00f3 als t\u00e8cnics de l&#8217;Oficina de Projectes Europeus.<\/p>\n","protected":false},"excerpt":{"rendered":"<div class=\"mh-excerpt\">El diputat de Fons Europeus, Juan Ram\u00f3n Adsuara, es reunix amb l&#8217;alcaldessa de B\u00e9tera, Elia Verdev\u00edo, amb la finalitat de planificar els passos a seguir per a tindre \u00e8xit en la convocat\u00f2ria EDIL espec\u00edfica per <a class=\"mh-excerpt-more\" href=\"https:\/\/www.tucomarca.com\/wordpress\/segunda\/ca\/la-diputacio-de-valencia-ajuda-a-betera-a-elaborar-la-seua-agenda-de-reconstruccio-per-a-obtindre-una-ajuda-europea\/\" title=\"La Diputaci\u00f3 de Val\u00e8ncia ajuda a B\u00e9tera a elaborar la seua agenda de reconstrucci\u00f3 per a obtindre una ajuda europea\u00a0\">[+] <\/a><\/div>\n","protected":false},"author":13,"featured_media":254268,"comment_status":"open","ping_status":"open","sticky":false,"template":"","format":"standard","meta":{"footnotes":""},"categories":[10937,10892,21466,10898,10948,10894,10904,10903,10947,10896,10897],"tags":[11202,10899,12903,21009],"class_list":{"0":"post-254172","1":"post","2":"type-post","3":"status-publish","4":"format-standard","5":"has-post-thumbnail","7":"category-betera-ca","8":"category-camp-de-turia-ca","9":"category-dana-ca","10":"category-ventana-ca","11":"category-infraestructuras-ca","12":"category-la-comarca-ca","13":"category-sin-categorizar-ca","14":"category-medio-ambiente-la-comarca-ca","15":"category-politica","16":"category-seccion-ca","17":"category-sucesos-la-comarca-ca","18":"tag-betera-ca","19":"tag-camp-de-turia-ca","20":"tag-infraestructuras-ca","21":"tag-la-diputacio-de-valencia-ca"},"_links":{"self":[{"href":"https:\/\/www.tucomarca.com\/wordpress\/segunda\/ca\/wp-json\/wp\/v2\/posts\/254172","targetHints":{"allow":["GET"]}}],"collection":[{"href":"https:\/\/www.tucomarca.com\/wordpress\/segunda\/ca\/wp-json\/wp\/v2\/posts"}],"about":[{"href":"https:\/\/www.tucomarca.com\/wordpress\/segunda\/ca\/wp-json\/wp\/v2\/types\/post"}],"author":[{"embeddable":true,"href":"https:\/\/www.tucomarca.com\/wordpress\/segunda\/ca\/wp-json\/wp\/v2\/users\/13"}],"replies":[{"embeddable":true,"href":"https:\/\/www.tucomarca.com\/wordpress\/segunda\/ca\/wp-json\/wp\/v2\/comments?post=254172"}],"version-history":[{"count":0,"href":"https:\/\/www.tucomarca.com\/wordpress\/segunda\/ca\/wp-json\/wp\/v2\/posts\/254172\/revisions"}],"wp:featuredmedia":[{"embeddable":true,"href":"https:\/\/www.tucomarca.com\/wordpress\/segunda\/ca\/wp-json\/wp\/v2\/media\/254268"}],"wp:attachment":[{"href":"https:\/\/www.tucomarca.com\/wordpress\/segunda\/ca\/wp-json\/wp\/v2\/media?parent=254172"}],"wp:term":[{"taxonomy":"category","embeddable":true,"href":"https:\/\/www.tucomarca.com\/wordpress\/segunda\/ca\/wp-json\/wp\/v2\/categories?post=254172"},{"taxonomy":"post_tag","embeddable":true,"href":"https:\/\/www.tucomarca.com\/wordpress\/segunda\/ca\/wp-json\/wp\/v2\/tags?post=254172"}],"curies":[{"name":"wp","href":"https:\/\/api.w.org\/{rel}","templated":true}]}}