{"id":254274,"date":"2025-02-15T10:00:00","date_gmt":"2025-02-15T09:00:00","guid":{"rendered":"https:\/\/www.tucomarca.com\/wordpress\/segunda\/?p=254274"},"modified":"2025-02-15T10:03:44","modified_gmt":"2025-02-15T09:03:44","slug":"__trashed-12","status":"publish","type":"post","link":"https:\/\/www.tucomarca.com\/wordpress\/segunda\/ca\/__trashed-12\/","title":{"rendered":"La Banda de M\u00fasica &#8220;L&#8217;Art\u00edstica&#8221; de Xiva compleix 175 anys"},"content":{"rendered":"\n<h3 class=\"wp-block-heading\">Les dades hist\u00f2riques avalen 1850 com l&#8217;any de naixement de la banda de m\u00fasica a Xiva.<\/h3>\n\n\n\n<p>Existeix a Xiva un llibre del segle XIX manuscrit pel Doctor Antonio Cervera, capell\u00e0 de l&#8217;Ermita del Castell a Xiva, gran devot de la Verge del Castell, patrona d&#8217;aquesta vila, titulat <strong>&#8216;Llibre Devocionari per al culte a La nostra Senyora del Castell de Xiva&#8217; <\/strong>que, entre moltes altres coses, redacta la festa que se li va oferir a la Verge el dia huit de setembre de 1850, i sobre la part musical diu: <em>\u2026\/Primerament magnifique cercavila per la corporaci\u00f3 l\u00edrica practicat al toc d&#8217;oracions del dia anterior i seg\u00fcents. Volta Religiosa en la qual es representaven diverses danses pastorals, els quatro Reis Gots. Misteri de San Jos\u00e9 en la seua fugida a Egipte, cordinada amb les seues banderoles encarnades, precedint al tabal i dul\u00e7aina\u2026\/ Vanda Militar i corresponent piquet de gu\u00e0rdia civil vestits de gala. Missa cantada amb orquestra titulada la de Andrev\u00ed, composta de violins, flautes, clarinets, baixos, i tres veus\u2026\/\u2026<\/em><\/p>\n\n\n\n<figure class=\"wp-block-gallery has-nested-images columns-default is-cropped wp-block-gallery-1 is-layout-flex wp-block-gallery-is-layout-flex\">\n<figure class=\"wp-block-image size-large\"><img loading=\"lazy\" decoding=\"async\" width=\"832\" height=\"1024\" data-id=\"253646\" src=\"https:\/\/www.tucomarca.com\/wordpress\/segunda\/wp-content\/uploads\/2025\/02\/DevocionarioChiva-832x1024.jpg\" alt=\"\" class=\"wp-image-253646\" srcset=\"https:\/\/www.tucomarca.com\/wordpress\/segunda\/wp-content\/uploads\/2025\/02\/DevocionarioChiva-832x1024.jpg 832w, https:\/\/www.tucomarca.com\/wordpress\/segunda\/wp-content\/uploads\/2025\/02\/DevocionarioChiva-244x300.jpg 244w, https:\/\/www.tucomarca.com\/wordpress\/segunda\/wp-content\/uploads\/2025\/02\/DevocionarioChiva-768x945.jpg 768w, https:\/\/www.tucomarca.com\/wordpress\/segunda\/wp-content\/uploads\/2025\/02\/DevocionarioChiva-1248x1536.jpg 1248w, https:\/\/www.tucomarca.com\/wordpress\/segunda\/wp-content\/uploads\/2025\/02\/DevocionarioChiva.jpg 1467w\" sizes=\"auto, (max-width: 832px) 100vw, 832px\" \/><\/figure>\n\n\n\n<figure class=\"wp-block-image size-large\"><img loading=\"lazy\" decoding=\"async\" width=\"832\" height=\"1024\" data-id=\"253648\" src=\"https:\/\/www.tucomarca.com\/wordpress\/segunda\/wp-content\/uploads\/2025\/02\/DevocionarioInterChiva-832x1024.jpg\" alt=\"\" class=\"wp-image-253648\" srcset=\"https:\/\/www.tucomarca.com\/wordpress\/segunda\/wp-content\/uploads\/2025\/02\/DevocionarioInterChiva-832x1024.jpg 832w, https:\/\/www.tucomarca.com\/wordpress\/segunda\/wp-content\/uploads\/2025\/02\/DevocionarioInterChiva-244x300.jpg 244w, https:\/\/www.tucomarca.com\/wordpress\/segunda\/wp-content\/uploads\/2025\/02\/DevocionarioInterChiva-768x945.jpg 768w, https:\/\/www.tucomarca.com\/wordpress\/segunda\/wp-content\/uploads\/2025\/02\/DevocionarioInterChiva-1248x1536.jpg 1248w, https:\/\/www.tucomarca.com\/wordpress\/segunda\/wp-content\/uploads\/2025\/02\/DevocionarioInterChiva.jpg 1467w\" sizes=\"auto, (max-width: 832px) 100vw, 832px\" \/><\/figure>\n<\/figure>\n\n\n\n<p>Sr. Alfredo Corral Cervera en el seu llibre titulat <strong>&#8216;L&#8217;Art\u00edstica Banda de M\u00fasica de Xiva&#8217;<\/strong>, editat l&#8217;any 1984, fa refer\u00e8ncia \u00e0mpliament a aquest llibre i el seu contingut i diu: <em>De la lectura minuciosa d&#8217;aquesta narraci\u00f3 s&#8217;extrau la conclusi\u00f3 que en eixe any de 1850 ja existia una agrupaci\u00f3 musical aut\u00f2ctona a Xiva, si b\u00e9 pot entendre&#8217;s, que la seua organitzaci\u00f3 i qualitat musical no hauria de ser elevada, perqu\u00e8 l&#8217;autor, en relatar els fets la titula \u201ccorporaci\u00f3 l\u00edrica\u201d, i en descriure els components de la Volta Religiosa, diu \u201cVanda Militar\u201d, amb clara diferenciaci\u00f3 qualificativa entre ambdues.<\/em><\/p>\n\n\n\n<p>Continuant amb el llibre de Sr. Alfredo Corral, en una altra part del mateix diu: <em>De qualsevol forma, l&#8217;autor del relat, estableix una clara difer\u00e8ncia entre la \u201ccorporaci\u00f3 l\u00edrica\u201d, que dona la cercavila al toc d&#8217;oracions del dia anterior i seg\u00fcents i la \u201cVanda Militar\u201d que acompanya la Volta Religiosa\u2026.\/\u2026<\/em><\/p>\n\n\n\n<p><em>El que s&#8217;extrau en definitiva d&#8217;aquest relat manuscrit, \u00e9s que en eixa data un grup d&#8217;homes de Xiva, amb m\u00e9s o menys qualitat musical, tenien formada una agrupaci\u00f3 de m\u00fasics anomenada \u201ccorporaci\u00f3 l\u00edrica\u201d, perqu\u00e8 no cal pensar, per l&#8217;economia d&#8217;aquella \u00e8poca, que el Clavari o els Mayorales, a m\u00e9s de presentar una Banda Militar per a la Volta Religiosa, pogueren portar d&#8217;altres llocs una Banda de m\u00fasica per a tocar les cercaviles, en la \u201cdiana\u201d dels dies de festa.<\/em><\/p>\n\n\n\n<p><em>Si b\u00e9 podem prendre com a data hist\u00f2rica l&#8217;any 1850 als efectes relatius a l&#8217;antiguitat de la Banda de M\u00fasica de Xiva, perqu\u00e8 existeix la dada certa en el relat hol\u00f2graf que abans hem descrit, podem presumir que aquesta corporaci\u00f3 en 1850, tenia una certa edat, perqu\u00e8 quan ella es comprometia per a donar actuacions p\u00fabliques tocant cercaviles, vol dir que la seua organitzaci\u00f3 humana i preparaci\u00f3 m\u00fasic-instrumental, datava de diversos anys arrere\u2026\/.<\/em><\/p>\n\n\n\n<figure class=\"wp-block-image size-large\"><img loading=\"lazy\" decoding=\"async\" width=\"1024\" height=\"733\" src=\"http:\/\/www.tucomarca.com\/wordpress\/segunda\/wp-content\/uploads\/2025\/02\/BandaChiva1865-1024x733.jpg\" alt=\"\" class=\"wp-image-253651\" srcset=\"https:\/\/www.tucomarca.com\/wordpress\/segunda\/wp-content\/uploads\/2025\/02\/BandaChiva1865-1024x733.jpg 1024w, https:\/\/www.tucomarca.com\/wordpress\/segunda\/wp-content\/uploads\/2025\/02\/BandaChiva1865-300x215.jpg 300w, https:\/\/www.tucomarca.com\/wordpress\/segunda\/wp-content\/uploads\/2025\/02\/BandaChiva1865-768x550.jpg 768w, https:\/\/www.tucomarca.com\/wordpress\/segunda\/wp-content\/uploads\/2025\/02\/BandaChiva1865-1536x1100.jpg 1536w, https:\/\/www.tucomarca.com\/wordpress\/segunda\/wp-content\/uploads\/2025\/02\/BandaChiva1865.jpg 1651w\" sizes=\"auto, (max-width: 1024px) 100vw, 1024px\" \/><\/figure>\n\n\n\n<p>Aquesta corporaci\u00f3 l\u00edrica sens dubte es va anar consolidant amb el pas dels anys i hi ha una foto d&#8217;ella en 1865 (foto de Vicente Peris), que el confirma. Aquesta foto est\u00e0 en poder de diverses persones, a Xiva est\u00e0 en la Societat Musical i en l&#8217;arxiu de Manuel Mora, tamb\u00e9 el professor Sr. Vicente Galbis L\u00f3pez, escriu tindre-la i la inclou en el seu estudi sobre \u201cLes Bandes Valencianes, Hist\u00f2ria i Proyecci\u00f3 Social\u201d, i diu:\u00a0<em>\u2026\/ Banda de Xiva (Val\u00e8ncia) l\u2019any 1865 (Arxiu de Vicente Galbis). \u00c9s tracta d\u2019una dels il\u2019lustracions m\u00e9s antigues que es conoixen d\u2019una banda civil\u2026\/.<\/em><\/p>\n\n\n\n<p>L&#8217;entitat musical es va anar engrandint i en 1873 va establir (que es conega) el seu primer Reglament de la Banda de Xiva, per a la seua bona organitzaci\u00f3 i govern (En els arxius de la societat existeixen, o existien, algunes fulles d&#8217;aquest Reglament, no en molt bon estat i faltant fulles). Sr. Alfredo Corral inclou en el seu llibre copia d&#8217;algunes fulles d&#8217;aquest Reglament.<\/p>\n\n\n\n<p>La Banda de M\u00fasica, que ja en 1917 es va comen\u00e7ar a denominar Societat Musical &#8220;L&#8217;Art\u00edstica&#8221;; com a instituci\u00f3 viva ha tingut moltes \u00e8poques de florida i altres de deca\u00efment i fins i tot de dissoluci\u00f3, unes vegades per problemes interns, unes altres pels esdeveniments hist\u00f2rics i avatars pol\u00edtics del pa\u00eds. Diverses vegades va dependre de l&#8217;Ajuntament, dient-se en eixos casos Banda Municipal de Xiva. En uns altres d&#8217;ateneus, m\u00e9s o menys pol\u00edtics, com a Societat Ateneu Agr\u00edcola Instructiu, o Societat Ateneu Instructiu Musical. Sempre va haver-hi homes que davant una mala situaci\u00f3 de la banda van saber, amb coratge i determinaci\u00f3, impulsar-la novament, per a seguir, si cap, amb major for\u00e7a, entusiasme i amor a la m\u00fasica.<\/p>\n\n\n\n<p>Seria llarg detallar tots els assoliments, premis i distincions obtinguts al llarg de la seua hist\u00f2ria, que es van iniciar en 1949 amb el Primer Premi en el Certamen de Requena (Val\u00e8ncia), sent l&#8217;\u00faltim en 2011 en el Certamen Internacional de Bandes de M\u00fasica en Aranda de Duero (Burgos) que va obtindre el Primer Premi d&#8217;interpretaci\u00f3 i Primer Premi de Direcci\u00f3 per al seu director de llavors, Sr. Francisco Carrascosa Miguel.<\/p>\n\n\n\n<p>A m\u00e9s, ha participat en festivals i ha fet concerts en moltes poblacions per Espanya, destacant el realitzat en el Centre Cultural de la Vila de Madrid en 1982. En 1989 grava un concert per a R\u00e0dio Nacional d&#8217;Espanya i tamb\u00e9 ha gravat per a Televisi\u00f3 Espanyola. A nivell internacional destaquen les seues actuacions en Byton i Gliwice (Pol\u00f2nia). En el Festival Internacional de Le Havre (Fran\u00e7a) i en el Festival Internacional de Loures (Portugal).<\/p>\n\n\n\n<p><strong>&#8220;L&#8217;Art\u00edstica&#8221; en l&#8217;actualitat<\/strong><\/p>\n\n\n\n<p>Actualment, la Societat Musical \u201cL&#8217;Art\u00edstica&#8221; de Xiva \u00e9s una societat moderna que compta amb una Banda Simf\u00f2nica, una Coral, una Orquestra i una Banda Juvenil. A la seua Escola de M\u00fasica i Dansa s&#8217;imparteixen classes de solfeig i instrument (llenguatge musical). Hi ha Jard\u00ed Musical per a beus en diversos nivells d&#8217;edat. Classes de Musicoter\u00e0pia. Compta amb una Banda Escolar, un Grup d&#8217;Adults, un Grup de Guitarra, un Grup de Percussi\u00f3, etc\u00e8tera. D&#8217;aquesta escola han eixit molts professionals que actualment es dediquen a diferents professions en la m\u00fasica, com a professors, directors, compositors&#8230; Destaquem a uns pocs directors-compositors per la seua traject\u00f2ria m\u00e9s \u00e0mplia: Luis Serrano Alarc\u00f3n, Manuel Morales Mart\u00ednez, Rodrigo Garc\u00eda Navarro, sobreeixint, per la seua fama internacional com a director (ja mort), Luis Antonio Garc\u00eda Navarro que va dirigir a les orquestres m\u00e9s famoses d&#8217;Europa i Am\u00e8rica, a les sales m\u00e9s importants. En Dansa actualment hi ha un jove promesa, el qual est\u00e0 rebent premis i beques de moltes institucions.<\/p>\n\n\n\n<p>La societat, des d&#8217;abril de 2007, compta amb el seu propi edifici social on se situen i desenvolupen totes les seues activitats musicals, amb instal\u00b7lacions per a l&#8217;Escola de M\u00fasica i Dansa, Sala d&#8217;Audicions per a assajos, concerts i altres representacions. Depend\u00e8ncies per a arxius, administraci\u00f3 i direcci\u00f3. En les seues instal\u00b7lacions tamb\u00e9 s&#8217;han realitzat exposicions, etc\u00e8tera.<\/p>\n\n\n\n<p>Tot aix\u00f2 ha portat al fet que tant el cronista oficial de la Vila de Xiva com l&#8217;Ajuntament reconeguen l&#8217;oficialitat dels 175 anys d&#8217;exist\u00e8ncia de la Banda L&#8217;Art\u00edstica. El primer amb un certificat, em\u00e9s despr\u00e9s d&#8217;una profunda investigaci\u00f3 que dona fe del seu naixement en 1850, i l&#8217;Ajuntament al fet que, en el ple del passat dia 28 de gener, i a proposta del Regidor de Cultura, Educaci\u00f3 i Joventut, i amb el suport un\u00e0nime de tots els grups pol\u00edtics representats a l&#8217;Ajuntament, proposara i s&#8217;acceptara:<\/p>\n\n\n\n<p>1r.- Designaci\u00f3 oficial per part de l&#8217;Ajuntament de Xiva de l&#8217;any 2025 com a any de &#8220;L&#8217;Art\u00edstica&#8221; en el seu 175 aniversari.<\/p>\n\n\n\n<p>2n.- Creaci\u00f3 i programaci\u00f3 d&#8217;un acte institucional de reconeixement a la Societat Musical &#8220;L&#8217;Art\u00edstica&#8221; pels seus 175 anys.<\/p>\n\n\n\n<p>3r.- Designaci\u00f3 del jard\u00ed situat al costat de la casa de la m\u00fasica com a \u201cJard\u00ed de l&#8217;Art\u00edstica\u201d.<\/p>\n\n\n\n<p>4t.- L&#8217;organitzaci\u00f3 d&#8217;actes, exposicions, edicions monogr\u00e0fiques, cat\u00e0legs, esdeveniments, etc\u00e8tera, en coordinaci\u00f3 amb la Societat Musical &#8220;L&#8217;Art\u00edstica&#8221; de Xiva durant tot l&#8217;any 2025 sobre aquest aniversari, sota la denominaci\u00f3 175 anys de &#8220;L&#8217;Art\u00edstica&#8221;.<\/p>\n\n\n\n<p>La Junta Directiva est\u00e0 bolcada a celebrar aquest aniversari amb esdeveniments socials, musicals i de diversos tipus. Entre altres actes menors, ja t\u00e9 acordat celebrar, a m\u00e9s dels actes institucionals, un concert solidari amb la Junta Local de la Lluita contra el C\u00e0ncer en aquest pr\u00f2xim mes de mar\u00e7. Dins dels actes commemoratius, el chivano Luis Serrano Alarc\u00f3n finalitzar\u00e0 el seu periple d&#8217;estrena de la seua tercera simfonia \u201cJalupe\u201d (el Jap\u00f3, els EUA, Espanya) a Xiva el 31 de maig. Al juliol, &#8220;L&#8217;Art\u00edstica&#8221; realitzar\u00e0 un viatge pel nord d&#8217;Espanya i oferir\u00e0 un concert a Sant Sebasti\u00e0. Es realitzar\u00e0 una exposici\u00f3 pels 175 anys de &#8220;L&#8217;Art\u00edstica&#8221;, i molts m\u00e9s que estan en cartera pendents de coordinar dates, convidats, etc\u00e8tera, com un festival de bandes o el concert de celebraci\u00f3, que s&#8217;anunciaren oportunament.<\/p>\n\n\n\n<p>Informa: <strong>Ricardo Pardo Cuartero<\/strong>, Soci d&#8217;Honor de la Societat \u201cL&#8217;Art\u00edstica\u201d de Xiva<\/p>\n\n\n\n<p><em>Bibliograf\u00eda:<\/em><\/p>\n\n\n\n<ul class=\"wp-block-list\">\n<li><em>La Art\u00edstica Banda de M\u00fasica de Chiva<\/em>, por Alfredo Corral Cervera.<\/li>\n\n\n\n<li>Revista <em>\u00c1tame <\/em>del a\u00f1o 2012 (fotos libro de 1850).<\/li>\n\n\n\n<li>Memorias de actividades de la Sociedad Musical &#8220;La Art\u00edstica&#8221;.<\/li>\n\n\n\n<li>Wikipedia.<\/li>\n<\/ul>\n","protected":false},"excerpt":{"rendered":"<div class=\"mh-excerpt\">Les dades hist\u00f2riques avalen 1850 com l&#8217;any de naixement de la banda de m\u00fasica a Xiva. Existeix a Xiva un llibre del segle XIX manuscrit pel Doctor Antonio Cervera, capell\u00e0 de l&#8217;Ermita del Castell a <a class=\"mh-excerpt-more\" href=\"https:\/\/www.tucomarca.com\/wordpress\/segunda\/ca\/__trashed-12\/\" title=\"La Banda de M\u00fasica &#8220;L&#8217;Art\u00edstica&#8221; de Xiva compleix 175 anys\">[+] <\/a><\/div>\n","protected":false},"author":12,"featured_media":253652,"comment_status":"open","ping_status":"open","sticky":false,"template":"","format":"gallery","meta":{"footnotes":""},"categories":[11005,10898,10894,10912,11007,10896,10975],"tags":[11195,10914,14188],"class_list":{"0":"post-254274","1":"post","2":"type-post","3":"status-publish","4":"format-gallery","5":"has-post-thumbnail","7":"category-canal-musica","8":"category-ventana-ca","9":"category-la-comarca-ca","10":"category-la-hoya-ca","11":"category-ocio-y-cultura-ca","12":"category-seccion-ca","13":"category-chiva-ca","14":"tag-chiva-ca","15":"tag-la-hoya-de-bunol-chiva-ca","16":"tag-sm-la-artistica-de-chiva-2-ca","17":"post_format-post-format-gallery"},"_links":{"self":[{"href":"https:\/\/www.tucomarca.com\/wordpress\/segunda\/ca\/wp-json\/wp\/v2\/posts\/254274","targetHints":{"allow":["GET"]}}],"collection":[{"href":"https:\/\/www.tucomarca.com\/wordpress\/segunda\/ca\/wp-json\/wp\/v2\/posts"}],"about":[{"href":"https:\/\/www.tucomarca.com\/wordpress\/segunda\/ca\/wp-json\/wp\/v2\/types\/post"}],"author":[{"embeddable":true,"href":"https:\/\/www.tucomarca.com\/wordpress\/segunda\/ca\/wp-json\/wp\/v2\/users\/12"}],"replies":[{"embeddable":true,"href":"https:\/\/www.tucomarca.com\/wordpress\/segunda\/ca\/wp-json\/wp\/v2\/comments?post=254274"}],"version-history":[{"count":0,"href":"https:\/\/www.tucomarca.com\/wordpress\/segunda\/ca\/wp-json\/wp\/v2\/posts\/254274\/revisions"}],"wp:featuredmedia":[{"embeddable":true,"href":"https:\/\/www.tucomarca.com\/wordpress\/segunda\/ca\/wp-json\/wp\/v2\/media\/253652"}],"wp:attachment":[{"href":"https:\/\/www.tucomarca.com\/wordpress\/segunda\/ca\/wp-json\/wp\/v2\/media?parent=254274"}],"wp:term":[{"taxonomy":"category","embeddable":true,"href":"https:\/\/www.tucomarca.com\/wordpress\/segunda\/ca\/wp-json\/wp\/v2\/categories?post=254274"},{"taxonomy":"post_tag","embeddable":true,"href":"https:\/\/www.tucomarca.com\/wordpress\/segunda\/ca\/wp-json\/wp\/v2\/tags?post=254274"}],"curies":[{"name":"wp","href":"https:\/\/api.w.org\/{rel}","templated":true}]}}