{"id":254507,"date":"2025-02-18T09:15:00","date_gmt":"2025-02-18T08:15:00","guid":{"rendered":"https:\/\/www.tucomarca.com\/wordpress\/segunda\/?p=254507"},"modified":"2025-02-18T19:23:16","modified_gmt":"2025-02-18T18:23:16","slug":"la-orquesta-filarmonica-de-requena-recaba-el-reconeixement-del-public-en-el-concert-dhivern","status":"publish","type":"post","link":"https:\/\/www.tucomarca.com\/wordpress\/segunda\/ca\/la-orquesta-filarmonica-de-requena-recaba-el-reconeixement-del-public-en-el-concert-dhivern\/","title":{"rendered":"La Orquesta Filarm\u00f3nica de Requena\u00a0recaba el reconeixement del p\u00fablic en el \u2018Concert d&#8217;Hivern\u2019\u00a0"},"content":{"rendered":"\n<h3 class=\"wp-block-heading\">M\u00e9s de 300 persones van brindar un calor\u00f3s acolliment i una llarga ovaci\u00f3 a la formaci\u00f3, dirigida per David Urango, que va interpretar l&#8217;obertura de\u00a0<em>Egmont<\/em>\u00a0i la\u00a0<em>Simfonia n\u00famero 7\u00a0<\/em>de Beethoven en el seu primer concert de l&#8217;any.<\/h3>\n\n\n\n<h3 class=\"wp-block-heading\">Ernesto Monz\u00f3, president de l&#8217;Orquesta Filarm\u00f3nica Fundaci\u00f3n Ciudad de Requena: \u201cHem posat tota la nostra il\u00b7lusi\u00f3 en aquesta temporada que \u00e9s l&#8217;avantsala del nostre 20\u00b0 aniversari&#8221;.<\/h3>\n\n\n\n<p>L&#8217;Orquesta Filarm\u00f3nica Fundaci\u00f3n Ciudad de Requena,&nbsp;dirigida per David Urango, va abordar amb \u00e8xit el&nbsp;<em>Concert d&#8217;Hivern,&nbsp;<\/em>patrocinat per la Fundaci\u00f3n Ciudad de Requena i Finca Calder\u00f3n, l&#8217;enoresort de la Bodega Sierra Norte, en el Teatre Principal de Requena, el dissabte 15 de febrer. M\u00e9s de 300 persones van brindar un calor\u00f3s acolliment i una llarga ovaci\u00f3 a la formaci\u00f3, que va interpretar l&#8217;obertura de&nbsp;<em>Egmont, opus 84&nbsp;<\/em>i<em>&nbsp;la Simfonia n\u00famero 7 en La major, opus 92&nbsp;<\/em>de Ludwig van Beethoven en el seu primer concert de l&#8217;any, amb la direcci\u00f3 musical de Francisco Melero i en el marc del cicle&nbsp;<em>Les quatre estacions.&nbsp;<\/em><\/p>\n\n\n\n<p>Urango va estar al capdavant de la formaci\u00f3 com a guanyador del Concurs de direcci\u00f3 Maestro Collado 2024. El primer premi aconseguit pel m\u00fasic de Terol consisteix en el nomenament com a director assistent l&#8217;any vigent i en un concert que realitzar\u00e0 la formaci\u00f3 el mes d&#8217;agost. &nbsp;&nbsp;<\/p>\n\n\n\n<p>Ernesto Monz\u00f3, president de l&#8217;Orquesta Filarm\u00f3nica Fundaci\u00f3n Ciudad de Requena, ha destacat que \u201chem comen\u00e7at la nostra programaci\u00f3 anual amb un magn\u00edfic concert interpretat amb brillantor, que precedeix a un ampli i divers calendari d&#8217;actuacions en les quals busquem un alt nivell d&#8217;excel\u00b7l\u00e8ncia\u201d. Monz\u00f3 subratlla que &#8220;hem posat tota la nostra il\u00b7lusi\u00f3 en aquesta temporada que \u00e9s l&#8217;avantsala del nostre 20\u00e9 aniversari, amb l&#8217;objectiu de brindar propostes que siguen del gust de mel\u00f2mans i un p\u00fablic incondicional de la comarca\u201d.<\/p>\n\n\n\n<p>A la primavera, l&#8217;orquestra abordar\u00e0 el&nbsp;<em>Concert de Setmana Santa<\/em>&nbsp;amb un programa en el qual interpretar\u00e0 les obres&nbsp;<em>Poema simf\u00f2nic n\u00famero 3 \u2018Els pr\u00e9ludes\u2019, S. 97&nbsp;<\/em>de Franz Liszt i la&nbsp;<em>Simfonia n\u00famero 9 en mi menor, opus 95,<\/em>&nbsp;tamb\u00e9 coneguda com a&nbsp;<em>Simfonia del Nou M\u00f3n<\/em>&nbsp;de Anton\u00edn Dvo\u0159\u00e1k en el Teatre Principal el dissabte 12 d&#8217;abril.<\/p>\n\n\n\n<p>Aquest projecte cultural tamb\u00e9 compta amb la col\u00b7laboraci\u00f3 de la regidoria de Cultura de l&#8217;Ajuntament de Requena, Generalitat Valenciana, Institut Valenci\u00e0 de Cultura (IVC), Diputaci\u00f3 de Val\u00e8ncia, Nexo Wines, Telfy TV, Fuente Primavera, Onda Requena, Radio Requena, Radio Utiel i Monogr\u00e1fico comunicaci\u00f3n. &nbsp;&nbsp;<\/p>\n\n\n\n<p><strong>Orquesta Filarm\u00f3nica de Requena<\/strong><\/p>\n\n\n\n<p>L\u2019Orquesta Filarm\u00f3nica Fundaci\u00f3n Ciudad de Requena, fundada en 2006, va debutar en el Temple de Santa Mar\u00eda de Requena interpretant la&nbsp;<em>Simfonia n\u00famero 5<\/em>&nbsp;de Ludwig van Beethoven el 5 d&#8217;abril de 2007, ha oferit m\u00e9s de 100 concerts interpretant obres del gran repertori cl\u00e0ssic i contemporani de compositors espanyols i estrangers. Francisco Melero est\u00e0 des dels seus inicis al capdavant d&#8217;una formaci\u00f3 que actua amb 96 m\u00fasics i desenvolupa la seua activitat com a associaci\u00f3 sense \u00e0nim de lucre amb quasi 300 socis.<\/p>\n\n\n\n<p>En aquests 19 anys ha col\u00b7laborat amb importants artistes com els tenors Jos\u00e9 Manuel Zapata i Javier Palacios, les sopranos Ainhoa Arteta, Montserrat Mart\u00ed Caball\u00e9, Silvia V\u00e1zquez i Em\u00edlia Onrubia, la&nbsp;<em>mezzosoprano<\/em>&nbsp;Beatriz Gimeno, els bar\u00edtons Luis Santana, Omar Lara i Armando del Hoyo, les cantants de flamenc Roc\u00edo M\u00e1rquez i Mar\u00eda Toledo, la cantant Sole Gim\u00e9nez, els m\u00fasics Ara Malikian, Jos\u00e9 Franch Ballester, Claudio Constantini, Fernando Egozcue, Aitzol Iturriagagoitia i David Apell\u00e1niz, aix\u00ed com amb els pianistes Josu De Solaun, Carles Mar\u00edn, Leonel Morales, Francisco Fierro, Jos\u00e9 Ram\u00f3n Garc\u00eda y Raquel del Val, entre altres. &nbsp; &nbsp;<\/p>\n\n\n\n<p>L&#8217;orquestra i el seu director, que han sigut proposats per Federico Mayor Zaragoza, director general de la Unesco entre 1987 i 1999, per al nomenament de M\u00fasics per la Pau, tamb\u00e9 han col\u00b7laborat amb diversos grups corals. Entre els concerts realitzats, cal destacar els realitzats en el Palau de la M\u00fasica de Val\u00e8ncia, els&nbsp;<em>Concerts de la verema i el vi,<\/em>&nbsp;els realitzats durant la Setmana de M\u00fasica Sacra de Requena o aquells amb un inter\u00e9s social com els&nbsp;<em>Concerts extraordinaris per la pau<\/em>&nbsp;o els concerts solidaris a benefici de persones majors, de la Creu Roja, de familiars de malalts d&#8217;alzheimer i de la dana. Des de la seua fundaci\u00f3 t\u00e9 l&#8217;objectiu d&#8217;ampliar la formaci\u00f3 de joves m\u00fasics i estudiants de conservatoris en un entorn que ha atret a desenes d&#8217;int\u00e8rprets pel seu ambient acad\u00e8mic.<\/p>\n","protected":false},"excerpt":{"rendered":"<div class=\"mh-excerpt\">M\u00e9s de 300 persones van brindar un calor\u00f3s acolliment i una llarga ovaci\u00f3 a la formaci\u00f3, dirigida per David Urango, que va interpretar l&#8217;obertura de\u00a0Egmont\u00a0i la\u00a0Simfonia n\u00famero 7\u00a0de Beethoven en el seu primer concert de <a class=\"mh-excerpt-more\" href=\"https:\/\/www.tucomarca.com\/wordpress\/segunda\/ca\/la-orquesta-filarmonica-de-requena-recaba-el-reconeixement-del-public-en-el-concert-dhivern\/\" title=\"La Orquesta Filarm\u00f3nica de Requena\u00a0recaba el reconeixement del p\u00fablic en el \u2018Concert d&#8217;Hivern\u2019\u00a0\">[+] <\/a><\/div>\n","protected":false},"author":12,"featured_media":254505,"comment_status":"open","ping_status":"open","sticky":false,"template":"","format":"standard","meta":{"footnotes":""},"categories":[11005,10894,11007,10908,10909,10896],"tags":[20901,11099,10910],"class_list":{"0":"post-254507","1":"post","2":"type-post","3":"status-publish","4":"format-standard","5":"has-post-thumbnail","7":"category-canal-musica","8":"category-la-comarca-ca","9":"category-ocio-y-cultura-ca","10":"category-requena-ca","11":"category-requena-utiel-ca","12":"category-seccion-ca","13":"tag-orquesta-ciudad-de-requena-ca","14":"tag-requena-ca","15":"tag-requena-utiel-ca"},"_links":{"self":[{"href":"https:\/\/www.tucomarca.com\/wordpress\/segunda\/ca\/wp-json\/wp\/v2\/posts\/254507","targetHints":{"allow":["GET"]}}],"collection":[{"href":"https:\/\/www.tucomarca.com\/wordpress\/segunda\/ca\/wp-json\/wp\/v2\/posts"}],"about":[{"href":"https:\/\/www.tucomarca.com\/wordpress\/segunda\/ca\/wp-json\/wp\/v2\/types\/post"}],"author":[{"embeddable":true,"href":"https:\/\/www.tucomarca.com\/wordpress\/segunda\/ca\/wp-json\/wp\/v2\/users\/12"}],"replies":[{"embeddable":true,"href":"https:\/\/www.tucomarca.com\/wordpress\/segunda\/ca\/wp-json\/wp\/v2\/comments?post=254507"}],"version-history":[{"count":0,"href":"https:\/\/www.tucomarca.com\/wordpress\/segunda\/ca\/wp-json\/wp\/v2\/posts\/254507\/revisions"}],"wp:featuredmedia":[{"embeddable":true,"href":"https:\/\/www.tucomarca.com\/wordpress\/segunda\/ca\/wp-json\/wp\/v2\/media\/254505"}],"wp:attachment":[{"href":"https:\/\/www.tucomarca.com\/wordpress\/segunda\/ca\/wp-json\/wp\/v2\/media?parent=254507"}],"wp:term":[{"taxonomy":"category","embeddable":true,"href":"https:\/\/www.tucomarca.com\/wordpress\/segunda\/ca\/wp-json\/wp\/v2\/categories?post=254507"},{"taxonomy":"post_tag","embeddable":true,"href":"https:\/\/www.tucomarca.com\/wordpress\/segunda\/ca\/wp-json\/wp\/v2\/tags?post=254507"}],"curies":[{"name":"wp","href":"https:\/\/api.w.org\/{rel}","templated":true}]}}