{"id":254587,"date":"2025-02-18T09:00:00","date_gmt":"2025-02-18T08:00:00","guid":{"rendered":"https:\/\/www.tucomarca.com\/wordpress\/segunda\/?p=254587"},"modified":"2025-02-18T18:55:52","modified_gmt":"2025-02-18T17:55:52","slug":"riba-roja-aprova-la-suspensio-de-les-llicencies-urbanistiques-en-ambits-inundables-durant-un-periode-dun-any-per-a-garantir-la-seguretat-dels-ciutadans","status":"publish","type":"post","link":"https:\/\/www.tucomarca.com\/wordpress\/segunda\/ca\/riba-roja-aprova-la-suspensio-de-les-llicencies-urbanistiques-en-ambits-inundables-durant-un-periode-dun-any-per-a-garantir-la-seguretat-dels-ciutadans\/","title":{"rendered":"Riba-roja aprova la suspensi\u00f3 de les llic\u00e8ncies urban\u00edstiques en \u00e0mbits inundables durant un per\u00edode d&#8217;un any per a garantir la seguretat dels ciutadans"},"content":{"rendered":"\n<h3 class=\"wp-block-heading\">El ple referenda una iniciativa de l&#8217;equip de govern del PSPV de limitar la concessi\u00f3 d&#8217;aquestes llic\u00e8ncies per a estudiar la situaci\u00f3 derivada de la DANA.<\/h3>\n\n\n\n<p>El ple de l&#8217;Ajuntament de Riba-roja de T\u00faria ha aprovat la suspensi\u00f3 temporal de les llic\u00e8ncies d&#8217;obres de tipus I en els \u00e0mbits delimitats pel Patricova i pel SNZCI (Sistema Nacional de Cartografia de Zones Inundables) amb l&#8217;objectiu de procedir a prendre les mesures urgents per a garantir la seguretat de la ciutadania arran de la Depressi\u00f3 A\u00efllada en els Nivells Alts (Dana) ocorreguda el 29 d&#8217;octubre.&nbsp;<\/p>\n\n\n\n<p>L&#8217;acord parteix d&#8217;una iniciativa de l&#8217;equip de govern del PSPV que ha comptat amb el suport un\u00e0nime de la resta de formacions: Partit Popular, Vox, Comprom\u00eds i Esquerra Unida-Podem. La suspensi\u00f3 temporal d&#8217;aquestes llic\u00e8ncies urban\u00edstiques t\u00e9 una duraci\u00f3 d&#8217;un any prorrogable a dos anys m\u00e0xim, en el cas que no es dispose de l&#8217;estudi necessari per a la implementaci\u00f3 de les mesures correctores aplicables sobre aquest tema.&nbsp;<\/p>\n\n\n\n<p>Cal recordar que el Consell de ministres va acordar el passat 5 de novembre incloure al municipi de Riba-roja de T\u00faria en l&#8217;\u00e0mbit de \u201czona declarada greument afectada per l&#8217;emerg\u00e8ncia de protecci\u00f3 civil\u201d que va tindre lloc entre el 28 d&#8217;octubre i el 4 de novembre del passat any a conseq\u00fc\u00e8ncia de la Dana i, per tant, aquesta declaraci\u00f3 suposa una s\u00e8rie de circumst\u00e0ncies a tindre en compte.&nbsp;<\/p>\n\n\n\n<p>La proposta aprovada pel ple de la localitat subratlla que Riba-roja de T\u00faria \u00e9s un \u201cmunicipi inundable, s&#8217;ha treballat activament durant anys en la implementaci\u00f3 de mesures, dins de les compet\u00e8ncies locals, per a previndre i mitigar els efectes de les inundacions, per\u00f2 continua sent necess\u00e0ria la realitzaci\u00f3 d&#8217;estudis hidr\u00e0ulics que permeten actuar m\u00e9s enll\u00e0 de l&#8217;\u00e0mbit local i adoptar mesures que excedisquen la compet\u00e8ncia municipal\u201d.&nbsp;<\/p>\n\n\n\n<p>La suspensi\u00f3 temporal de les llic\u00e8ncies urban\u00edstiques del tipus I permetr\u00e0 disposar de m\u00e9s temps per a l&#8217;an\u00e0lisi de com el que ocorre aig\u00fces amunt afecta a la fotografia del creixement territorial de Riba-roja de T\u00faria, alhora que les administracions supra municipals realitzen les actualitzacions pertinents dels sistemes cartogr\u00e0fics i de delimitaci\u00f3 del risc, aix\u00ed com la planificaci\u00f3 de les infraestructures necess\u00e0ries a escometre i el desenvolupament de les directrius del creixement del municipi.&nbsp;<\/p>\n\n\n\n<p>A m\u00e9s, altres mesures que es prendran per a mitigar les conseq\u00fc\u00e8ncies dels successos ocorreguts arran de la Dana del passat mes d&#8217;octubre consisteix en l&#8217;actualitzaci\u00f3 del pla d&#8217;actuaci\u00f3 municipal (PAM), l&#8217;estudi d&#8217;una possible modificaci\u00f3 de l&#8217;ordenan\u00e7a municipal d&#8217;obres, l&#8217;estudi de possibles mesures a adoptar en la concessi\u00f3 de les llic\u00e8ncies d&#8217;obres en \u00e0mbits inundables, aix\u00ed com la inscripci\u00f3 en el registre de l&#8217;afecci\u00f3 o concretar un pla per a donar a con\u00e9ixer a la ciutadania els \u00e0mbits inundables, entre altres.&nbsp;<\/p>\n\n\n\n<p>El text aprovat pel ple municipal insisteix en la necessitat de \u201cvetlar per la seguretat del ciutad\u00e0 i no sols no incrementar el nombre de construccions en risc, sin\u00f3 realitzar una profunda an\u00e0lisi de com millorar l&#8217;existent\u201d i, tamb\u00e9, aposta per una \u201creflexi\u00f3 profunda sobre les mesures que s&#8217;han de prendre per a previndre i mitigar els efectes de les Dana que seran cada vegada m\u00e9s freq\u00fcents i intenses a conseq\u00fc\u00e8ncia de la crisi clim\u00e0tica\u201d.&nbsp;<\/p>\n\n\n\n<p>El ple municipal reconeix que Riba-roja de T\u00faria \u00e9s un municipi \u201camb un alt nombre d&#8217;afeccions a barrancs, rambles i tamb\u00e9 del riu T\u00faria, on l&#8217;afecci\u00f3 per inundaci\u00f3 afecta a gran part del territori i en el qual, despr\u00e9s del pas de la Dana, s&#8217;ha superat el l\u00edmit de l&#8217;envolupant de perillositat marcat recollida en la cartografia del Patricova i del SNZCI, per la qual cosa procedeix prendre mesures urgents per a garantir la seguretat de la ciutadania\u201d.<\/p>\n\n\n\n<p>La regidora d&#8217;Urbanisme de Riba-roja de T\u00faria, Teresa Pozuelo, ha afirmat que es tracta d&#8217;una decisi\u00f3 molt important \u201camb l&#8217;objectiu de poder analitzar d&#8217;una manera sectoritzada les mesures preventives i de seguretat que serien convenients aplicar segons quina zona del municipi delimitada com a inundable, pensant en la seguretat i en el coneixement dels ve\u00efns afectats\u201d.<\/p>\n","protected":false},"excerpt":{"rendered":"<div class=\"mh-excerpt\">El ple referenda una iniciativa de l&#8217;equip de govern del PSPV de limitar la concessi\u00f3 d&#8217;aquestes llic\u00e8ncies per a estudiar la situaci\u00f3 derivada de la DANA. El ple de l&#8217;Ajuntament de Riba-roja de T\u00faria ha <a class=\"mh-excerpt-more\" href=\"https:\/\/www.tucomarca.com\/wordpress\/segunda\/ca\/riba-roja-aprova-la-suspensio-de-les-llicencies-urbanistiques-en-ambits-inundables-durant-un-periode-dun-any-per-a-garantir-la-seguretat-dels-ciutadans\/\" title=\"Riba-roja aprova la suspensi\u00f3 de les llic\u00e8ncies urban\u00edstiques en \u00e0mbits inundables durant un per\u00edode d&#8217;un any per a garantir la seguretat dels ciutadans\">[+] <\/a><\/div>\n","protected":false},"author":13,"featured_media":254583,"comment_status":"open","ping_status":"open","sticky":false,"template":"","format":"standard","meta":{"footnotes":""},"categories":[10892,10948,10894,10903,10947,10906,10896],"tags":[10899,12903,12166,11102],"class_list":{"0":"post-254587","1":"post","2":"type-post","3":"status-publish","4":"format-standard","5":"has-post-thumbnail","7":"category-camp-de-turia-ca","8":"category-infraestructuras-ca","9":"category-la-comarca-ca","10":"category-medio-ambiente-la-comarca-ca","11":"category-politica","12":"category-riba-roja-ca","13":"category-seccion-ca","14":"tag-camp-de-turia-ca","15":"tag-infraestructuras-ca","16":"tag-medio-ambiente-ca","17":"tag-riba-roja-2-ca"},"_links":{"self":[{"href":"https:\/\/www.tucomarca.com\/wordpress\/segunda\/ca\/wp-json\/wp\/v2\/posts\/254587","targetHints":{"allow":["GET"]}}],"collection":[{"href":"https:\/\/www.tucomarca.com\/wordpress\/segunda\/ca\/wp-json\/wp\/v2\/posts"}],"about":[{"href":"https:\/\/www.tucomarca.com\/wordpress\/segunda\/ca\/wp-json\/wp\/v2\/types\/post"}],"author":[{"embeddable":true,"href":"https:\/\/www.tucomarca.com\/wordpress\/segunda\/ca\/wp-json\/wp\/v2\/users\/13"}],"replies":[{"embeddable":true,"href":"https:\/\/www.tucomarca.com\/wordpress\/segunda\/ca\/wp-json\/wp\/v2\/comments?post=254587"}],"version-history":[{"count":0,"href":"https:\/\/www.tucomarca.com\/wordpress\/segunda\/ca\/wp-json\/wp\/v2\/posts\/254587\/revisions"}],"wp:featuredmedia":[{"embeddable":true,"href":"https:\/\/www.tucomarca.com\/wordpress\/segunda\/ca\/wp-json\/wp\/v2\/media\/254583"}],"wp:attachment":[{"href":"https:\/\/www.tucomarca.com\/wordpress\/segunda\/ca\/wp-json\/wp\/v2\/media?parent=254587"}],"wp:term":[{"taxonomy":"category","embeddable":true,"href":"https:\/\/www.tucomarca.com\/wordpress\/segunda\/ca\/wp-json\/wp\/v2\/categories?post=254587"},{"taxonomy":"post_tag","embeddable":true,"href":"https:\/\/www.tucomarca.com\/wordpress\/segunda\/ca\/wp-json\/wp\/v2\/tags?post=254587"}],"curies":[{"name":"wp","href":"https:\/\/api.w.org\/{rel}","templated":true}]}}