{"id":254670,"date":"2025-02-18T12:10:00","date_gmt":"2025-02-18T11:10:00","guid":{"rendered":"https:\/\/www.tucomarca.com\/wordpress\/segunda\/?p=254670"},"modified":"2025-02-18T20:19:17","modified_gmt":"2025-02-18T19:19:17","slug":"la-diputacio-constituix-la-comissio-per-a-analitzar-la-seua-gestio-despres-de-la-dana-i-avancar-en-bones-practiques-i-prevencio","status":"publish","type":"post","link":"https:\/\/www.tucomarca.com\/wordpress\/segunda\/ca\/la-diputacio-constituix-la-comissio-per-a-analitzar-la-seua-gestio-despres-de-la-dana-i-avancar-en-bones-practiques-i-prevencio\/","title":{"rendered":"La Diputaci\u00f3 constitu\u00efx la comissi\u00f3 per a analitzar la seua gesti\u00f3 despr\u00e9s de la DANA i avan\u00e7ar en bones pr\u00e0ctiques i prevenci\u00f3"},"content":{"rendered":"\n<h3 class=\"wp-block-heading\"><strong><strong>La sessi\u00f3 constitutiva ha tingut lloc este dimarts amb Vicent Momp\u00f3 com a president i representaci\u00f3 de tots els grups. L&#8217;objectiu \u00e9s estudiar la gesti\u00f3 de l&#8217;emerg\u00e8ncia el 29 d&#8217;octubre i formular, amb el suport dels t\u00e8cnics, propostes per a la recuperaci\u00f3 de les zones afectades<\/strong><\/strong>.<\/h3>\n\n\n\n<h3 class=\"wp-block-heading\"><strong><strong>Momp\u00f3 apunta que el que s&#8217;abordar\u00e0 \u00e9s \u201cel paper de la Diputaci\u00f3 en l&#8217;\u00e0mbit de les seues compet\u00e8ncies\u201d, mentre la vicepresidenta Enguix destaca la import\u00e0ncia dels plans d&#8217;emerg\u00e8ncia per a afrontar futures cat\u00e0strofes<\/strong><\/strong>.<\/h3>\n\n\n\n<p>&nbsp;La Diputaci\u00f3 de Val\u00e8ncia ha constitu\u00eft este dimarts la Comissi\u00f3 no permanent d&#8217;estudi sobre la gesti\u00f3 de l&#8217;emerg\u00e8ncia el 29 d&#8217;octubre i per a la recuperaci\u00f3 de les comarques afectades per la dana. L&#8217;\u00f2rgan el presidix el m\u00e0xim responsable de la corporaci\u00f3, Vicent Momp\u00f3, i compta amb la representaci\u00f3 de tots els grups que formen la cambra provincial. D&#8217;esta manera, Reme Mazzolari (PP), Nat\u00e0lia Enguix (Ens Uneix), Carlos Fern\u00e1ndez Bielsa (PSPV), Dolors Gimeno (Comprom\u00eds) i Sergio Pastor (Vox) es reuniran una vegada al mes a la sala de comissions de la instituci\u00f3 provincial.<\/p>\n\n\n\n<p>El president Momp\u00f3 ha assenyalat, despr\u00e9s de la sessi\u00f3 constitutiva que ha tingut lloc abans del ple de febrer, que la comissi\u00f3 provincial de la dana \u201cabordar\u00e0 el paper que ha jugat, est\u00e0 jugant i ha de jugar la Diputaci\u00f3 en la gesti\u00f3 de la cat\u00e0strofe i el proc\u00e9s de recuperaci\u00f3, en l&#8217;\u00e0mbit de les compet\u00e8ncies pr\u00f2pies i altres que no ho s\u00f3n per\u00f2 en les quals podem ajudar igualment, com s&#8217;ha fet amb la neteja del fang en garatges i soterranis\u201d. \u201c\u00c9s important tindre clar que esta \u201cno \u00e9s una comissi\u00f3 per a parlar d&#8217;altres institucions ni de q\u00fcestions pol\u00edtiques, sin\u00f3 per a exposar tot el que esta corporaci\u00f3 est\u00e0 fent i el que pot arribar a fer d&#8217;ara en avant per a continuar ajudant als municipis afectats\u201d, ha indicat el president.<\/p>\n\n\n\n<p>Per part seua, la vicepresidenta primera, Nat\u00e0lia Enguix, ha destacat la import\u00e0ncia dels plans d&#8217;emerg\u00e8ncia per a fer front a futures cat\u00e0strofes que pogueren produir-se. \u201cDes de la Diputaci\u00f3, tant el Consorci de Bombers com Carreteres, els t\u00e8cnics d&#8217;Egevasa en mat\u00e8ria d&#8217;aig\u00fces i la resta d&#8217;\u00e0rees, s&#8217;ha fet tot el que s&#8217;ha pogut per a oferir resposta immediata als afectats. Si alguna cosa s&#8217;ha posat de manifest \u00e9s la transcend\u00e8ncia de tindre una bona formaci\u00f3 i coordinaci\u00f3 a l&#8217;hora d&#8217;aplicar els plans d&#8217;emerg\u00e8ncia, que \u00e9s el que hem de tindre en compte per a donar la millor resposta davant qualsevol tipus de cat\u00e0strofe\u201d.<\/p>\n\n\n\n<p><strong>An\u00e0lisi, estudi i propostes<\/strong><\/p>\n\n\n\n<p>Momp\u00f3 i Enguix coincidixen en la necessitat d&#8217;introduir en la comissi\u00f3 \u201cproposades dirigides a elaborar un manual de bones pr\u00e0ctiques que puga ser \u00fatil davant futures adversitats, aprenent dels errors que s&#8217;hagen pogut cometre i de la gesti\u00f3 de l&#8217;emerg\u00e8ncia que va fer des del primer moment la Diputaci\u00f3, estant molt pr\u00f2xima als alcaldes i alcaldesses per a donar resposta a les seues necessitats\u201d. En este sentit, la corporaci\u00f3 ha gastat ja els 54 milions transferits pel Govern central per a ajudar en la recuperaci\u00f3 de les zones afectades, en el marc dels 150 milions que la Diputaci\u00f3 de Val\u00e8ncia va destinar en un primer moment a la dana amb el romanent de 2024 i el Pressupost de 2025.<\/p>\n\n\n\n<p>El pla exposat este dimarts consta de sessions mensuals en les quals s&#8217;analitzaran i estudiaran q\u00fcestions com la gesti\u00f3 de la informaci\u00f3; els contractes d&#8217;emerg\u00e8ncia; aigua i residus; assist\u00e8ncia a municipis i treballs de reconstrucci\u00f3. L&#8217;\u00faltima de les sessions servir\u00e0 per a extraure les conclusions amb vista a eixe manual de bones pr\u00e0ctiques que permeta abordar amb les m\u00e0ximes garanties futures conting\u00e8ncies.<\/p>\n\n\n\n<p>El president Momp\u00f3 ha insistit despr\u00e9s de la creaci\u00f3 de la comissi\u00f3 que l&#8217;objectiu de la mateixa \u00e9s \u201canalitzar el que es va fer b\u00e9 i no tan b\u00e9 des de la Diputaci\u00f3\u201d. La vicepresidenta Enguix ha avan\u00e7at que la primera de les sessions comptar\u00e0 amb la pres\u00e8ncia de l&#8217;inspector cap del Consorci Provincial de Bombers, Jos\u00e9 Miguel Basset, i que al final de cada sessi\u00f3 es programar\u00e0 la seg\u00fcent amb els t\u00e8cnics i experts que hagen de participar.<\/p>\n\n\n\n<p>El portaveu socialista, Carlos Fern\u00e1ndez Bielsa, ha valorat que siga una comissi\u00f3 oberta en la qual poder presentar propostes: \u201c\u00e9s un \u00f2rgan necessari i es necessitaran moltes sessions per a saber exactament el que va oc\u00f3rrer el dia 29 i els dies posteriors\u201d. Mentrestant, la portaveu de Comprom\u00eds, Dolors Gimeno, lamenta que no s&#8217;incloga \u201cla part d&#8217;investigaci\u00f3 que reclamem per a con\u00e9ixer la situaci\u00f3 d&#8217;alerta dels dies previs\u201d. No obstant aix\u00f2, \u201ctractarem d&#8217;aprofitar esta comissi\u00f3 per a fer les nostres aportacions i saber qu\u00e8 va passar realment el 29 d&#8217;octubre\u201d, afig Gimeno.<\/p>\n\n\n\n<p><strong>La veu dels experts<\/strong><\/p>\n\n\n\n<p>Altre dels punts d&#8217;acord aprovats en el ple provincial de gener va ser la participaci\u00f3 d&#8217;experts i altres membres de la corporaci\u00f3 responsables d&#8217;\u00e0rees de gesti\u00f3 vinculades a la dana, aix\u00ed com t\u00e8cnics especialistes de la corporaci\u00f3 i altres organismes i representants de la ciutadania que puguen aportar testimoniatges i iniciatives a tindre en compte. El president de la comissi\u00f3, Vicent Momp\u00f3, podr\u00e0 delegar en diputades i diputats de l&#8217;equip de govern que coordinen mat\u00e8ries com a Carreteres, Aigua i Hisenda, entre altres, en funci\u00f3 dels temes que s&#8217;aborden en cadascuna de les sessions de la comissi\u00f3.<\/p>\n\n\n\n<p>Els membres de la comissi\u00f3 han decidit que totes les sessions queden arreplegades en format de videoacta, i que puguen convocar-se encontres amb els mitjans de comunicaci\u00f3 quan s&#8217;arribe a acords que puguen resultar d&#8217;inter\u00e9s general. \u201cContinuarem treballant per a ajudar els municipis afectats a recuperar com m\u00e9s prompte millor la normalitat, sense descurar les necessitats i projectes de la resta. Esta comissi\u00f3 aportar\u00e0 encara major transpar\u00e8ncia a eixa l\u00ednia de treball que portem des de l&#8217;inici de la legislatura i que hem adaptat a les noves necessitats despr\u00e9s d&#8217;una dana que ning\u00fa esperava\u201d, apunta Vicent Momp\u00f3.<\/p>\n\n\n\n<p><strong>Inversions d\u2019urg\u00e8ncia<\/strong><\/p>\n\n\n\n<p>La vicepresidenta Enguix ha repassat les principals actuacions en mat\u00e8ria del cicle integral de l&#8217;aigua, un \u00e0mbit fonamental que ha passat a ser prioritari despr\u00e9s dels greus danys causats per la riuada en infraestructures h\u00eddriques. \u201cHem de destacar el treball de l&#8217;empresa p\u00fablica Egevasa per a garantir el subministrament d&#8217;aigua potable en les zones afectades durant els dies i setmanes posteriors a la cat\u00e0strofe. En mat\u00e8ria de depuraci\u00f3, primer vam actuar d&#8217;urg\u00e8ncia en 75 depuradores gr\u00e0cies al conveni que ten\u00edem amb l&#8217;EPSAR, i despr\u00e9s vam renovar un conveni que estava bloquejat des de fa una d\u00e8cada i que ens permetr\u00e0 reparar altres 75 estacions i construir huit noves depuradores a la prov\u00edncia, amb una inversi\u00f3 global de 80 milions d&#8217;euros\u201d, conclou la presidenta de la Junta d&#8217;Egevasa.<\/p>\n\n\n\n<p>En Carreteres, la portaveu popular Reme Mazzolari recorda que la Diputaci\u00f3 va posar en servici la totalitat de vies afectades per la dana \u201cen temps r\u00e8cord\u201d, mentre continua amb el proc\u00e9s de reconstrucci\u00f3 de ponts que inclou una trentena d&#8217;infraestructures danyades entre ponts i pontons. Quant a inversi\u00f3, Mazzolari ha posat en valor els 25 milions d&#8217;euros destinats d&#8217;urg\u00e8ncia per a fer front a la cat\u00e0strofe i l&#8217;increment en el pressupost de l&#8217;\u00e0rea per a enguany, que supera els 60 milions d&#8217;euros.<\/p>\n\n\n\n<p>En paral\u00b7lel a les partides d&#8217;urg\u00e8ncia del pressupost del passat any i dels diners destinats a la reconstrucci\u00f3 en el present exercici, la Diputaci\u00f3 va activar tamb\u00e9 un fons especial de conting\u00e8ncia per a inversi\u00f3 i despesa corrent que ha injectat 150.000 euros en cadascun dels 100 municipis inclosos en el llistat d&#8217;afectats per la dana de la Generalitat Valenciana.<\/p>\n","protected":false},"excerpt":{"rendered":"<div class=\"mh-excerpt\">La sessi\u00f3 constitutiva ha tingut lloc este dimarts amb Vicent Momp\u00f3 com a president i representaci\u00f3 de tots els grups. L&#8217;objectiu \u00e9s estudiar la gesti\u00f3 de l&#8217;emerg\u00e8ncia el 29 d&#8217;octubre i formular, amb el suport <a class=\"mh-excerpt-more\" href=\"https:\/\/www.tucomarca.com\/wordpress\/segunda\/ca\/la-diputacio-constituix-la-comissio-per-a-analitzar-la-seua-gestio-despres-de-la-dana-i-avancar-en-bones-practiques-i-prevencio\/\" title=\"La Diputaci\u00f3 constitu\u00efx la comissi\u00f3 per a analitzar la seua gesti\u00f3 despr\u00e9s de la DANA i avan\u00e7ar en bones pr\u00e0ctiques i prevenci\u00f3\">[+] <\/a><\/div>\n","protected":false},"author":13,"featured_media":254668,"comment_status":"open","ping_status":"open","sticky":false,"template":"","format":"standard","meta":{"footnotes":""},"categories":[21466,10898,10948,10894,10904,10903,10947,10896,10897],"tags":[15409,12903,11199,21009,12166],"class_list":{"0":"post-254670","1":"post","2":"type-post","3":"status-publish","4":"format-standard","5":"has-post-thumbnail","7":"category-dana-ca","8":"category-ventana-ca","9":"category-infraestructuras-ca","10":"category-la-comarca-ca","11":"category-sin-categorizar-ca","12":"category-medio-ambiente-la-comarca-ca","13":"category-politica","14":"category-seccion-ca","15":"category-sucesos-la-comarca-ca","16":"tag-dana-2-ca","17":"tag-infraestructuras-ca","18":"tag-la-comunitat-ca","19":"tag-la-diputacio-de-valencia-ca","20":"tag-medio-ambiente-ca"},"_links":{"self":[{"href":"https:\/\/www.tucomarca.com\/wordpress\/segunda\/ca\/wp-json\/wp\/v2\/posts\/254670","targetHints":{"allow":["GET"]}}],"collection":[{"href":"https:\/\/www.tucomarca.com\/wordpress\/segunda\/ca\/wp-json\/wp\/v2\/posts"}],"about":[{"href":"https:\/\/www.tucomarca.com\/wordpress\/segunda\/ca\/wp-json\/wp\/v2\/types\/post"}],"author":[{"embeddable":true,"href":"https:\/\/www.tucomarca.com\/wordpress\/segunda\/ca\/wp-json\/wp\/v2\/users\/13"}],"replies":[{"embeddable":true,"href":"https:\/\/www.tucomarca.com\/wordpress\/segunda\/ca\/wp-json\/wp\/v2\/comments?post=254670"}],"version-history":[{"count":0,"href":"https:\/\/www.tucomarca.com\/wordpress\/segunda\/ca\/wp-json\/wp\/v2\/posts\/254670\/revisions"}],"wp:featuredmedia":[{"embeddable":true,"href":"https:\/\/www.tucomarca.com\/wordpress\/segunda\/ca\/wp-json\/wp\/v2\/media\/254668"}],"wp:attachment":[{"href":"https:\/\/www.tucomarca.com\/wordpress\/segunda\/ca\/wp-json\/wp\/v2\/media?parent=254670"}],"wp:term":[{"taxonomy":"category","embeddable":true,"href":"https:\/\/www.tucomarca.com\/wordpress\/segunda\/ca\/wp-json\/wp\/v2\/categories?post=254670"},{"taxonomy":"post_tag","embeddable":true,"href":"https:\/\/www.tucomarca.com\/wordpress\/segunda\/ca\/wp-json\/wp\/v2\/tags?post=254670"}],"curies":[{"name":"wp","href":"https:\/\/api.w.org\/{rel}","templated":true}]}}