{"id":254699,"date":"2025-02-19T11:30:00","date_gmt":"2025-02-19T10:30:00","guid":{"rendered":"https:\/\/www.tucomarca.com\/wordpress\/segunda\/?p=254699"},"modified":"2025-02-19T18:49:00","modified_gmt":"2025-02-19T17:49:00","slug":"justicia-obri-dos-oficines-prop-a-algemesi-i-benetusser-per-a-facilitar-als-ciutadans-la-sollicitud-dajudes-de-la-dana-i-la-targeta-de-transport","status":"publish","type":"post","link":"https:\/\/www.tucomarca.com\/wordpress\/segunda\/ca\/justicia-obri-dos-oficines-prop-a-algemesi-i-benetusser-per-a-facilitar-als-ciutadans-la-sollicitud-dajudes-de-la-dana-i-la-targeta-de-transport\/","title":{"rendered":"Just\u00edcia obri dos oficines PROP a Algemes\u00ed i Benet\u00fasser per a facilitar als ciutadans la sol\u00b7licitud d\u2019ajudes de la DANA i la targeta de transport"},"content":{"rendered":"\n<h3 class=\"wp-block-heading\">Tenen un horari d\u2019atenci\u00f3 de 9,00 a 14,30 hores.<\/h3>\n\n\n\n<h3 class=\"wp-block-heading\">Tamb\u00e9 oferixen servicis addicionals com l\u2019emissi\u00f3 de certificats de firma electr\u00f2nica de la Generalitat i el registre de la Cl@ve de l\u2019Estat.<\/h3>\n\n\n\n<p>La Conselleria de Just\u00edcia i Administraci\u00f3 P\u00fablica ha posat en servici dos noves oficines administratives PROP a Benet\u00fasser i Algemes\u00ed, amb l\u2019objectiu de facilitar als ciutadans la presentaci\u00f3 de sol\u00b7licituds per a les ajudes convocades a conseq\u00fc\u00e8ncia de la riuada del 29 d\u2019octubre.<\/p>\n\n\n\n<p>En este sentit, els funcionaris s\u2019encarregaran principalment d\u2019omplir les sol\u00b7licituds de les persones que acudixen presencialment a l\u2019oficina.<\/p>\n\n\n\n<p>L\u2019obertura d\u2019estes oficines administratives s\u2019emmarca en les mesures adoptades en el Pla Recuperem, i se sumen a les situades a Massanassa i Paiporta, que es troben en funcionament amb la mateixa finalitat.<\/p>\n\n\n\n<p>L\u2019oficina de Benet\u00fasser est\u00e0 situada en l\u2019edifici Nou Espai, avinguda Cam\u00ed Nou, 36 i la d\u2019Algemes\u00ed en el carrer Muntanya, 24, Antic Casino. L\u2019horari d\u2019atenci\u00f3 al p\u00fablic \u00e9s de 9.00 a 14:30 hores.<\/p>\n\n\n\n<p><strong>Tr\u00e0mits que es poden dur a terme<\/strong><\/p>\n\n\n\n<p>En estes oficines Prop es facilita la tramitaci\u00f3 de les ajudes a les persones f\u00edsiques que hagen patit la p\u00e8rdua de b\u00e9ns i estris de primera necessitat a conseq\u00fc\u00e8ncia dels danys ocasionats en la seua vivenda, l\u2019import de la qual \u00e9s de 6.000 euros per vivenda afectada.<\/p>\n\n\n\n<p>De la mateixa manera, tamb\u00e9 es tramiten les ajudes urgents per a les persones que hagen patit la destrucci\u00f3 de determinats vehicles de motor i ciclomotors de la seua propietat, que van des dels 250 euros a ciclomotors, 750 euros a motocicletes, 2.000 euros a turismes, furgonetes i vehicles similars i 2.500 euros a turismes, furgonetes i vehicles similars adaptats per a persones amb mobilitat redu\u00efda.<\/p>\n\n\n\n<p>I tamb\u00e9 es tramitar\u00e0 la targeta de transport gratu\u00eft de la Generalitat, i aix\u00ed s\u2019arreplega una de les peticions dels alcaldes de les zones afectades.<\/p>\n\n\n\n<p>A m\u00e9s, les noves oficines de Benet\u00fasser i Algemes\u00ed oferixen servicis addicionals com l\u2019emissi\u00f3 de certificats de firma electr\u00f2nica de la Generalitat i tamb\u00e9 fa el registre de la Cl@ve de l\u2019Estat. D\u2019esta manera, es pret\u00e9n facilitar als ciutadans que puguen realitzar qualsevol tipus de tr\u00e0mits per via telem\u00e0tica de forma m\u00e9s c\u00f2moda, sense necessitat d\u2019anar a cap oficina de manera presencial.<\/p>\n","protected":false},"excerpt":{"rendered":"<div class=\"mh-excerpt\">Tenen un horari d\u2019atenci\u00f3 de 9,00 a 14,30 hores. Tamb\u00e9 oferixen servicis addicionals com l\u2019emissi\u00f3 de certificats de firma electr\u00f2nica de la Generalitat i el registre de la Cl@ve de l\u2019Estat. La Conselleria de Just\u00edcia <a class=\"mh-excerpt-more\" href=\"https:\/\/www.tucomarca.com\/wordpress\/segunda\/ca\/justicia-obri-dos-oficines-prop-a-algemesi-i-benetusser-per-a-facilitar-als-ciutadans-la-sollicitud-dajudes-de-la-dana-i-la-targeta-de-transport\/\" title=\"Just\u00edcia obri dos oficines PROP a Algemes\u00ed i Benet\u00fasser per a facilitar als ciutadans la sol\u00b7licitud d\u2019ajudes de la DANA i la targeta de transport\">[+] <\/a><\/div>\n","protected":false},"author":13,"featured_media":254702,"comment_status":"open","ping_status":"open","sticky":false,"template":"","format":"standard","meta":{"footnotes":""},"categories":[10983,21466,10898,10948,10894,10904,10902,10903,10947,10896,10897],"tags":[11081,11940,15409,11199,11077],"class_list":{"0":"post-254699","1":"post","2":"type-post","3":"status-publish","4":"format-standard","5":"has-post-thumbnail","7":"category-algemesi-ca","8":"category-dana-ca","9":"category-ventana-ca","10":"category-infraestructuras-ca","11":"category-la-comarca-ca","12":"category-sin-categorizar-ca","13":"category-la-ribera-ca","14":"category-medio-ambiente-la-comarca-ca","15":"category-politica","16":"category-seccion-ca","17":"category-sucesos-la-comarca-ca","18":"tag-algemesi-ca","19":"tag-covid-19-ca","20":"tag-dana-2-ca","21":"tag-la-comunitat-ca","22":"tag-la-ribera-alta-ca"},"_links":{"self":[{"href":"https:\/\/www.tucomarca.com\/wordpress\/segunda\/ca\/wp-json\/wp\/v2\/posts\/254699","targetHints":{"allow":["GET"]}}],"collection":[{"href":"https:\/\/www.tucomarca.com\/wordpress\/segunda\/ca\/wp-json\/wp\/v2\/posts"}],"about":[{"href":"https:\/\/www.tucomarca.com\/wordpress\/segunda\/ca\/wp-json\/wp\/v2\/types\/post"}],"author":[{"embeddable":true,"href":"https:\/\/www.tucomarca.com\/wordpress\/segunda\/ca\/wp-json\/wp\/v2\/users\/13"}],"replies":[{"embeddable":true,"href":"https:\/\/www.tucomarca.com\/wordpress\/segunda\/ca\/wp-json\/wp\/v2\/comments?post=254699"}],"version-history":[{"count":0,"href":"https:\/\/www.tucomarca.com\/wordpress\/segunda\/ca\/wp-json\/wp\/v2\/posts\/254699\/revisions"}],"wp:featuredmedia":[{"embeddable":true,"href":"https:\/\/www.tucomarca.com\/wordpress\/segunda\/ca\/wp-json\/wp\/v2\/media\/254702"}],"wp:attachment":[{"href":"https:\/\/www.tucomarca.com\/wordpress\/segunda\/ca\/wp-json\/wp\/v2\/media?parent=254699"}],"wp:term":[{"taxonomy":"category","embeddable":true,"href":"https:\/\/www.tucomarca.com\/wordpress\/segunda\/ca\/wp-json\/wp\/v2\/categories?post=254699"},{"taxonomy":"post_tag","embeddable":true,"href":"https:\/\/www.tucomarca.com\/wordpress\/segunda\/ca\/wp-json\/wp\/v2\/tags?post=254699"}],"curies":[{"name":"wp","href":"https:\/\/api.w.org\/{rel}","templated":true}]}}