{"id":254787,"date":"2025-02-19T14:00:00","date_gmt":"2025-02-19T13:00:00","guid":{"rendered":"https:\/\/www.tucomarca.com\/wordpress\/segunda\/?p=254787"},"modified":"2025-02-19T19:43:44","modified_gmt":"2025-02-19T18:43:44","slug":"la-mancomunitat-collabora-amb-linstitut-de-biomecanica-de-la-politecnica-en-un-nou-estudi-per-a-la-millora-de-la-qualitat-de-vida-de-persones-majors","status":"publish","type":"post","link":"https:\/\/www.tucomarca.com\/wordpress\/segunda\/ca\/la-mancomunitat-collabora-amb-linstitut-de-biomecanica-de-la-politecnica-en-un-nou-estudi-per-a-la-millora-de-la-qualitat-de-vida-de-persones-majors\/","title":{"rendered":"La Mancomunitat de la Foia col\u00b7labora amb l&#8217;Institut de Biomec\u00e0nica de la Polit\u00e8cnica en un nou estudi per a la millora de la qualitat de vida de persones majors"},"content":{"rendered":"\n<p>L&#8217;\u00e0rea de Serveis Socials de la Mancomunitat treballa en col\u00b7laboraci\u00f3 amb l&#8217;Institut de biomec\u00e0nica de la Universitat Polit\u00e8cnica de Val\u00e8ncia en el marc del projecte; \u201cMayo0es. Generaci\u00f3 de criteris de disseny i assignaci\u00f3 de productes i serveis per a un envelliment actiu i saludable de la poblaci\u00f3 major de la Comunitat Valenciana.&#8221;.&nbsp;<\/p>\n\n\n\n<p>Aquest projecte respon a la necessitat d&#8217;adequar productes a les caracter\u00edstiques de les persones majors, maximitzant la seua funcionalitat i acceptaci\u00f3. Utilitzant noves tecnologies, es busca millorar la usabilitat i ergonomia de productes i serveis, optimitzant recursos i reduint costos en el desenvolupament.&nbsp;<\/p>\n\n\n\n<p>Per a aix\u00f2, la Mancomunitat ha reunit un grup de 7 persones majors&nbsp; en les depend\u00e8ncies de l&#8217;entitat per a participar amb la seua experi\u00e8ncia en les proves de viabilitat d&#8217;un joc adaptat al seu perfil, en una sessi\u00f3 de dues hores de duraci\u00f3, analitzant el producte i la metodologia desenvolupada. I<\/p>\n\n\n\n<p>Amb aquesta din\u00e0mica es pret\u00e9n donar resposta a una necessitat important d&#8217;adequar els productes i serveis a les caracter\u00edstiques antropom\u00e8triques, fisiol\u00f2giques i biomec\u00e0niques de les persones de major edat per a maximitzar la seua funcionalitat i assegurar la seua acceptaci\u00f3.&nbsp;<\/p>\n\n\n\n<p>L&#8217;\u00fas de noves tecnologies en l&#8217;atenci\u00f3 i cura de persones majors ofereixen noves alternatives que milloren la seua autonomia personal i qualitat de vida.&nbsp;<\/p>\n\n\n\n<p>Per a la Mancomunitat Foia de Bunyol Xiva, la participaci\u00f3 en aquest estudi, permet accedir a informaci\u00f3 clau a l&#8217;hora d&#8217;avaluar i programar les pol\u00edtiques socials d&#8217;aquesta entitat, emparats sempre des de la garantia que ofereix la metodologia de la Universitat.<\/p>\n\n\n\n<p>Cal assenyalar que durant l&#8217;any passat, l&#8217;Institut de Biomec\u00e0nica d&#8217;aquesta Universitat, ja va sol\u00b7licitar la col\u00b7laboraci\u00f3 de la Mancomunitat per al desenvolupament de projectes distints relacionats amb la millora de la qualitat de vida de les persones.<\/p>\n","protected":false},"excerpt":{"rendered":"<div class=\"mh-excerpt\">L&#8217;\u00e0rea de Serveis Socials de la Mancomunitat treballa en col\u00b7laboraci\u00f3 amb l&#8217;Institut de biomec\u00e0nica de la Universitat Polit\u00e8cnica de Val\u00e8ncia en el marc del projecte; \u201cMayo0es. Generaci\u00f3 de criteris de disseny i assignaci\u00f3 de productes <a class=\"mh-excerpt-more\" href=\"https:\/\/www.tucomarca.com\/wordpress\/segunda\/ca\/la-mancomunitat-collabora-amb-linstitut-de-biomecanica-de-la-politecnica-en-un-nou-estudi-per-a-la-millora-de-la-qualitat-de-vida-de-persones-majors\/\" title=\"La Mancomunitat de la Foia col\u00b7labora amb l&#8217;Institut de Biomec\u00e0nica de la Polit\u00e8cnica en un nou estudi per a la millora de la qualitat de vida de persones majors\">[+] <\/a><\/div>\n","protected":false},"author":13,"featured_media":254785,"comment_status":"open","ping_status":"open","sticky":false,"template":"","format":"standard","meta":{"footnotes":""},"categories":[10948,10894,10912,10947,10896],"tags":[12903,10914,11514,15856],"class_list":{"0":"post-254787","1":"post","2":"type-post","3":"status-publish","4":"format-standard","5":"has-post-thumbnail","7":"category-infraestructuras-ca","8":"category-la-comarca-ca","9":"category-la-hoya-ca","10":"category-politica","11":"category-seccion-ca","12":"tag-infraestructuras-ca","13":"tag-la-hoya-de-bunol-chiva-ca","14":"tag-mancomunidad-de-la-hoya-de-bunol-chiva-ca","15":"tag-ocio-y-cultura-ca"},"_links":{"self":[{"href":"https:\/\/www.tucomarca.com\/wordpress\/segunda\/ca\/wp-json\/wp\/v2\/posts\/254787","targetHints":{"allow":["GET"]}}],"collection":[{"href":"https:\/\/www.tucomarca.com\/wordpress\/segunda\/ca\/wp-json\/wp\/v2\/posts"}],"about":[{"href":"https:\/\/www.tucomarca.com\/wordpress\/segunda\/ca\/wp-json\/wp\/v2\/types\/post"}],"author":[{"embeddable":true,"href":"https:\/\/www.tucomarca.com\/wordpress\/segunda\/ca\/wp-json\/wp\/v2\/users\/13"}],"replies":[{"embeddable":true,"href":"https:\/\/www.tucomarca.com\/wordpress\/segunda\/ca\/wp-json\/wp\/v2\/comments?post=254787"}],"version-history":[{"count":0,"href":"https:\/\/www.tucomarca.com\/wordpress\/segunda\/ca\/wp-json\/wp\/v2\/posts\/254787\/revisions"}],"wp:featuredmedia":[{"embeddable":true,"href":"https:\/\/www.tucomarca.com\/wordpress\/segunda\/ca\/wp-json\/wp\/v2\/media\/254785"}],"wp:attachment":[{"href":"https:\/\/www.tucomarca.com\/wordpress\/segunda\/ca\/wp-json\/wp\/v2\/media?parent=254787"}],"wp:term":[{"taxonomy":"category","embeddable":true,"href":"https:\/\/www.tucomarca.com\/wordpress\/segunda\/ca\/wp-json\/wp\/v2\/categories?post=254787"},{"taxonomy":"post_tag","embeddable":true,"href":"https:\/\/www.tucomarca.com\/wordpress\/segunda\/ca\/wp-json\/wp\/v2\/tags?post=254787"}],"curies":[{"name":"wp","href":"https:\/\/api.w.org\/{rel}","templated":true}]}}