{"id":254867,"date":"2025-02-20T10:40:00","date_gmt":"2025-02-20T09:40:00","guid":{"rendered":"https:\/\/www.tucomarca.com\/wordpress\/segunda\/?p=254867"},"modified":"2025-02-20T11:11:25","modified_gmt":"2025-02-20T10:11:25","slug":"el-institut-valencia-de-cultura-posa-en-marxa-la-campanya-reconnectem-amb-la-cultura","status":"publish","type":"post","link":"https:\/\/www.tucomarca.com\/wordpress\/segunda\/ca\/el-institut-valencia-de-cultura-posa-en-marxa-la-campanya-reconnectem-amb-la-cultura\/","title":{"rendered":"El Institut Valenci\u00e0 de Cultura posa en marxa la campanya \u2018Reconnectem amb la cultura\u2019"},"content":{"rendered":"\n<h3 class=\"wp-block-heading\">La campanya t\u00e9 com a objectiu animar a la reactivaci\u00f3 del consum cultural en totes les disciplines i tot el territori valenci\u00e0.<\/h3>\n\n\n\n<h3 class=\"wp-block-heading\">El disseny de la campanya ha sigut creat per Braindmedia Studio, una ag\u00e8ncia d&#8217;imatge valenciana amb seu a Catarroja.<\/h3>\n\n\n\n<p>El Institut Valenci\u00e0 de Cultura posa en marxa la campanya de publicitat i imatge \u2018Reconnectem amb la cultura\u2019, amb l&#8217;objectiu de reactivar el consum cultural en totes les disciplines.<\/p>\n\n\n\n<p>La campanya compta amb insercions publicit\u00e0ries, publicacions en xarxes socials i cartelleria desplegada en els diferents canals del Institut Valenci\u00e0 de Cultura per a posar en valor la cultura com l&#8217;element d&#8217;uni\u00f3 que aconsegueix reconnectar a la poblaci\u00f3, entre ells i amb els diferents espectacles.<\/p>\n\n\n\n<p>A partir d&#8217;una ret\u00edcula de punts que simbolitzen tant a les persones com a les localitats d&#8217;un teatre, es generen connexions que donen lloc a diferents icones de les disciplines culturals.&nbsp;<\/p>\n\n\n\n<p>D&#8217;aquesta manera, la campanya convida a l&#8217;espectador a reconnectar amb la cultura en totes les seues formes i a nodrir-se amb les diferents propostes que es programen en la Comunitat Valenciana, incloent-hi els espais propis del Institut Valenci\u00e0 de Cultura a Pen\u00edscola, Castell\u00f3 de la Plana, Val\u00e8ncia i Alacant i tots els municipis que formen part del Circuit Cultural Valenci\u00e0, a m\u00e9s de la resta d&#8217;oferta cultural p\u00fablica o privada.<\/p>\n\n\n\n<p>Aquesta campanya se suma a les diferents iniciatives de suport als sectors culturals afectats per la riuada i al sector de les arts esc\u00e8niques amb una major inversi\u00f3 en ajudes i en el Circuit Cultural Valenci\u00e0.&nbsp;<\/p>\n\n\n\n<p>Cultura preveu incrementar la inversi\u00f3 en les arts esc\u00e8niques en aproximadament 1,5 milions d&#8217;euros i la convocat\u00f2ria del Circuit Cultural Valenci\u00e0 de 2025 comptar\u00e0 amb un augment entorn dels 500.000 euros, la qual cosa suposa un increment del 25% respecte a 2024.<\/p>\n\n\n\n<p>El disseny de la campanya \u2018Reconnectem amb la cultura\u2019 ha anat a c\u00e0rrec de l&#8217;ag\u00e8ncia de disseny i imatge valenciana Braindmedia Studio, amb seu a Catarroja, professionals que han vist afectades les seues instal\u00b7lacions i la seua activitat per les inundacions.<a><\/a><\/p>\n","protected":false},"excerpt":{"rendered":"<div class=\"mh-excerpt\">La campanya t\u00e9 com a objectiu animar a la reactivaci\u00f3 del consum cultural en totes les disciplines i tot el territori valenci\u00e0. El disseny de la campanya ha sigut creat per Braindmedia Studio, una ag\u00e8ncia <a class=\"mh-excerpt-more\" href=\"https:\/\/www.tucomarca.com\/wordpress\/segunda\/ca\/el-institut-valencia-de-cultura-posa-en-marxa-la-campanya-reconnectem-amb-la-cultura\/\" title=\"El Institut Valenci\u00e0 de Cultura posa en marxa la campanya \u2018Reconnectem amb la cultura\u2019\">[+] <\/a><\/div>\n","protected":false},"author":12,"featured_media":254864,"comment_status":"open","ping_status":"open","sticky":false,"template":"","format":"standard","meta":{"footnotes":""},"categories":[21466,10898,10894,10904,11007,10896],"tags":[11498,13274,17761,21926],"class_list":{"0":"post-254867","1":"post","2":"type-post","3":"status-publish","4":"format-standard","5":"has-post-thumbnail","7":"category-dana-ca","8":"category-ventana-ca","9":"category-la-comarca-ca","10":"category-sin-categorizar-ca","11":"category-ocio-y-cultura-ca","12":"category-seccion-ca","13":"tag-generalitat-valenciana-ca","14":"tag-institut-valencia-de-cultura-ca","15":"tag-ivc-ca","16":"tag-reconnectem-amb-la-cultura-ca"},"_links":{"self":[{"href":"https:\/\/www.tucomarca.com\/wordpress\/segunda\/ca\/wp-json\/wp\/v2\/posts\/254867","targetHints":{"allow":["GET"]}}],"collection":[{"href":"https:\/\/www.tucomarca.com\/wordpress\/segunda\/ca\/wp-json\/wp\/v2\/posts"}],"about":[{"href":"https:\/\/www.tucomarca.com\/wordpress\/segunda\/ca\/wp-json\/wp\/v2\/types\/post"}],"author":[{"embeddable":true,"href":"https:\/\/www.tucomarca.com\/wordpress\/segunda\/ca\/wp-json\/wp\/v2\/users\/12"}],"replies":[{"embeddable":true,"href":"https:\/\/www.tucomarca.com\/wordpress\/segunda\/ca\/wp-json\/wp\/v2\/comments?post=254867"}],"version-history":[{"count":0,"href":"https:\/\/www.tucomarca.com\/wordpress\/segunda\/ca\/wp-json\/wp\/v2\/posts\/254867\/revisions"}],"wp:featuredmedia":[{"embeddable":true,"href":"https:\/\/www.tucomarca.com\/wordpress\/segunda\/ca\/wp-json\/wp\/v2\/media\/254864"}],"wp:attachment":[{"href":"https:\/\/www.tucomarca.com\/wordpress\/segunda\/ca\/wp-json\/wp\/v2\/media?parent=254867"}],"wp:term":[{"taxonomy":"category","embeddable":true,"href":"https:\/\/www.tucomarca.com\/wordpress\/segunda\/ca\/wp-json\/wp\/v2\/categories?post=254867"},{"taxonomy":"post_tag","embeddable":true,"href":"https:\/\/www.tucomarca.com\/wordpress\/segunda\/ca\/wp-json\/wp\/v2\/tags?post=254867"}],"curies":[{"name":"wp","href":"https:\/\/api.w.org\/{rel}","templated":true}]}}