{"id":254924,"date":"2025-02-20T10:00:00","date_gmt":"2025-02-20T09:00:00","guid":{"rendered":"https:\/\/www.tucomarca.com\/wordpress\/segunda\/?p=254924"},"modified":"2025-02-20T21:20:26","modified_gmt":"2025-02-20T20:20:26","slug":"la-diputacio-i-el-gobierno-de-espana-firmen-el-conveni-per-a-crear-un-centre-dinnovacio-territorial-en-aras-de-los-olmos","status":"publish","type":"post","link":"https:\/\/www.tucomarca.com\/wordpress\/segunda\/ca\/la-diputacio-i-el-gobierno-de-espana-firmen-el-conveni-per-a-crear-un-centre-dinnovacio-territorial-en-aras-de-los-olmos\/","title":{"rendered":"La Diputaci\u00f3 i el Gobierno de Espa\u00f1a firmen el conveni per a crear un Centre d&#8217;Innovaci\u00f3 Territorial en Aras de los Olmos"},"content":{"rendered":"\n<h3 class=\"wp-block-heading\"><strong><strong>El president de la Diputaci\u00f3 de Val\u00e8ncia, Vicent Momp\u00f3, i el secretari general de Repte Demogr\u00e0fic, Paco Boya, formalitzen la creaci\u00f3 del primer centre d&#8217;este tipus a la prov\u00edncia<\/strong><\/strong>.<\/h3>\n\n\n\n<h3 class=\"wp-block-heading\"><strong><strong>El projecte, que comptar\u00e0 amb una subseu a Venta del Moro, es basa en la col\u00b7laboraci\u00f3 p\u00fablic-privada per a impulsar la innovaci\u00f3 en zones despoblades i atraure talent jove als seus municipis<\/strong><\/strong>.<\/h3>\n\n\n\n<p>El president de la Diputaci\u00f3 de Val\u00e8ncia, Vicent Momp\u00f3, i el secretari general per al Repte Demogr\u00e0fic del Ministerio de Transici\u00f3n Ecol\u00f3gica y Reto Demogr\u00e1fico, Paco Boya, han firmat este dijous el protocol per a la formalitzaci\u00f3 del primer Centre d&#8217;Innovaci\u00f3 Territorial (CIT) de la prov\u00edncia, la seu principal de la qual se situa en el municipi d&#8217;Aras de los Olmos, i que tamb\u00e9 comptar\u00e0 amb una subseu a Venta del Moro.<\/p>\n\n\n\n<p>Estos centres s\u00f3n espais de col\u00b7laboraci\u00f3 entre entitats p\u00fabliques i privades concebuts per a potenciar el talent i la innovaci\u00f3 i acompanyar i impulsar les iniciatives que ixen de zones en risc de despoblaci\u00f3. El seu objectiu \u00e9s lluitar contra el problema de la despoblaci\u00f3 a trav\u00e9s de la diversificaci\u00f3 en el desenvolupament econ\u00f2mic, la retenci\u00f3 i captaci\u00f3 de talent i la innovaci\u00f3 en \u00e0rees rurals.&nbsp;<\/p>\n\n\n\n<p>Una de les claus del seu \u00e8xit \u00e9s la connexi\u00f3 entre els onze Centres d&#8217;Innovaci\u00f3 Territorial d&#8217;Espa\u00f1a, que formen part de la RedCIT. Amb la coordinaci\u00f3 del node central situat en Cubillos del Sil (Le\u00f3n), facilita el desenvolupament d&#8217;iniciatives conjuntes i el disseny i execuci\u00f3 de projectes comuns d&#8217;emprenedoria en les zones en declivi demogr\u00e0fic.<\/p>\n\n\n\n<p>\u201cLa posada en marxa del primer centre d&#8217;innovaci\u00f3 territorial a la nostra prov\u00edncia \u00e9s una not\u00edcia extraordin\u00e0ria i un exemple de col\u00b7laboraci\u00f3 entre administracions. Quan ens unim al final aconseguim millorar la vida dels nostres pobles i dels nostres ve\u00efns. La lluita contra la despoblaci\u00f3 requerix la implicaci\u00f3 de tots els actors pol\u00edtics i esta iniciativa \u00e9s un bon exemple d&#8217;aix\u00f2\u201d, ha declarat Vicent Momp\u00f3.<\/p>\n\n\n\n<p>Per part seua, Paco Boya ha destacat que \u201cem fa especial il\u00b7lusi\u00f3 la firma d&#8217;este protocol, Val\u00e8ncia \u00e9s un territori molt important per a nosaltres, i en esta comunitat s&#8217;estan desenvolupant un gran nombre de projectes amb molt de potencial, que guanyaran impuls gr\u00e0cies als processos d&#8217;aprenentatge permanent que es generen entre territoris dins de la RedCIT. Tamb\u00e9 facilita la connexi\u00f3 entre el m\u00f3n rural i les grans empreses, i amb altres \u00e0mbits com el de la Universitat\u201d.<\/p>\n\n\n\n<p>El diputat de Desenvolupament Rural de la Diputaci\u00f3, Avelino Mascarell, ha subratllat que \u201cimpulsar el primer CIT a la prov\u00edncia, a m\u00e9s amb dos seus, \u00e9s reflex de l&#8217;aposta clara d&#8217;este govern per un m\u00f3n rural nou, fresc, obert a la tecnologia, la innovaci\u00f3 i que mira al futur. El repte de la despoblaci\u00f3, encara que amb les seues especificitats per zones, \u00e9s comuna, i estos nous centres connectats amb tota la xarxa espanyola ens serviran de canal i altaveu per a importar millors pr\u00e0ctiques i per a compartir aquelles en les quals som pioners\u201d<\/p>\n\n\n\n<p><strong>Seus en Aras de los Olmos i Venta del Moro<\/strong><\/p>\n\n\n\n<p>La creaci\u00f3 del Centre d&#8217;Integraci\u00f3 Territorial en el municipi d&#8217;Aras de los Olmos, suposa la integraci\u00f3 en la RedCIT del projecte RuralTEC, que es porta desenvolupant des de l&#8217;any 2023. Esta iniciativa ha establit un m\u00e8tode de col\u00b7laboraci\u00f3 entre els agents que operen a escala municipal, impulsant la cooperaci\u00f3 interterritorial en mat\u00e8ries com la transici\u00f3 digital, la formaci\u00f3 en compet\u00e8ncies digitals o l&#8217;impuls a la innovaci\u00f3, una l\u00ednia de treball que s&#8217;enfortir\u00e0, ja a escala nacional, amb la seua inclusi\u00f3 dins de la RedCIT.<\/p>\n\n\n\n<p>Entre les iniciatives impulsades destaquen les formacions dirigides a tres sectors clau \u2013j\u00f3vens, dones i persones majors\u2013 dissenyades per a fomentar l&#8217;alfabetitzaci\u00f3 digital i la digitalitzaci\u00f3 de les empreses. \u201cEstem conven\u00e7uts de la utilitat que tindr\u00e0 el CIT per al desenvolupament del nostre municipi i de la comarca. Suposar\u00e0 una acceleraci\u00f3 per a la transici\u00f3 digital que tant necessitem completar\u201d, ha manifestat l&#8217;alcalde d&#8217;Aras de los Olmos, Rafael Gim\u00e9nez.<\/p>\n\n\n\n<p>La firma d&#8217;este protocol impulsar\u00e0 a m\u00e9s una segona seu a Venta del Moro, que donar\u00e0 servici als nou municipis de la mancomunitat de l&#8217;Interior Tierra del Vino \u2013 Camporrobles, Caudete de las Fuentes, Chera, Fuenterrobles, Requena, Sinarcas, Utiel, Venta del Moro i Villargordo del Cabriel\u2013. A m\u00e9s d&#8217;assumir les funcions de cotreball capa\u00e7 de dinamitzar el teixit empresarial innovador de la comarca, esta nova seu t\u00e9 com a principals prioritats l&#8217;establiment d&#8217;un laboratori d&#8217;innovaci\u00f3 agr\u00e0ria i forestal i l&#8217;impuls a programes de formaci\u00f3 en compet\u00e8ncies digitals, de sostenibilitat tur\u00edstica i de millora de qualitat de vida de les persones majors, entre altres.<\/p>\n\n\n\n<p>\u201cEs tracta d&#8217;un projecte molt il\u00b7lusionant per al nostre municipi. \u00c9s una iniciativa que ens aportar\u00e0 solucions als problemes que patim de despoblaci\u00f3 i envelliment. Esta seu ens ajudar\u00e0 a prendre les mesures adequades per al desenvolupament de la zona\u201d, ha expressat l&#8217;alcalde de Venta del Moro, Luis Francisco L\u00f3pez Yeves.<\/p>\n\n\n\n<p><strong>Projectes de la Diputaci\u00f3<\/strong><\/p>\n\n\n\n<p>El diputat de Desenvolupament Rural, Avelino Mascarell, que ha visitat la localitat de Venta del Moro, on se situar\u00e0 una subseu del CIT, ha volgut ressaltar que \u201cla col\u00b7laboraci\u00f3 p\u00fablica, privada, i els actors de desenvolupament econ\u00f2mic i social en les zones d&#8217;interior hem de treballar juntes\u201d.<\/p>\n\n\n\n<p>Tamb\u00e9 ha repassat les diferents iniciatives pioneres que est\u00e0 duent a terme des de l&#8217;\u00e0rea de Desenvolupament Rural per a lluitar contra el problema de la despoblaci\u00f3. \u201cLa Diputaci\u00f3 t\u00e9 en este moment ja previstes diverses estrat\u00e8gies transversals en diverses \u00e0rees. Des de benestar social a carreteres passant per l&#8217;\u00e0rea d&#8217;innovaci\u00f3, amb l&#8217;extensi\u00f3 de les connexions de fibra.&nbsp;<\/p>\n\n\n\n<p>L&#8217;\u00e0rea de Desenvolupament Rural est\u00e0 impulsant per primera vegada en la Diputaci\u00f3 la \u201coficina d&#8217;agricultura i producte\u201d i la \u201coficina provincial d&#8217;atracci\u00f3 d&#8217;inversions\u201d. Tamb\u00e9 el nou model de transport a demanda o el finan\u00e7ament de projectes dinamitzadors que s&#8217;avaluaran i impulsaran en concurr\u00e8ncia competitiva. Altres projectes que s&#8217;estan duent a terme s\u00f3n els relacionats amb el transport escolar i el finan\u00e7ament d&#8217;extraescolars, de menjadors escolars del m\u00f3n rural i de projectes d&#8217;associacions locals i organitzacions per a la prestaci\u00f3 de servicis en l&#8217;\u00e0mbit rural.<\/p>\n\n\n\n<figure class=\"wp-block-image size-large\"><img loading=\"lazy\" decoding=\"async\" width=\"1024\" height=\"665\" src=\"http:\/\/www.tucomarca.com\/wordpress\/segunda\/wp-content\/uploads\/2025\/02\/ArasDeLosOlmosFirmaConvenio1-1024x665.jpg\" alt=\"\" class=\"wp-image-254919\" srcset=\"https:\/\/www.tucomarca.com\/wordpress\/segunda\/wp-content\/uploads\/2025\/02\/ArasDeLosOlmosFirmaConvenio1-1024x665.jpg 1024w, https:\/\/www.tucomarca.com\/wordpress\/segunda\/wp-content\/uploads\/2025\/02\/ArasDeLosOlmosFirmaConvenio1-300x195.jpg 300w, https:\/\/www.tucomarca.com\/wordpress\/segunda\/wp-content\/uploads\/2025\/02\/ArasDeLosOlmosFirmaConvenio1-768x499.jpg 768w, https:\/\/www.tucomarca.com\/wordpress\/segunda\/wp-content\/uploads\/2025\/02\/ArasDeLosOlmosFirmaConvenio1-1536x998.jpg 1536w, https:\/\/www.tucomarca.com\/wordpress\/segunda\/wp-content\/uploads\/2025\/02\/ArasDeLosOlmosFirmaConvenio1-2048x1331.jpg 2048w\" sizes=\"auto, (max-width: 1024px) 100vw, 1024px\" \/><\/figure>\n","protected":false},"excerpt":{"rendered":"<div class=\"mh-excerpt\">El president de la Diputaci\u00f3 de Val\u00e8ncia, Vicent Momp\u00f3, i el secretari general de Repte Demogr\u00e0fic, Paco Boya, formalitzen la creaci\u00f3 del primer centre d&#8217;este tipus a la prov\u00edncia. El projecte, que comptar\u00e0 amb una <a class=\"mh-excerpt-more\" href=\"https:\/\/www.tucomarca.com\/wordpress\/segunda\/ca\/la-diputacio-i-el-gobierno-de-espana-firmen-el-conveni-per-a-crear-un-centre-dinnovacio-territorial-en-aras-de-los-olmos\/\" title=\"La Diputaci\u00f3 i el Gobierno de Espa\u00f1a firmen el conveni per a crear un Centre d&#8217;Innovaci\u00f3 Territorial en Aras de los Olmos\">[+] <\/a><\/div>\n","protected":false},"author":13,"featured_media":254922,"comment_status":"open","ping_status":"open","sticky":false,"template":"","format":"standard","meta":{"footnotes":""},"categories":[11042,11046,10948,10894,10904,10903,10947,10909,10896,11060],"tags":[11201,11199,11080,10910,11709],"class_list":{"0":"post-254924","1":"post","2":"type-post","3":"status-publish","4":"format-standard","5":"has-post-thumbnail","7":"category-aras-de-olmos-ca","8":"category-los-serranos-ca","9":"category-infraestructuras-ca","10":"category-la-comarca-ca","11":"category-sin-categorizar-ca","12":"category-medio-ambiente-la-comarca-ca","13":"category-politica","14":"category-requena-utiel-ca","15":"category-seccion-ca","16":"category-venta-del-moro-ca","17":"tag-aras-de-olmos-ca","18":"tag-la-comunitat-ca","19":"tag-los-serranos-ca","20":"tag-requena-utiel-ca","21":"tag-venta-del-moro-ca"},"_links":{"self":[{"href":"https:\/\/www.tucomarca.com\/wordpress\/segunda\/ca\/wp-json\/wp\/v2\/posts\/254924","targetHints":{"allow":["GET"]}}],"collection":[{"href":"https:\/\/www.tucomarca.com\/wordpress\/segunda\/ca\/wp-json\/wp\/v2\/posts"}],"about":[{"href":"https:\/\/www.tucomarca.com\/wordpress\/segunda\/ca\/wp-json\/wp\/v2\/types\/post"}],"author":[{"embeddable":true,"href":"https:\/\/www.tucomarca.com\/wordpress\/segunda\/ca\/wp-json\/wp\/v2\/users\/13"}],"replies":[{"embeddable":true,"href":"https:\/\/www.tucomarca.com\/wordpress\/segunda\/ca\/wp-json\/wp\/v2\/comments?post=254924"}],"version-history":[{"count":0,"href":"https:\/\/www.tucomarca.com\/wordpress\/segunda\/ca\/wp-json\/wp\/v2\/posts\/254924\/revisions"}],"wp:featuredmedia":[{"embeddable":true,"href":"https:\/\/www.tucomarca.com\/wordpress\/segunda\/ca\/wp-json\/wp\/v2\/media\/254922"}],"wp:attachment":[{"href":"https:\/\/www.tucomarca.com\/wordpress\/segunda\/ca\/wp-json\/wp\/v2\/media?parent=254924"}],"wp:term":[{"taxonomy":"category","embeddable":true,"href":"https:\/\/www.tucomarca.com\/wordpress\/segunda\/ca\/wp-json\/wp\/v2\/categories?post=254924"},{"taxonomy":"post_tag","embeddable":true,"href":"https:\/\/www.tucomarca.com\/wordpress\/segunda\/ca\/wp-json\/wp\/v2\/tags?post=254924"}],"curies":[{"name":"wp","href":"https:\/\/api.w.org\/{rel}","templated":true}]}}