{"id":255061,"date":"2025-02-21T10:35:00","date_gmt":"2025-02-21T09:35:00","guid":{"rendered":"https:\/\/www.tucomarca.com\/wordpress\/segunda\/?p=255061"},"modified":"2025-02-21T20:43:16","modified_gmt":"2025-02-21T19:43:16","slug":"bunyol-construira-un-nou-parc-i-ampliara-la-zona-recreativa-del-planell-amb-ajuda-de-la-diputacio","status":"publish","type":"post","link":"https:\/\/www.tucomarca.com\/wordpress\/segunda\/ca\/bunyol-construira-un-nou-parc-i-ampliara-la-zona-recreativa-del-planell-amb-ajuda-de-la-diputacio\/","title":{"rendered":"Bunyol construir\u00e0 un nou parc i ampliar\u00e0 la zona recreativa del Planell amb ajuda de la Diputaci\u00f3"},"content":{"rendered":"\n<h3 class=\"wp-block-heading\">L&#8217;alcaldessa, Virginia Sanz, avan\u00e7a els projectes que posar\u00e0 en marxa esta legislatura amb els dos milions d&#8217;euros que t\u00e9 assignats en el Pla Obert d\u2019Inversions, 567.000 euros m\u00e9s que en el per\u00edode 2019-2023.<\/h3>\n\n\n\n<h3 class=\"wp-block-heading\">La vicepresidenta, Nat\u00e0lia Enguix, destaca les actuacions de Bunyol en zones verdes i instal\u00b7lacions esportives, aix\u00ed com en la renovaci\u00f3 del cicle de l&#8217;aigua: \u201cdemostren la seua responsabilitat invertint els fons provincials en la millora de la qualitat de vida dels seus ve\u00efns i ve\u00efnes\u201d.<\/h3>\n\n\n\n<p>Bunyol destinar\u00e0 part del Pla Obert de la Diputaci\u00f3 de Val\u00e8ncia a construir un nou parc al costat del poliesportiu del Planell i ampliar la zona recreativa que \u00e9s un dels racons a l&#8217;aire lliure m\u00e9s visitat del municipi de la Foia. Aix\u00ed ho ha avan\u00e7at l&#8217;alcaldessa, Virginia Sanz, que ha repassat alguns dels projectes que posar\u00e0 en marxa en els pr\u00f2xims mesos amb els 2.057.000 euros que li corresponen del principal programa inversor de la Diputaci\u00f3, un pla quadriennal amb 350 milions d&#8217;euros per als municipis i mancomunitats de la prov\u00edncia.<\/p>\n\n\n\n<p>La vicepresidenta primera de la corporaci\u00f3 provincial, Nat\u00e0lia Enguix, ha visitat en dos ocasions Bunyol per a con\u00e9ixer de prop les actuacions que ha executat el consistori, destacant \u201cla responsabilitat que estan demostrant en destinar els fons del Pla Obert a la millora de zones verdes, instal\u00b7lacions esportives i el cicle de l&#8217;aigua, que s\u00f3n precisament tres dels \u00e0mbits que incentivem des de la Diputaci\u00f3 per la seua import\u00e0ncia per al desenvolupament sostenible i la millora de la qualitat de vida als nostres pobles\u201d.<\/p>\n\n\n\n<p>L&#8217;alcaldessa, per part seua, valora molt positivament \u201cels canvis en el pla d&#8217;inversions que ens permet als ajuntaments plantejar-lo com un projecte de legislatura, optant per obres grans o per diferents actuacions que pots anar presentant en qualsevol moment, segons les necessitats\u201d. En el cas de Bu\u00f1ol, que t\u00e9 assignats 567.000 euros m\u00e9s que en els plans d&#8217;inversions de la passada legislatura, \u201ctenim obres m\u00e9s grans i altres actuacions m\u00e9s senzilles per\u00f2 que serviran igualment per a millorar les nostres infraestructures i servicis\u201d, apunta Virginia Sanz.<\/p>\n\n\n\n<p><strong>Macro zona recreativa<\/strong><\/p>\n\n\n\n<p>Les zones verdes i els espais esportius s\u00f3n els principals \u00e0mbits d&#8217;inversi\u00f3 amb els fons provincials. El primer projecte aprovat en el marc del Pla Obert 2024-2027, ja executat amb un cost pr\u00f2xim als 300.000 euros, va ser la renovaci\u00f3 de la gespa, la il\u00b7luminaci\u00f3 i dos dels quatre vestuaris del camp de futbol Beltr\u00e1n B\u00e1guena, un dels recintes m\u00edtics de la divisi\u00f3 Preferent valenciana. Al desembre de 2024, l&#8217;\u00e0rea de Cooperaci\u00f3 que coordina Nat\u00e0lia Enguix va donar llum verda a la segona sol\u00b7licitud de Bunyol: la reforma del jard\u00ed de la Llar del Jubilat, amb un pressupost de 45.000 euros.<\/p>\n\n\n\n<p>Virginia Sanz explica que, a m\u00e9s del nou parc en El Planell, \u201chi haur\u00e0 un altre gran projecte que ser\u00e0 l&#8217;adequaci\u00f3 del carrer G\u00f3mez Ferrer per a renovar la xarxa de pluvials, amb un pressupost aproximat de mig mili\u00f3 d&#8217;euros, i altres actuacions que estem preparant com les noves pistes multiesport. La resta d&#8217;iniciatives les anirem decidint segons les necessitats de cada moment, amb el comprom\u00eds clar d&#8217;invertir els dos milions que tenim assignats en el pla\u201d.<\/p>\n\n\n\n<p>En la mateixa l\u00ednia, el president de la Diputaci\u00f3, Vicent Momp\u00f3, qui va acompanyar al desembre a l&#8217;alcaldessa i la vicepresidenta Enguix en la presentaci\u00f3 de l&#8217;escola de futbol de Bu\u00f1ol i les noves instal\u00b7lacions del Beltr\u00e1n B\u00e1guena, insistix que un dels reptes de l&#8217;equip de govern provincial \u00e9s \u201cajudar als ajuntaments i estar molt pr\u00f2xims a ells perqu\u00e8 puguen executar els projectes que ens presenten\u201d. \u201cVolem que es quede en els municipis fins a l&#8217;\u00faltim c\u00e8ntim del Pla Obert i de qualsevol altra l\u00ednia d&#8217;inversi\u00f3 en forma de millores per als seus habitants\u201d, afig Momp\u00f3.<\/p>\n\n\n\n<p><strong>C\u00e0meres de videovigil\u00e0ncia<\/strong><\/p>\n\n\n\n<p>Quant als plans d&#8217;inversions dels per\u00edodes 2020-21 i 2022-23, Bunyol ha executat diferents actuacions i modificat algun dels projectes, cas de les c\u00e0meres de videovigil\u00e0ncia que finalment s&#8217;instal\u00b7laran a l&#8217;Ajuntament i la Pla\u00e7a de Las Ventas, amb un pressupost de 41.000 euros. A m\u00e9s, es va rehabilitar la piscina; es va dotar d&#8217;aerot\u00e8rmia l&#8217;edifici Raquel Lavilla i Pedro Jim\u00e9nez; es van habilitar sales d&#8217;estudi en el local Valle de Andorra; i es van dur a terme millores el\u00e8ctriques en el camp de futbol, pr\u00e8vies a la recent substituci\u00f3 de la gespa.<\/p>\n\n\n\n<p>Amb tot, el projecte m\u00e9s ambici\u00f3s amb els fons de la passada legislatura va acabar sent l&#8217;obra d&#8217;emerg\u00e8ncia al carrer Morat\u00edn, per a reparar els danys estructurals causats en el barri antic a conseq\u00fc\u00e8ncia d&#8217;un episodi de fortes pluges. Els treballs van consistir en la construcci\u00f3 d&#8217;un mur de sosteniment i la reconstrucci\u00f3 de la part afectada de la cal\u00e7ada, una complexa actuaci\u00f3 d&#8217;enginyeria civil en el barri del Castell en la qual es va acabar invertint 1,2 milions d&#8217;euros.<\/p>\n","protected":false},"excerpt":{"rendered":"<div class=\"mh-excerpt\">L&#8217;alcaldessa, Virginia Sanz, avan\u00e7a els projectes que posar\u00e0 en marxa esta legislatura amb els dos milions d&#8217;euros que t\u00e9 assignats en el Pla Obert d\u2019Inversions, 567.000 euros m\u00e9s que en el per\u00edode 2019-2023. La vicepresidenta, <a class=\"mh-excerpt-more\" href=\"https:\/\/www.tucomarca.com\/wordpress\/segunda\/ca\/bunyol-construira-un-nou-parc-i-ampliara-la-zona-recreativa-del-planell-amb-ajuda-de-la-diputacio\/\" title=\"Bunyol construir\u00e0 un nou parc i ampliar\u00e0 la zona recreativa del Planell amb ajuda de la Diputaci\u00f3\">[+] <\/a><\/div>\n","protected":false},"author":12,"featured_media":213437,"comment_status":"open","ping_status":"open","sticky":false,"template":"","format":"standard","meta":{"footnotes":""},"categories":[10911,20520,10898,10948,10894,20456,10912,10947,10896],"tags":[10913,11246,12157,10914,20404,19988],"class_list":{"0":"post-255061","1":"post","2":"type-post","3":"status-publish","4":"format-standard","5":"has-post-thumbnail","7":"category-bunol-ca","8":"category-cooperacio-municipal","9":"category-ventana-ca","10":"category-infraestructuras-ca","11":"category-la-comarca-ca","12":"category-la-diputacio-de-valencia-informa-ca","13":"category-la-hoya-ca","14":"category-politica","15":"category-seccion-ca","16":"tag-bunol-ca","17":"tag-diputacio-de-valencia-ca","18":"tag-el-planell-ca","19":"tag-la-hoya-de-bunol-chiva-ca","20":"tag-natalia-enguix-2-ca","21":"tag-pla-obert-dinversions-ca"},"_links":{"self":[{"href":"https:\/\/www.tucomarca.com\/wordpress\/segunda\/ca\/wp-json\/wp\/v2\/posts\/255061","targetHints":{"allow":["GET"]}}],"collection":[{"href":"https:\/\/www.tucomarca.com\/wordpress\/segunda\/ca\/wp-json\/wp\/v2\/posts"}],"about":[{"href":"https:\/\/www.tucomarca.com\/wordpress\/segunda\/ca\/wp-json\/wp\/v2\/types\/post"}],"author":[{"embeddable":true,"href":"https:\/\/www.tucomarca.com\/wordpress\/segunda\/ca\/wp-json\/wp\/v2\/users\/12"}],"replies":[{"embeddable":true,"href":"https:\/\/www.tucomarca.com\/wordpress\/segunda\/ca\/wp-json\/wp\/v2\/comments?post=255061"}],"version-history":[{"count":0,"href":"https:\/\/www.tucomarca.com\/wordpress\/segunda\/ca\/wp-json\/wp\/v2\/posts\/255061\/revisions"}],"wp:featuredmedia":[{"embeddable":true,"href":"https:\/\/www.tucomarca.com\/wordpress\/segunda\/ca\/wp-json\/wp\/v2\/media\/213437"}],"wp:attachment":[{"href":"https:\/\/www.tucomarca.com\/wordpress\/segunda\/ca\/wp-json\/wp\/v2\/media?parent=255061"}],"wp:term":[{"taxonomy":"category","embeddable":true,"href":"https:\/\/www.tucomarca.com\/wordpress\/segunda\/ca\/wp-json\/wp\/v2\/categories?post=255061"},{"taxonomy":"post_tag","embeddable":true,"href":"https:\/\/www.tucomarca.com\/wordpress\/segunda\/ca\/wp-json\/wp\/v2\/tags?post=255061"}],"curies":[{"name":"wp","href":"https:\/\/api.w.org\/{rel}","templated":true}]}}